{"id":56703,"date":"2021-12-17T13:23:55","date_gmt":"2021-12-17T09:23:55","guid":{"rendered":"https:\/\/fedai.az\/?p=56703"},"modified":"2021-12-17T13:23:58","modified_gmt":"2021-12-17T09:23:58","slug":"az%c9%99rbaycan-sulh%c9%99-v%c9%99-sabitliy%c9%99-sadiq-olmaqla-yanasi-etibarli-t%c9%99r%c9%99fdasliq-sah%c9%99sind%c9%99-d%c9%99-numun%c9%99vi-bir-olk%c9%99dir","status":"publish","type":"post","link":"https:\/\/fedai.az\/?p=56703","title":{"rendered":"Az\u0259rbaycan s\u00fclh\u0259 v\u0259 sabitliy\u0259 sadiq olmaqla yana\u015f\u0131, etibarl\u0131 t\u0259r\u0259fda\u015fl\u0131q sah\u0259sind\u0259 d\u0259 n\u00fcmun\u0259vi bir \u00f6lk\u0259dir!.."},"content":{"rendered":"\n<p><strong>Hal-haz\u0131rda Az\u0259rbaycan d\u00f6vl\u0259tinin u\u011furla \u0259m\u0259kda\u015fl\u0131q etdiyi n\u00fcfuzlu beyn\u0259lxalq t\u0259\u015fkilatlar \u00e7oxdur.\u00a0 Bizim etibarl\u0131 t\u0259r\u0259fda\u015fl\u0131q \u0259laq\u0259l\u0259rimizin oldu\u011fu bel\u0259 qurumlardan biri d\u0259, NATO-dur. Az\u0259rbaycan Alyans\u0131n \u00e7ox d\u0259y\u0259rli t\u0259r\u0259fda\u015f\u0131d\u0131r. Az\u0259rbaycan Respublikas\u0131n\u0131n Prezidenti \u0130lham \u018fliyevin NATO-nun m\u0259nzil-q\u0259rargah\u0131na 2004-c\u00fc ild\u0259n bu g\u00fcn\u0259 q\u0259d\u0259r yeddi d\u0259f\u0259 i\u015fg\u00fczar s\u0259f\u0259rl\u0259rd\u0259 olmas\u0131 \u0259m\u0259kda\u015fl\u0131\u011f\u0131n dinamizmini g\u00f6st\u0259rir. Az\u0259rbaycan\u0131n 1994-c\u00fc ild\u0259n NATO-nun \u201cS\u00fclh namin\u0259 t\u0259r\u0259fda\u015fl\u0131q\u201d Proqram\u0131nda i\u015ftirak\u0131 b\u00f6y\u00fck \u0259h\u0259miyy\u0259t k\u0259sb edir. <\/strong><\/p>\n\n\n\n<p>\u00d6lk\u0259mizin \u0259razi b\u00fct\u00f6vl\u00fcy\u00fcn\u0259, suverenliyin\u0259, beyn\u0259lxalq s\u0259viyy\u0259d\u0259 tan\u0131nm\u0131\u015f s\u0259rh\u0259dl\u0259rinin toxunulmazl\u0131\u011f\u0131na dair NATO-ya \u00fczv d\u00f6vl\u0259tl\u0259ri t\u0259r\u0259find\u0259n bir daha d\u0259st\u0259k ifad\u0259 olunub. Az\u0259rbaycan NATO-nun etibarl\u0131 t\u0259r\u0259fda\u015f\u0131 oldu\u011funu art\u0131q s\u00fcbuta yetirib. Az\u0259rbaycan Silahl\u0131 Q\u00fcvv\u0259l\u0259rinin \u018ffqan\u0131standa \u201cQ\u0259tiyy\u0259tli d\u0259st\u0259k\u201d \u0259m\u0259liyyatlar\u0131ndak\u0131 xidm\u0259ti beyn\u0259lxalq t\u0259\u015fkilatlar t\u0259r\u0259find\u0259n y\u00fcks\u0259k qiym\u0259yl\u0259ndirilir. Az\u0259rbaycan \u018ffqan\u0131standak\u0131 s\u00fclhm\u0259raml\u0131 missiyas\u0131na 2002-ci ild\u0259 ba\u015flad\u0131 v\u0259 cari ilin avqustun sonunda onu bitirdi. Az\u0259rbaycan h\u0259rb\u00e7il\u0259ri Kabul hava liman\u0131 vasit\u0259sil\u0259 120 mind\u0259n \u00e7ox m\u00fclki \u015f\u0259xsin t\u0259xliy\u0259sind\u0259 m\u00fcst\u0259sna rol oynay\u0131b v\u0259 \u018ffqan\u0131stan\u0131 sonuncu t\u0259rk ed\u0259n koalisiya q\u00fcvv\u0259l\u0259rinin h\u0259rb\u00e7il\u0259ri aras\u0131nda idi. Az\u0259rbaycan NATO-nun h\u0259rbi t\u0259liml\u0259rind\u0259 m\u00fct\u0259madi i\u015ftirak edir. NATO-nun apar\u0131c\u0131 \u00fczvl\u0259rind\u0259n biri olan T\u00fcrkiy\u0259 il\u0259 yaln\u0131z cari ild\u0259 yeddi birg\u0259 h\u0259rbi t\u0259lim ke\u00e7irilib. S\u00f6z\u00fcged\u0259n t\u0259cr\u00fcb\u0259 regionda s\u00fclh v\u0259 sabitlik i\u015fin\u0259 xidm\u0259t edir. Avropan\u0131n enerji t\u0259hl\u00fck\u0259sizliyin t\u0259min olunmas\u0131nda Az\u0259rbaycan\u0131n m\u00fcst\u0259sna rolu vard\u0131r. NATO-nun 20-y\u0259 yax\u0131n \u00f6lk\u0259si Az\u0259rbaycandan neft idxal edir. Alyans\u0131n 4 \u00f6lk\u0259si, o c\u00fcml\u0259d\u0259n T\u00fcrkiy\u0259 Az\u0259rbaycandan qaz idxal edir v\u0259 g\u0259l\u0259c\u0259kd\u0259 bu \u00f6lk\u0259l\u0259rin co\u011frafiyas\u0131 geni\u015fl\u0259n\u0259 bil\u0259r. Az\u0259rbaycan enerji t\u0259chizat\u0131 sah\u0259sind\u0259 etibarl\u0131 t\u0259r\u0259fda\u015fd\u0131r.<\/p>\n\n\n\n<p>Az\u0259rbaycan\u0131n s\u0259yl\u0259ri regionda h\u0259r hans\u0131 yeni m\u00fcharib\u0259 riskl\u0259rinin minimuma endirilm\u0259si m\u0259qs\u0259di da\u015f\u0131y\u0131r. Bunun \u00fc\u00e7\u00fcn \u0259n yax\u015f\u0131 yol kommunikasiyalar\u0131n a\u00e7\u0131lmas\u0131, aktiv dialoqun qurulmas\u0131 v\u0259 yenid\u0259n qon\u015fu olma\u011f\u0131 \u00f6yr\u0259nm\u0259kdir. S\u00fclh raz\u0131la\u015fmas\u0131 \u00fcz\u0259rind\u0259 i\u015f apar\u0131lmal\u0131 v\u0259 d\u00fc\u015fm\u0259n\u00e7iliy\u0259 son qoyulmal\u0131d\u0131r. Buna g\u00f6r\u0259 d\u0259 postm\u00fcharib\u0259 d\u00f6vr\u00fcnd\u0259 Az\u0259rbaycan-Erm\u0259nistan m\u00fcnasib\u0259tl\u0259ri zaman\u0131 bu amill\u0259r\u0259 ciddi bir \u015f\u0259kild\u0259 n\u0259zar\u0259t edilir. Bildiyimiz kimi, AT\u018fT-in Minsk qrupu 28 il \u0259rzind\u0259 apar\u0131lan dan\u0131\u015f\u0131qlarda h\u0259r hans\u0131 bir n\u0259tic\u0259ni hasil etm\u0259yib. AT\u018fT-in Minsk qrupu yeni geosiyasi reall\u0131\u011fa uy\u011fun t\u0259klifl\u0259ri haz\u0131rlamal\u0131d\u0131r. Erm\u0259nistanla Az\u0259rbaycan aras\u0131nda s\u00fclh sazi\u015finin haz\u0131rlanmas\u0131, s\u0259rh\u0259dl\u0259rin delimitasiyas\u0131, insanlar aras\u0131nda t\u0259maslar\u0131n yarad\u0131lmas\u0131, etimad quruculu\u011fu t\u0259dbirl\u0259ri v\u0259 dig\u0259r m\u0259s\u0259l\u0259l\u0259rd\u0259 Minsk qrupu \u00f6z t\u00f6hf\u0259sini ver\u0259 bil\u0259r. <\/p>\n\n\n\n<p>Azad edilmi\u015f \u0259razil\u0259rd\u0259 partlamam\u0131\u015f minalar\u0131n m\u00f6vcudlu\u011fu \u0259n problemli m\u0259s\u0259l\u0259l\u0259rd\u0259ndir. Az\u0259rbaycan\u0131n m\u00fclki v\u0259t\u0259nda\u015flar\u0131 minalardan \u0259ziyy\u0259t \u00e7\u0259kir v\u0259 bu g\u00fcn\u0259 q\u0259d\u0259r 200-\u0259 yax\u0131n insan mina partlamas\u0131 n\u0259tic\u0259sind\u0259 h\u0259lak olub v\u0259 ya yaralan\u0131b. Bu x\u00fcsusda Avropa \u0130ttifaq\u0131 v\u0259 \u00fczv d\u00f6vl\u0259tl\u0259r t\u0259r\u0259find\u0259n Az\u0259rbaycana mina probleminin aradan qald\u0131r\u0131lmas\u0131 \u00fc\u00e7\u00fcn texniki v\u0259 maliyy\u0259 yard\u0131m\u0131n\u0131n g\u00f6st\u0259rilm\u0259si vacibdir. He\u00e7 kim\u0259 sirr deyil ki, Z\u0259ng\u0259zur d\u0259hlizi regionun simas\u0131n\u0131 d\u0259yi\u015fdir\u0259c\u0259k layih\u0259dir. Z\u0259ng\u0259zur d\u0259hlizi il\u0259 ba\u011fl\u0131 kommunikasiyalar\u0131n a\u00e7\u0131lmas\u0131 t\u0259klifi \u00f6t\u0259n il noyabr\u0131n 10-da Rusiya Prezidenti, Erm\u0259nistan\u0131n ba\u015f naziri v\u0259 Az\u0259rbaycan\u0131n Prezidenti \u0130lham \u018fliyev t\u0259r\u0259find\u0259n imzalanm\u0131\u015f \u00fc\u00e7t\u0259r\u0259fli B\u0259yannam\u0259d\u0259 \u00f6z \u0259ksini tap\u0131b. Bu s\u0259b\u0259bd\u0259n b\u00fct\u00fcn laz\u0131mi \u015f\u0259raiti t\u0259min etm\u0259k Erm\u0259nistan \u00fc\u00e7\u00fcn bir n\u00f6v \u00f6hd\u0259likdir. <\/p>\n\n\n\n<p>B\u00fct\u00fcn \u00e7\u0259tinlikl\u0259r\u0259 r\u0259\u011fm\u0259n Az\u0259rbaycandan Erm\u0259nistan vasit\u0259sil\u0259 Nax\u00e7\u0131van Muxtar Respublikas\u0131na d\u0259mir yolu, h\u0259m\u00e7inin magistral yol in\u015fas\u0131na dair raz\u0131l\u0131q \u0259ld\u0259 edilmi\u015fdir. Lakin magistral yolun d\u0259qiq mar\u015frutu h\u0259l\u0259 ki, m\u00fc\u0259yy\u0259n olunmay\u0131b. Bu, g\u0259l\u0259c\u0259k m\u00fczakir\u0259l\u0259rin m\u00f6vzusudur. Z\u0259ng\u0259zur d\u0259hlizinin h\u00fcquqi rejimi La\u00e7\u0131n d\u0259hlizinin eynisi kimi olmal\u0131d\u0131r. \u00dc\u00e7t\u0259r\u0259fli B\u0259yanatda a\u00e7\u0131q-ayd\u0131n deyilir ki, Az\u0259rbaycan Qaraba\u011fla Erm\u0259nistan aras\u0131nda \u0259laq\u0259 \u00fc\u00e7\u00fcn t\u0259hl\u00fck\u0259sizliyi v\u0259 mane\u0259siz \u00e7\u0131x\u0131\u015f\u0131 t\u0259min edir v\u0259 Erm\u0259nistan Az\u0259rbaycanla Nax\u00e7\u0131van Muxtar Respublikas\u0131 aras\u0131nda \u0259laq\u0259l\u0259r \u00fc\u00e7\u00fcn eyni mane\u0259siz \u00e7\u0131x\u0131\u015f v\u0259 t\u0259hl\u00fck\u0259sizliyi t\u0259min etm\u0259lidir. Bu g\u00fcn La\u00e7\u0131n d\u0259hlizind\u0259 g\u00f6mr\u00fck yoxdur. Ona g\u00f6r\u0259 d\u0259, Z\u0259ng\u0259zur d\u0259hlizind\u0259 d\u0259 g\u00f6mr\u00fck olmamal\u0131d\u0131r. \u018fg\u0259r Erm\u0259nistan y\u00fck v\u0259 insanlara n\u0259zar\u0259t etm\u0259k \u00fc\u00e7\u00fcn \u00f6z g\u00f6mr\u00fck qurumlar\u0131ndan istifad\u0259d\u0259 israr ets\u0259, onda Az\u0259rbaycan La\u00e7\u0131n d\u0259hlizind\u0259 eynisind\u0259 israr ed\u0259c\u0259k. Regional n\u0259qliyyat \u0259laq\u0259l\u0259rinin inteqrasiyas\u0131 d\u00f6vl\u0259tl\u0259r \u00fc\u00e7\u00fcn yeni imkanlar qazand\u0131racaqd\u0131r. Z\u0259ng\u0259zur d\u0259hlizi t\u0259kc\u0259 Nax\u00e7\u0131van Muxtar Respublikas\u0131na \u00e7\u0131x\u0131\u015f \u0259ld\u0259 etm\u0259k deyil, h\u0259m d\u0259 Erm\u0259nistan\u0131n Nax\u00e7\u0131van Muxtar Respublikas\u0131 vasit\u0259sil\u0259 \u0130ranla d\u0259mir yolu \u0259laq\u0259si \u00fc\u00e7\u00fcnd\u00fcr. Erm\u0259nistan h\u0259m d\u0259 Az\u0259rbaycan \u0259razisind\u0259n Rusiya il\u0259 d\u0259mir yolu \u0259laq\u0259si \u0259ld\u0259 edir.<\/p>\n\n\n\n<p>Prezident \u0130lham \u018fliyevin Avropa \u0130ttifaq\u0131 \u015euras\u0131n\u0131n Prezidenti \u015earl Mi\u015fel v\u0259 Erm\u0259nistan Respublikas\u0131n\u0131n ba\u015f naziri Nikol Pa\u015finyan il\u0259 birg\u0259 g\u00f6r\u00fc\u015f\u00fc zaman\u0131 Az\u0259rbaycan\u0131n m\u00f6vqeyi, c\u0259nab Prezidentimiz t\u0259r\u0259find\u0259n birm\u0259nal\u0131 \u015f\u0259kild\u0259 qorunmu\u015f, el\u0259c\u0259 d\u0259, d\u00f6vl\u0259timizin maraqlar\u0131 t\u0259min edilmi\u015fdir. Avropa \u0130ttifaq\u0131n\u0131n Erm\u0259nistanla Az\u0259rbaycan aras\u0131nda m\u00fcnasib\u0259tl\u0259rin normalla\u015fmas\u0131 prosesind\u0259 f\u0259al m\u00f6vqeyi t\u0259qdir\u0259layiqdir. A\u0130-nin t\u0259\u015f\u0259bb\u00fcs\u00fc il\u0259 apar\u0131lan dan\u0131\u015f\u0131qlar praktiki \u0259h\u0259miyy\u0259t da\u015f\u0131y\u0131r. Erm\u0259nistanla Az\u0259rbaycan aras\u0131nda m\u00fcnasib\u0259tl\u0259rin normalla\u015fmas\u0131, s\u0259rh\u0259dl\u0259rin delimitasiyas\u0131 v\u0259 demarkasiyas\u0131, n\u0259qliyyat infrastrukturunun, x\u00fcsusil\u0259 d\u0259 d\u0259mir yolu x\u0259ttinin \u00e7\u0259kilm\u0259si kimi m\u0259s\u0259l\u0259l\u0259rin m\u00fczakir\u0259si s\u0259m\u0259r\u0259li v\u0259 praqmatik ke\u00e7ir. Az\u0259rbaycan\u0131n milli maraqlar\u0131na xidm\u0259t ed\u0259n raz\u0131l\u0131qlar\u0131n \u0259ld\u0259 olunmas\u0131 il\u0259 yekunla\u015fm\u0131\u015f \u00fc\u00e7t\u0259r\u0259fli g\u00f6r\u00fc\u015f\u00fcn n\u0259tic\u0259si q\u00fcrurvericidir. \u0130\u015f\u011faldan azad edilmi\u015f \u0259razil\u0259rin minalardan t\u0259mizl\u0259nm\u0259si m\u0259s\u0259l\u0259si bir daha g\u00fcnd\u0259liy\u0259 g\u0259tirilmi\u015fdir. A\u0130 t\u0259r\u0259find\u0259n bu istiqam\u0259td\u0259 texniki yard\u0131m\u0131n g\u00f6st\u0259rilm\u0259si n\u0259z\u0259rd\u0259 tutulur. Erm\u0259nistan-Az\u0259rbaycan d\u00f6vl\u0259t s\u0259rh\u0259dinin delimitasiyas\u0131 il\u0259 ba\u011fl\u0131 h\u0259r iki t\u0259r\u0259f m\u00fcv\u0259qq\u0259ti i\u015f\u00e7i qrupun yarad\u0131lmas\u0131 il\u0259 ba\u011fl\u0131 raz\u0131l\u0131\u011fa g\u0259libl\u0259r. Kommunikasiya v\u0259 n\u0259qliyyat x\u0259tl\u0259rinin a\u00e7\u0131lmas\u0131, o c\u00fcml\u0259d\u0259n Erm\u0259nistan \u0259razisind\u0259n d\u0259mir yolu x\u0259ttinin \u00e7\u0259kilm\u0259si, g\u00f6mr\u00fck, s\u0259rh\u0259d n\u0259zar\u0259t m\u0259s\u0259l\u0259l\u0259rinin v\u0259 avtomobil yolunun mar\u015frutu qar\u015f\u0131l\u0131ql\u0131 prinsip \u0259sas\u0131nda t\u0259min olunmal\u0131d\u0131r.<\/p>\n\n\n\n<p> A\u0130-nin t\u0259\u015f\u0259bb\u00fcs\u00fc il\u0259 ke\u00e7irilmi\u015f g\u00f6r\u00fc\u015f\u00fcn n\u0259tic\u0259l\u0259rin\u0259 dair Az\u0259rbaycan\u0131n haql\u0131 m\u00f6vqeyini t\u0259sdiq ed\u0259n B\u0259yanat tarixi bir s\u0259n\u0259ddir. Erm\u0259nistan il\u0259 Az\u0259rbaycan aras\u0131ndak\u0131 m\u00fcnaqi\u015f\u0259nin aradan qald\u0131r\u0131lmas\u0131 v\u0259 C\u0259nubi Qafqazda s\u00fclh\u00fcn b\u0259rq\u0259rar olunmas\u0131 \u00fc\u00e7\u00fcn Az\u0259rbaycanla Erm\u0259nistan aras\u0131nda h\u0259rt\u0259r\u0259fli s\u00fclh m\u00fcqavil\u0259si imzalanmal\u0131d\u0131r. 2020-ci il 10 noyabr, 2021-ci il 11 yanvar v\u0259 26 noyabr (So\u00e7i) g\u00f6r\u00fc\u015fl\u0259ri v\u0259 b\u0259yanatlar\u0131ndan ir\u0259li g\u0259l\u0259n \u00f6hd\u0259likl\u0259r yerin\u0259 yetirilm\u0259lidir. A\u0130 predmetli dan\u0131\u015f\u0131qlar\u0131n t\u0259r\u0259fdar\u0131d\u0131r. A\u0130 minat\u0259mizl\u0259m\u0259 s\u0259yl\u0259rin\u0259, m\u00fcnaqi\u015f\u0259d\u0259n \u0259ziyy\u0259t \u00e7\u0259kmi\u015f insanlara, x\u00fcsusil\u0259 yenid\u0259nqurma f\u0259aliyy\u0259tl\u0259rin\u0259 \u00f6z d\u0259st\u0259yini ifad\u0259 edir. S\u0259rh\u0259dl\u0259rin demarkasiyas\u0131 v\u0259 delimitasiyas\u0131 m\u0259s\u0259l\u0259sind\u0259 d\u0259 A\u0130 t\u0259r\u0259find\u0259n m\u0259\u015fv\u0259r\u0259t\u00e7i statusda d\u0259st\u0259k g\u00f6st\u0259ril\u0259 bil\u0259r. A\u0130 C\u0259nubi Qafqaz regionunda iqtisadi \u0259m\u0259kda\u015fl\u0131\u011f\u0131n inki\u015faf\u0131n\u0131 d\u0259st\u0259kl\u0259yir v\u0259 yeni birg\u0259 iqtisadi \u0259m\u0259kda\u015fl\u0131q platformas\u0131n\u0131n yarad\u0131lmas\u0131n\u0131 t\u0259klif edir. A\u0130 regionda kommunikasiya infrastrukturunun yarad\u0131lmas\u0131, \u00f6lk\u0259l\u0259r aras\u0131nda \u0259laq\u0259ni t\u0259min ed\u0259n x\u0259tl\u0259rin a\u00e7\u0131lmas\u0131 v\u0259 inki\u015faf etdirilm\u0259sinin t\u0259r\u0259fdar\u0131d\u0131r. A\u0130 iqtisadi v\u0259 investisiya resurslar\u0131 vasit\u0259sil\u0259 icra olunacaq layih\u0259l\u0259ri d\u0259st\u0259kl\u0259y\u0259c\u0259kdir. Eyni zamanda s\u00f6z\u00fcged\u0259n qurum d\u0259mir yolu x\u0259ttinin \u00e7\u0259kilm\u0259si, g\u00f6mr\u00fck v\u0259 s\u0259rh\u0259d n\u0259zar\u0259tinin qar\u015f\u0131l\u0131ql\u0131l\u0131q prinsipi \u0259sas\u0131nda t\u0259\u015fkil olunmas\u0131n\u0131n t\u0259r\u0259fdar\u0131d\u0131r.<\/p>\n\n\n\n<p>Avropa \u0130ttifaq\u0131n\u0131n \u015e\u0259rq T\u0259r\u0259fda\u015fl\u0131\u011f\u0131n\u0131n VI Sammiti davaml\u0131 t\u0259r\u0259fda\u015fl\u0131q \u0259laq\u0259l\u0259rind\u0259n x\u0259b\u0259r verir. Avropa \u0130ttifaq\u0131 il\u0259 Az\u0259rbaycan aras\u0131nda \u0259laq\u0259l\u0259r u\u011furla inki\u015faf edir. A\u0130 il\u0259 Az\u0259rbaycan aras\u0131nda 2018-ci ild\u0259 paraflanm\u0131\u015f \u201cT\u0259r\u0259fda\u015fl\u0131q prioritetl\u0259ri\u201d s\u0259n\u0259di s\u0259m\u0259r\u0259li \u0259m\u0259kda\u015fl\u0131\u011f\u0131n h\u00fcquqi t\u0259minat\u00e7\u0131s\u0131d\u0131r. Az\u0259rbaycanla A\u0130 aras\u0131nda yeni t\u0259r\u0259fda\u015fl\u0131q sazi\u015fi \u00fcz\u0259rind\u0259 i\u015fin 90 faizd\u0259n \u00e7oxu art\u0131q ba\u015fa \u00e7at\u0131b. Bu \u0259m\u0259kda\u015fl\u0131\u011f\u0131n perspektivliyi y\u00fcks\u0259l\u0259n x\u0259tl\u0259 davam edir. A\u0130-nin 9 \u00fczv d\u00f6vl\u0259ti, y\u0259ni, quruma \u00fczv \u00f6lk\u0259l\u0259rin \u00fc\u00e7d\u0259biri il\u0259 strateji t\u0259r\u0259fda\u015fl\u0131\u011fa dair s\u0259n\u0259dl\u0259r imzalan\u0131b. \u0130kit\u0259r\u0259fli \u0259sasda imzalanm\u0131\u015f strateji t\u0259r\u0259fda\u015fl\u0131q s\u0259n\u0259dl\u0259ri \u0259m\u0259kda\u015fl\u0131\u011f\u0131n perspektivliyind\u0259n x\u0259b\u0259r verir. A\u0130 il\u0259 Az\u0259rbaycan aras\u0131nda enerji sah\u0259sind\u0259ki \u0259m\u0259kda\u015fl\u0131q u\u011furla inki\u015faf edir. 3500 kilometr uzunlu\u011fu olan C\u0259nub Qaz D\u0259hlizinin XXI \u0259srin \u0259n b\u00f6y\u00fck infrastruktur layih\u0259l\u0259rind\u0259n biridir. Layih\u0259nin son komponenti olan Trans-Adriatik x\u0259ttinin i\u015f\u0259 sal\u0131nmas\u0131 il\u0259 Az\u0259rbaycan qaz\u0131 Avropa m\u0259kan\u0131na \u00e7atd\u0131r\u0131l\u0131r. Az\u0259rbaycan qaz\u0131 art\u0131q A\u0130-nin \u00fc\u00e7 \u00f6lk\u0259sin\u0259 &#8212; \u0130taliya, Yunan\u0131stan v\u0259 Bolqar\u0131stana \u00e7atd\u0131r\u0131l\u0131r. G\u0259l\u0259c\u0259kd\u0259 Az\u0259rbaycan qaz\u0131n\u0131n ixrac co\u011frafiyas\u0131 A\u0130-nin dig\u0259r \u00fczv \u00f6lk\u0259l\u0259rin\u0259 geni\u015fl\u0259ndiril\u0259 bil\u0259r.<\/p>\n\n\n\n<p><strong>Ya\u015fas\u0131n m\u00fcst\u0259qil Az\u0259rbaycan Respublikas\u0131!.. E\u015fq olsun Az\u0259rbaycan xalq\u0131na!.. H\u0259r birimiz Az\u0259rbaycan Respublikas\u0131n\u0131n Prezidenti, Ali Ba\u015f Komandan, c\u0259nab \u0130lham \u018fliyevl\u0259 q\u00fcrur duyuruq!!!&#8230;<\/strong><\/p>\n\n\n\n<div class=\"wp-block-media-text alignwide is-stacked-on-mobile\" style=\"grid-template-columns:47% auto\"><figure class=\"wp-block-media-text__media\"><img loading=\"lazy\" decoding=\"async\" width=\"394\" height=\"416\" src=\"https:\/\/fedai.az\/wp-content\/uploads\/2021\/12\/I65-2.jpg\" alt=\"\" class=\"wp-image-56704 size-full\" srcset=\"https:\/\/fedai.az\/wp-content\/uploads\/2021\/12\/I65-2.jpg 394w, https:\/\/fedai.az\/wp-content\/uploads\/2021\/12\/I65-2-284x300.jpg 284w, https:\/\/fedai.az\/wp-content\/uploads\/2021\/12\/I65-2-142x150.jpg 142w\" sizes=\"auto, (max-width: 394px) 100vw, 394px\" \/><\/figure><div class=\"wp-block-media-text__content\">\n<p class=\"has-large-font-size\"><strong>M\u00fc\u015ffiq \u018fliyev<\/strong><\/p>\n\n\n\n<p><em><strong>Az\u0259rbaycan Respublikas\u0131 \u015e\u0259hid Ail\u0259l\u0259rin\u0259 \u201cQay\u011f\u0131\u201d C\u0259miyy\u0259tinin s\u0259dri,&nbsp;Az\u0259rbaycan V\u0259t\u0259n M\u00fcharib\u0259si Veteranlar\u0131 \u0130ctimai Birliyi S\u0259drinin humanitar m\u0259s\u0259l\u0259l\u0259r \u00fczr\u0259 s\u0259lahiyy\u0259tli n\u00fcmay\u0259nd\u0259si&nbsp;<\/strong><\/em><\/p>\n\n\n\n<p><strong>X\u018fZ\u018fR RAYON SAK\u0130N\u0130<\/strong><\/p>\n<\/div><\/div>\n","protected":false},"excerpt":{"rendered":"<p>Hal-haz\u0131rda Az\u0259rbaycan d\u00f6vl\u0259tinin u\u011furla \u0259m\u0259kda\u015fl\u0131q etdiyi n\u00fcfuzlu beyn\u0259lxalq t\u0259\u015fkilatlar \u00e7oxdur.\u00a0 Bizim etibarl\u0131 t\u0259r\u0259fda\u015fl\u0131q \u0259laq\u0259l\u0259rimizin oldu\u011fu bel\u0259 qurumlardan biri d\u0259, NATO-dur. Az\u0259rbaycan Alyans\u0131n \u00e7ox d\u0259y\u0259rli<\/p>\n","protected":false},"author":2,"featured_media":56399,"comment_status":"closed","ping_status":"closed","sticky":false,"template":"","format":"standard","meta":{"footnotes":""},"categories":[5],"tags":[],"class_list":["post-56703","post","type-post","status-publish","format-standard","has-post-thumbnail","hentry","category-veteran"],"aioseo_notices":[],"_links":{"self":[{"href":"https:\/\/fedai.az\/index.php?rest_route=\/wp\/v2\/posts\/56703","targetHints":{"allow":["GET"]}}],"collection":[{"href":"https:\/\/fedai.az\/index.php?rest_route=\/wp\/v2\/posts"}],"about":[{"href":"https:\/\/fedai.az\/index.php?rest_route=\/wp\/v2\/types\/post"}],"author":[{"embeddable":true,"href":"https:\/\/fedai.az\/index.php?rest_route=\/wp\/v2\/users\/2"}],"replies":[{"embeddable":true,"href":"https:\/\/fedai.az\/index.php?rest_route=%2Fwp%2Fv2%2Fcomments&post=56703"}],"version-history":[{"count":1,"href":"https:\/\/fedai.az\/index.php?rest_route=\/wp\/v2\/posts\/56703\/revisions"}],"predecessor-version":[{"id":56705,"href":"https:\/\/fedai.az\/index.php?rest_route=\/wp\/v2\/posts\/56703\/revisions\/56705"}],"wp:featuredmedia":[{"embeddable":true,"href":"https:\/\/fedai.az\/index.php?rest_route=\/wp\/v2\/media\/56399"}],"wp:attachment":[{"href":"https:\/\/fedai.az\/index.php?rest_route=%2Fwp%2Fv2%2Fmedia&parent=56703"}],"wp:term":[{"taxonomy":"category","embeddable":true,"href":"https:\/\/fedai.az\/index.php?rest_route=%2Fwp%2Fv2%2Fcategories&post=56703"},{"taxonomy":"post_tag","embeddable":true,"href":"https:\/\/fedai.az\/index.php?rest_route=%2Fwp%2Fv2%2Ftags&post=56703"}],"curies":[{"name":"wp","href":"https:\/\/api.w.org\/{rel}","templated":true}]}}