{"id":56708,"date":"2021-12-17T14:02:09","date_gmt":"2021-12-17T10:02:09","guid":{"rendered":"https:\/\/fedai.az\/?p=56708"},"modified":"2021-12-17T14:02:11","modified_gmt":"2021-12-17T10:02:11","slug":"harda-bir-turk-varsa-biz-ordayiq","status":"publish","type":"post","link":"https:\/\/fedai.az\/?p=56708","title":{"rendered":"\u201cHarda bir t\u00fcrk varsa biz orday\u0131q\u201d&#8230;"},"content":{"rendered":"\n<p><strong>Bu g\u00fcn Kuzey K\u0131br\u0131s T\u00fcrk Cumhuriyy\u0259ti Bak\u0131 t\u0259msil\u00e7iliyinin r\u0259hb\u0259ri Mustafa Kemal Beyazbayram T\u0259rxis Olunmu\u015f H\u0259rb\u00e7il\u0259rin G\u0259ncl\u0259ri Maarifl\u0259ndirm\u0259 \u0130ctimai Birliyid\u0259 olub.<\/strong><\/p>\n\n\n\n<p>Mustafa Kemal Beyazbayram birliyin s\u0259dri Emin H\u0259s\u0259nli il\u0259 g\u00f6r\u00fc\u015f\u00fcnd\u0259 V\u0259t\u0259n m\u00fcharib\u0259sind\u0259n sonra regionda yaranm\u0131\u015f situasiya il\u0259 ba\u011fl\u0131 fikir m\u00fcbadil\u0259si apar\u0131b.<\/p>\n\n\n\n<p>Az\u0259rbaycan\u0131n 44 g\u00fcnl\u00fck m\u00fcharib\u0259d\u0259 z\u0259f\u0259rini y\u00fcks\u0259k d\u0259y\u0259rl\u0259ndir\u0259n t\u0259msil\u00e7ilik r\u0259hb\u0259ri son ill\u0259r Az\u0259rbaycan\u0131n t\u00fcrk d\u00f6vl\u0259tl\u0259ri birliyinin formala\u015fmas\u0131nda x\u00fcsusi s\u0259yl\u0259rini d\u0259 qeyd edib.<\/p>\n\n\n\n<figure class=\"wp-block-image size-large is-resized\"><img loading=\"lazy\" decoding=\"async\" src=\"https:\/\/fedai.az\/wp-content\/uploads\/2021\/12\/89603206.jpg\" alt=\"\" class=\"wp-image-56709\" width=\"915\" height=\"539\" srcset=\"https:\/\/fedai.az\/wp-content\/uploads\/2021\/12\/89603206.jpg 750w, https:\/\/fedai.az\/wp-content\/uploads\/2021\/12\/89603206-300x177.jpg 300w, https:\/\/fedai.az\/wp-content\/uploads\/2021\/12\/89603206-150x88.jpg 150w, https:\/\/fedai.az\/wp-content\/uploads\/2021\/12\/89603206-184x109.jpg 184w\" sizes=\"auto, (max-width: 915px) 100vw, 915px\" \/><\/figure>\n\n\n\n<p>T\u0259rxis Olunmu\u015f H\u0259rb\u00e7il\u0259rin G\u0259ncl\u0259ri Maarifl\u0259ndirm\u0259 \u0130ctimai Birliyinin s\u0259dri Emin H\u0259s\u0259nli Az\u0259rbaycan\u0131n h\u0259r zaman t\u00fcrk birliyin\u0259 \u00f6n\u0259m verdiyini bir daha h\u00f6rm\u0259tli qona\u011f\u0131n diqq\u0259tin\u0259 \u00e7atd\u0131r\u0131b. Birlik s\u0259dri Kuzey K\u0131br\u0131s T\u00fcrk Cumhuriyy\u0259tinin beyn\u0259lxalq al\u0259md\u0259 haqq\u0131n\u0131n qorunmas\u0131 i\u015find\u0259 Az\u0259rbaycan c\u0259miyy\u0259tinin h\u0259mi\u015f\u0259 s\u0259f\u0259rb\u0259r oldu\u011funu m\u0259d\u0259ni, iqtiadi x\u00fcsus\u0259n d\u0259 m\u0259n\u0259vi ili\u015fkil\u0259rin daim inki\u015faf etdiril\u0259c\u0259yini d\u0259 x\u00fcsusi vur\u011fulay\u0131b v\u0259 bildirib ki, harda bir t\u00fcrk varsa biz orday\u0131q.<\/p>\n\n\n\n<p>H\u0259m Mustafa Kemal Beyazbayram, h\u0259m d\u0259 Emin H\u0259s\u0259nli T\u00fcrkiy\u0259nin b\u00f6lg\u0259d\u0259 rolu bar\u0259d\u0259 fikirl\u0259rini bildirdi. Emin h\u0259s\u0259nli T\u00fcrk Birliyinin t\u0259\u015f\u0259kk\u00fcl tapmas\u0131nda T\u00fcrkiy\u0259nin xidm\u0259tl\u0259rini x\u00fcsusi qeyd etdi. Bindan ba\u015fqa birlik s\u0259dri V\u0259t\u0259n m\u00fcharib\u0259sind\u0259 qarda\u015f \u00f6lk\u0259nin Az\u0259rbaycana verdiyi m\u0259n\u0259vi qarda\u015fl\u0131q d\u0259st\u0259yini yada sald\u0131:&nbsp;<em>\u201cT\u0259sad\u00fcfi deyil ki, bu g\u00fcn \u00f6lk\u0259nin h\u0259r yerind\u0259 Az\u0259rbaycan bayra\u011f\u0131 varsa orada m\u00fctl\u0259q T\u00fcrkiy\u0259 bayra\u011f\u0131 da var. Bax budur xalq m\u0259h\u0259bb\u0259tinin g\u00f6st\u0259ricisi\u201d. &nbsp;<\/em><\/p>\n\n\n\n<p>Daha sonra Emin H\u0259s\u0259nli K\u0131br\u0131s T\u00fcrk Cumhuriyy\u0259tin\u0259 s\u0259f\u0259rini xat\u0131rlad\u0131b. S\u0259f\u0259r zaman\u0131 Prezident v\u0259 Ba\u015f nazirl\u0259 olan g\u00f6r\u00fc\u015fl\u0259rinin, K\u0131prpz h\u0259r\u0259kat\u0131n\u0131n qazil\u0259ri il\u0259 g\u00f6r\u00fc\u015f\u00fcn\u00fcn xatir\u0259sind\u0259 d\u0259rin iz buraxd\u0131\u011f\u0131n\u0131 bildirib<em>: \u201cBu g\u00fcn d\u0259 bizim K\u0131pr\u0131z h\u0259rakat\u0131n\u0131n q\u0259hr\u0259man qazil\u0259ri il\u0259, h\u0259m T\u00fcrkiy\u0259nin, h\u0259m d\u0259 K\u0131pr\u0131z\u0131n h\u0259rbi y\u00f6n\u00fcml\u00fc t\u0259\u015fkilatlari il\u0259 \u0259laq\u0259l\u0259rimiz v\u0259 birg\u0259 f\u0259aliyy\u0259timiz var. B\u00fct\u00fcn bu \u0259laq\u0259l\u0259r t\u00fcrk birliyinin daha da m\u00f6hk\u0259ml\u0259nm\u0259sin\u0259 xidm\u0259t edir\u201d<\/em>\u00a0\u2013 dey\u0259 birlik s\u0259dri vur\u011fulay\u0131b.<\/p>\n\n\n\n<p>M\u0259nb\u0259: H\u0259rbiand<\/p>\n","protected":false},"excerpt":{"rendered":"<p>Bu g\u00fcn Kuzey K\u0131br\u0131s T\u00fcrk Cumhuriyy\u0259ti Bak\u0131 t\u0259msil\u00e7iliyinin r\u0259hb\u0259ri Mustafa Kemal Beyazbayram T\u0259rxis Olunmu\u015f H\u0259rb\u00e7il\u0259rin G\u0259ncl\u0259ri Maarifl\u0259ndirm\u0259 \u0130ctimai Birliyid\u0259 olub. Mustafa Kemal Beyazbayram birliyin<\/p>\n","protected":false},"author":2,"featured_media":56710,"comment_status":"closed","ping_status":"closed","sticky":false,"template":"","format":"standard","meta":{"footnotes":""},"categories":[5],"tags":[],"class_list":["post-56708","post","type-post","status-publish","format-standard","has-post-thumbnail","hentry","category-veteran"],"aioseo_notices":[],"_links":{"self":[{"href":"https:\/\/fedai.az\/index.php?rest_route=\/wp\/v2\/posts\/56708","targetHints":{"allow":["GET"]}}],"collection":[{"href":"https:\/\/fedai.az\/index.php?rest_route=\/wp\/v2\/posts"}],"about":[{"href":"https:\/\/fedai.az\/index.php?rest_route=\/wp\/v2\/types\/post"}],"author":[{"embeddable":true,"href":"https:\/\/fedai.az\/index.php?rest_route=\/wp\/v2\/users\/2"}],"replies":[{"embeddable":true,"href":"https:\/\/fedai.az\/index.php?rest_route=%2Fwp%2Fv2%2Fcomments&post=56708"}],"version-history":[{"count":1,"href":"https:\/\/fedai.az\/index.php?rest_route=\/wp\/v2\/posts\/56708\/revisions"}],"predecessor-version":[{"id":56711,"href":"https:\/\/fedai.az\/index.php?rest_route=\/wp\/v2\/posts\/56708\/revisions\/56711"}],"wp:featuredmedia":[{"embeddable":true,"href":"https:\/\/fedai.az\/index.php?rest_route=\/wp\/v2\/media\/56710"}],"wp:attachment":[{"href":"https:\/\/fedai.az\/index.php?rest_route=%2Fwp%2Fv2%2Fmedia&parent=56708"}],"wp:term":[{"taxonomy":"category","embeddable":true,"href":"https:\/\/fedai.az\/index.php?rest_route=%2Fwp%2Fv2%2Fcategories&post=56708"},{"taxonomy":"post_tag","embeddable":true,"href":"https:\/\/fedai.az\/index.php?rest_route=%2Fwp%2Fv2%2Ftags&post=56708"}],"curies":[{"name":"wp","href":"https:\/\/api.w.org\/{rel}","templated":true}]}}