{"id":56734,"date":"2021-12-18T01:05:52","date_gmt":"2021-12-17T21:05:52","guid":{"rendered":"https:\/\/fedai.az\/?p=56734"},"modified":"2021-12-18T01:06:23","modified_gmt":"2021-12-17T21:06:23","slug":"s%c9%99hid-ail%c9%99-uzvl%c9%99rin%c9%99-guz%c9%99stl%c9%99r-artirilir","status":"publish","type":"post","link":"https:\/\/fedai.az\/?p=56734","title":{"rendered":"\u015e\u0259hid ail\u0259 \u00fczvl\u0259rin\u0259 g\u00fcz\u0259\u015ftl\u0259r art\u0131r\u0131l\u0131r"},"content":{"rendered":"\n<p><strong>Sosial i\u015f yerl\u0259rinin v\u0259 i\u015fsiz \u015f\u0259xsl\u0259rin \u00f6z\u00fcn\u00fcm\u0259\u015f\u011fullu\u011funun, habel\u0259 pe\u015f\u0259 haz\u0131rl\u0131\u011f\u0131n\u0131n t\u0259\u015fkili zaman\u0131 \u015f\u0259hid ail\u0259 \u00fczvl\u0259rin\u0259 \u00fcst\u00fcnl\u00fck veril\u0259c\u0259k.<\/strong><\/p>\n\n\n\n<p>Bu bar\u0259d\u0259 Ba\u015f nazir \u018fli \u018fs\u0259dovun q\u0259rar\u0131 il\u0259 &#171;\u015e\u0259hid ad\u0131n\u0131n \u0259b\u0259dil\u0259\u015fdirilm\u0259si v\u0259 \u015f\u0259hid ail\u0259l\u0259rin\u0259 edil\u0259n g\u00fcz\u0259\u015ftl\u0259rin t\u0259tbiqi qaydalar\u0131\u201dna d\u0259yi\u015fiklik edilib.<\/p>\n\n\n\n<p><br>H\u0259min Qanunla edilmi\u015f d\u0259yi\u015fikliy\u0259 \u0259sas\u0259n \u015f\u0259hidin ail\u0259 \u00fczvl\u0259rin\u0259 qanunvericilikl\u0259 m\u00fc\u0259yy\u0259nl\u0259\u015fdirilmi\u015f qaydada veril\u0259n t\u0259minatlar s\u0131ras\u0131na sosial i\u015f yerl\u0259rinin v\u0259 i\u015fsiz \u015f\u0259xsl\u0259rin \u00f6z\u00fcn\u00fcm\u0259\u015f\u011fullu\u011funun, habel\u0259 pe\u015f\u0259 haz\u0131rl\u0131\u011f\u0131n\u0131n t\u0259\u015fkili zaman\u0131 onlara \u00fcst\u00fcnl\u00fck verilm\u0259si d\u0259 \u0259lav\u0259 edilib.<\/p>\n\n\n\n<p><br>Bununla \u0259laq\u0259dar &#171;\u015e\u0259hid ad\u0131n\u0131n \u0259b\u0259dil\u0259\u015fdirilm\u0259si v\u0259 \u015f\u0259hid ail\u0259l\u0259rin\u0259 edil\u0259n g\u00fcz\u0259\u015ftl\u0259rin t\u0259tbiqi qaydalar\u0131n\u0131n\u201d t\u0259sdiq olunmas\u0131 haqq\u0131nda\u201d Nazirl\u0259r Kabinetinin Q\u0259rar\u0131nda d\u0259yi\u015fiklik edilm\u0259sin\u0259 z\u0259rur\u0259t yaran\u0131b.<\/p>\n","protected":false},"excerpt":{"rendered":"<p>Sosial i\u015f yerl\u0259rinin v\u0259 i\u015fsiz \u015f\u0259xsl\u0259rin \u00f6z\u00fcn\u00fcm\u0259\u015f\u011fullu\u011funun, habel\u0259 pe\u015f\u0259 haz\u0131rl\u0131\u011f\u0131n\u0131n t\u0259\u015fkili zaman\u0131 \u015f\u0259hid ail\u0259 \u00fczvl\u0259rin\u0259 \u00fcst\u00fcnl\u00fck veril\u0259c\u0259k. Bu bar\u0259d\u0259 Ba\u015f nazir \u018fli \u018fs\u0259dovun q\u0259rar\u0131<\/p>\n","protected":false},"author":2,"featured_media":56735,"comment_status":"closed","ping_status":"closed","sticky":false,"template":"","format":"standard","meta":{"footnotes":""},"categories":[12],"tags":[],"class_list":["post-56734","post","type-post","status-publish","format-standard","has-post-thumbnail","hentry","category-sosial"],"aioseo_notices":[],"_links":{"self":[{"href":"https:\/\/fedai.az\/index.php?rest_route=\/wp\/v2\/posts\/56734","targetHints":{"allow":["GET"]}}],"collection":[{"href":"https:\/\/fedai.az\/index.php?rest_route=\/wp\/v2\/posts"}],"about":[{"href":"https:\/\/fedai.az\/index.php?rest_route=\/wp\/v2\/types\/post"}],"author":[{"embeddable":true,"href":"https:\/\/fedai.az\/index.php?rest_route=\/wp\/v2\/users\/2"}],"replies":[{"embeddable":true,"href":"https:\/\/fedai.az\/index.php?rest_route=%2Fwp%2Fv2%2Fcomments&post=56734"}],"version-history":[{"count":1,"href":"https:\/\/fedai.az\/index.php?rest_route=\/wp\/v2\/posts\/56734\/revisions"}],"predecessor-version":[{"id":56736,"href":"https:\/\/fedai.az\/index.php?rest_route=\/wp\/v2\/posts\/56734\/revisions\/56736"}],"wp:featuredmedia":[{"embeddable":true,"href":"https:\/\/fedai.az\/index.php?rest_route=\/wp\/v2\/media\/56735"}],"wp:attachment":[{"href":"https:\/\/fedai.az\/index.php?rest_route=%2Fwp%2Fv2%2Fmedia&parent=56734"}],"wp:term":[{"taxonomy":"category","embeddable":true,"href":"https:\/\/fedai.az\/index.php?rest_route=%2Fwp%2Fv2%2Fcategories&post=56734"},{"taxonomy":"post_tag","embeddable":true,"href":"https:\/\/fedai.az\/index.php?rest_route=%2Fwp%2Fv2%2Ftags&post=56734"}],"curies":[{"name":"wp","href":"https:\/\/api.w.org\/{rel}","templated":true}]}}