{"id":56737,"date":"2021-12-18T01:09:20","date_gmt":"2021-12-17T21:09:20","guid":{"rendered":"https:\/\/fedai.az\/?p=56737"},"modified":"2021-12-18T01:09:50","modified_gmt":"2021-12-17T21:09:50","slug":"qarabag-erm%c9%99nil%c9%99ri-yen%c9%99-mobil-rabit%c9%99-v%c9%99-internetsiz-qaliblar","status":"publish","type":"post","link":"https:\/\/fedai.az\/?p=56737","title":{"rendered":"Qaraba\u011f erm\u0259nil\u0259ri yen\u0259 mobil rabit\u0259 v\u0259 internetsiz qal\u0131blar"},"content":{"rendered":"\n<p><strong>Qaraba\u011fda ya\u015fayan erm\u0259nil\u0259r art\u0131q noyabr\u0131n 9-dan etibar\u0259n mobil rabit\u0259d\u0259n v\u0259 internetd\u0259n istifad\u0259 ed\u0259 bilmirl\u0259r. <\/strong><\/p>\n\n\n\n<p><strong>JAMAZ.\u0130NFO x\u0259b\u0259r verir ki, istifad\u0259 etdikl\u0259rind\u0259 bel\u0259 dan\u0131\u015f\u0131qlar\u0131 yar\u0131m\u00e7\u0131q qal\u0131r v\u0259 ya \u00fcmumiyy\u0259tl\u0259 al\u0131nm\u0131r.<\/strong><\/p>\n\n\n\n<p>Separat\u00e7\u0131lar bildirirl\u0259r ki, Az\u0259rbaycan Ordusunun yerl\u0259\u015fdiyi m\u00f6vqel\u0259rin \u0259traf\u0131nda is\u0259 \u00fcmumiyy\u0259tl\u0259 n\u0259 mobil rabit\u0259, n\u0259 d\u0259 internet var. Oradak\u0131 erm\u0259nil\u0259rl\u0259 yaln\u0131z \u015f\u0259h\u0259rdaxili rabit\u0259 vasit\u0259si il\u0259 \u0259laq\u0259 saxlaya bilirl\u0259r.<\/p>\n\n\n\n<p>Qeyd ed\u0259k ki, separat\u00e7\u0131lar bu g\u00fcn yenid\u0259n m\u0259lumat yayaraq, problemin h\u0259l\u0259 davam etdiyini bildiribl\u0259r. \u00dcst\u0259lik, onu da qeyd edibl\u0259r ki, son g\u00fcnl\u0259r \u00fcmumiyy\u0259tl\u0259, mobil rabit\u0259d\u0259n v\u0259 internetd\u0259n istifad\u0259 etm\u0259 hallar\u0131 \u0259n minimuma enib. Y\u0259ni, yox d\u0259r\u0259c\u0259sind\u0259dir.<\/p>\n\n\n\n<p>Separat\u00e7\u0131lar iddia edirl\u0259r ki, Qaraba\u011fda mobil rabit\u0259 v\u0259 internetin olmamas\u0131 Az\u0259rbaycan\u0131n istifad\u0259 etdiyi yeni texnoloji avadanl\u0131qlarla h\u0259yata ke\u00e7irilir. Onlar\u0131n s\u00f6zl\u0259rin\u0259 g\u00f6r\u0259, guya, Az\u0259rbaycan t\u0259r\u0259fi b\u00f6lg\u0259d\u0259 x\u00fcsusi avadanl\u0131q yerl\u0259\u015fdirib, onun yard\u0131m\u0131 il\u0259 mobil rabit\u0259 v\u0259 interneti s\u00f6nd\u00fcrm\u0259y\u0259 nail olub. Eyni zamanda, ba\u015f ver\u0259nl\u0259ri Bak\u0131n\u0131n \u201cspekuliyasiyas\u0131\u201d adland\u0131r\u0131blar.<\/p>\n","protected":false},"excerpt":{"rendered":"<p>Qaraba\u011fda ya\u015fayan erm\u0259nil\u0259r art\u0131q noyabr\u0131n 9-dan etibar\u0259n mobil rabit\u0259d\u0259n v\u0259 internetd\u0259n istifad\u0259 ed\u0259 bilmirl\u0259r. JAMAZ.\u0130NFO x\u0259b\u0259r verir ki, istifad\u0259 etdikl\u0259rind\u0259 bel\u0259 dan\u0131\u015f\u0131qlar\u0131 yar\u0131m\u00e7\u0131q qal\u0131r<\/p>\n","protected":false},"author":2,"featured_media":56738,"comment_status":"closed","ping_status":"closed","sticky":false,"template":"","format":"standard","meta":{"footnotes":""},"categories":[4],"tags":[],"class_list":["post-56737","post","type-post","status-publish","format-standard","has-post-thumbnail","hentry","category-qarabag"],"aioseo_notices":[],"_links":{"self":[{"href":"https:\/\/fedai.az\/index.php?rest_route=\/wp\/v2\/posts\/56737","targetHints":{"allow":["GET"]}}],"collection":[{"href":"https:\/\/fedai.az\/index.php?rest_route=\/wp\/v2\/posts"}],"about":[{"href":"https:\/\/fedai.az\/index.php?rest_route=\/wp\/v2\/types\/post"}],"author":[{"embeddable":true,"href":"https:\/\/fedai.az\/index.php?rest_route=\/wp\/v2\/users\/2"}],"replies":[{"embeddable":true,"href":"https:\/\/fedai.az\/index.php?rest_route=%2Fwp%2Fv2%2Fcomments&post=56737"}],"version-history":[{"count":1,"href":"https:\/\/fedai.az\/index.php?rest_route=\/wp\/v2\/posts\/56737\/revisions"}],"predecessor-version":[{"id":56739,"href":"https:\/\/fedai.az\/index.php?rest_route=\/wp\/v2\/posts\/56737\/revisions\/56739"}],"wp:featuredmedia":[{"embeddable":true,"href":"https:\/\/fedai.az\/index.php?rest_route=\/wp\/v2\/media\/56738"}],"wp:attachment":[{"href":"https:\/\/fedai.az\/index.php?rest_route=%2Fwp%2Fv2%2Fmedia&parent=56737"}],"wp:term":[{"taxonomy":"category","embeddable":true,"href":"https:\/\/fedai.az\/index.php?rest_route=%2Fwp%2Fv2%2Fcategories&post=56737"},{"taxonomy":"post_tag","embeddable":true,"href":"https:\/\/fedai.az\/index.php?rest_route=%2Fwp%2Fv2%2Ftags&post=56737"}],"curies":[{"name":"wp","href":"https:\/\/api.w.org\/{rel}","templated":true}]}}