{"id":56743,"date":"2021-12-18T01:47:07","date_gmt":"2021-12-17T21:47:07","guid":{"rendered":"https:\/\/fedai.az\/?p=56743"},"modified":"2021-12-18T02:30:40","modified_gmt":"2021-12-17T22:30:40","slug":"polkovnik%c9%99-t%c9%99brik-var-musayev-salman-c%c9%99lal-oglu","status":"publish","type":"post","link":"https:\/\/fedai.az\/?p=56743","title":{"rendered":"Polkovnik\u0259 t\u0259brik var: MUSAYEV SALMAN C\u018fLAL \u00d6\u011eLU"},"content":{"rendered":"\n<p><strong><span class=\"has-inline-color has-vivid-red-color\">Y\u00fcks\u0259k pe\u015f\u0259karl\u0131\u011f\u0131 v\u0259 humanistliyi il\u0259,n\u0259z\u0259ri v\u0259 praktiki biliyi il\u0259 (t\u0259cr\u00fcb\u0259si il\u0259), m\u0259n\u0259vi v\u0259 i\u015fg\u00fczar keyfiyy\u0259ti il\u0259, d\u0259qiqliyi v\u0259 t\u0259mkinliyi il\u0259, sad\u0259liyi v\u0259 s\u0259mimiyy\u0259ti il\u0259, idar\u0259 etm\u0259 qabiliyy\u0259ti il\u0259, \u00f6z\u00fcn\u0259 v\u0259 tabeliyind\u0259 olan h\u0259rbi qulluq\u00e7ulara qar\u015f\u0131 t\u0259l\u0259bkarl\u0131\u011f\u0131 il\u0259, h\u0259m\u00e7inin t\u0259vaz\u00f6karl\u0131\u011f\u0131 il\u0259 se\u00e7il\u0259n \u00f6mrunun \u0259n m\u0259hsuldar d\u00f6vr\u00fcn\u00fcn 31 (otuz bir) ild\u0259n \u00e7ox \u015f\u0259r\u0259fli xidm\u0259t yolunu Daxili \u0130\u015fl\u0259r Nazirliyinin Daxili Qo\u015funlar\u0131nda ke\u00e7ir\u0259n Silahl\u0131 Q\u00fcvv\u0259l\u0259r v\u0259 M\u00fcharib\u0259 Veteran\u0131, Az\u0259rbaycan V\u0259t\u0259n M\u00fcharib\u0259si Veteranlar\u0131 \u0130ctimai Birliyinin (AVMV\u0130B) s\u0259dr m\u00fcavini, Yeni Az\u0259rbaycan Partiyas\u0131n\u0131n \u00fczv\u00fc polkovnik M\u00fcsayev Salman Calal o\u011flunun ad g\u00fcn\u00fcd\u00fcr.<\/span><\/strong><\/p>\n\n\n\n<p><br><strong>AVMV\u0130B R\u0259hb\u0259rliyi, F\u0259dai. az kollektivi Az\u0259rbaycan V\u0259t\u0259n M\u00fcharib\u0259si Veteranlar\u0131 \u0130ctimai Birliyinin (AVMV\u0130B) s\u0259dr m\u00fcavini polkovnik Salman Musayevi do\u011fum g\u00fcn\u00fc munasb\u0259til\u0259 s\u0259mimi q\u0259lbd\u0259n t\u0259brik edir, h\u0259yatda insan \u00fc\u00e7\u00fcn \u0259n \u015firin nem\u0259t olan m\u00f6hk\u0259m can sa\u011fl\u0131\u011f\u0131 v\u0259 h\u0259yat yollarinda bitib &#8212; t\u00fck\u0259nm\u0259y\u0259n nailiyy\u0259tl\u0259r arzulay\u0131r.<\/strong><\/p>\n\n\n\n<p><br>Qoy ya\u015f\u0131n\u0131n \u00fcst\u0259 g\u0259l\u0259n bu ya\u015f ona sevinc dolu g\u00fcnl\u0259r b\u0259x\u015f etsin, h\u0259r yeni g\u00fcn\u00fc is\u0259 \u00f6t\u0259n g\u00fcnl\u0259rd\u0259n daha g\u00f6z\u0259l ke\u00e7sin. Amin!<\/p>\n\n\n\n<p><br><strong>Polkovnik Musayev Salman Calal o\u011flu 18 dekabr 1959 -cu ild\u0259 G\u00fcrc\u00fcstan Respublikas\u0131n\u0131n Bolnisi rayonunun Senebi k\u0259ndind\u0259 anadan olub.<\/strong><\/p>\n\n\n\n<figure class=\"wp-block-gallery columns-3 is-cropped wp-block-gallery-1 is-layout-flex wp-block-gallery-is-layout-flex\"><ul class=\"blocks-gallery-grid\"><li class=\"blocks-gallery-item\"><figure><img loading=\"lazy\" decoding=\"async\" width=\"1024\" height=\"981\" src=\"https:\/\/fedai.az\/wp-content\/uploads\/2021\/12\/20211217_205354-1024x981.jpg\" alt=\"\" data-id=\"56744\" data-link=\"https:\/\/fedai.az\/?attachment_id=56744\" class=\"wp-image-56744\" srcset=\"https:\/\/fedai.az\/wp-content\/uploads\/2021\/12\/20211217_205354-1024x981.jpg 1024w, https:\/\/fedai.az\/wp-content\/uploads\/2021\/12\/20211217_205354-300x287.jpg 300w, https:\/\/fedai.az\/wp-content\/uploads\/2021\/12\/20211217_205354-150x144.jpg 150w, https:\/\/fedai.az\/wp-content\/uploads\/2021\/12\/20211217_205354-768x736.jpg 768w, https:\/\/fedai.az\/wp-content\/uploads\/2021\/12\/20211217_205354-1536x1471.jpg 1536w, https:\/\/fedai.az\/wp-content\/uploads\/2021\/12\/20211217_205354-2048x1962.jpg 2048w\" sizes=\"auto, (max-width: 1024px) 100vw, 1024px\" \/><\/figure><\/li><li class=\"blocks-gallery-item\"><figure><img loading=\"lazy\" decoding=\"async\" width=\"228\" height=\"306\" src=\"https:\/\/fedai.az\/wp-content\/uploads\/2021\/12\/img350-\u043a\u043e\u043f\u0438\u044f.jpg\" alt=\"\" data-id=\"56745\" data-link=\"https:\/\/fedai.az\/?attachment_id=56745\" class=\"wp-image-56745\" srcset=\"https:\/\/fedai.az\/wp-content\/uploads\/2021\/12\/img350-\u043a\u043e\u043f\u0438\u044f.jpg 228w, https:\/\/fedai.az\/wp-content\/uploads\/2021\/12\/img350-\u043a\u043e\u043f\u0438\u044f-224x300.jpg 224w, https:\/\/fedai.az\/wp-content\/uploads\/2021\/12\/img350-\u043a\u043e\u043f\u0438\u044f-112x150.jpg 112w\" sizes=\"auto, (max-width: 228px) 100vw, 228px\" \/><\/figure><\/li><li class=\"blocks-gallery-item\"><figure><img decoding=\"async\" src=\"https:\/\/fedai.az\/wp-content\/uploads\/2021\/12\/UUU4-777x1024.jpg\" alt=\"\" data-id=\"56747\" data-full-url=\"https:\/\/fedai.az\/wp-content\/uploads\/2021\/12\/UUU4.jpg\" data-link=\"https:\/\/fedai.az\/?attachment_id=56747\" class=\"wp-image-56747\"\/><\/figure><\/li><\/ul><\/figure>\n\n\n\n<p>O, 1972-ci ild\u0259 G\u00fcrc\u00fcstan Respublikas\u0131n\u0131n Bolnis rayonunun Senebi k\u0259nd ibtidai m\u0259kt\u0259bini, 1977 &#8212; ci ild\u0259 Bolnis rayonunun Akaurt (Ayorta) tam orta m\u0259kt\u0259bi, 1984-c\u00fc ild\u0259 SSR\u0130 Daxili \u0130\u015fl\u0259r Nazirliyinin Daxili Qo\u015funlar\u0131n LKG\u0130-nin 60-iliyi ad\u0131na Sankt-Peterburq (ke\u00e7mi\u015f Leninqrad) Ali H\u0259rbi Siyas\u0131 M\u0259kt\u0259bini, 2001-ci ild\u0259 Az\u0259rbaycan Respublikas\u0131n\u0131n Daxili \u0130\u015fl\u0259r Nazirliyinin Polis Akademiyas\u0131n\u0131 bitirib. Daxili Qo\u015funlarda xidm\u0259t etdiyi ill\u0259r \u0259rzind\u0259 Daxili Qo\u015funlar\u0131n Rostov \u015f\u0259h\u0259rind\u0259 yerl\u0259\u015f\u0259n Zaqafqaziya \u00fczr\u0259 Ba\u015f \u0130dar\u0259sind\u0259, SSR\u0130 D\u0130N-in Daxili Qo\u015funlar\u0131n Tbilisi \u015f\u0259h\u0259rind\u0259 yerl\u0259\u015f\u0259n Diviziyada, Daxili Qo\u015funlar\u0131n Tbilisi, Kutaisi v\u0259 Bak\u0131 \u015f\u0259h\u0259rind\u0259 yerl\u0259\u015f\u0259n h\u0259rbi hiss\u0259l\u0259rd\u0259 ke\u00e7iril\u0259n metodiki &#8212; t\u0259lim toplan\u0131\u015flar\u0131nda, ixtisas art\u0131rma kurslar\u0131nda, x\u00fcsusi &#8212; taktiki t\u0259liml\u0259rd\u0259, seminar v\u0259 konfraslarda f\u0259al i\u015ftirak edib.<\/p>\n\n\n\n<p><br>Polkovnik Musayev Salman Calal o\u011flu 1977-1978-ci ill\u0259rd\u0259 G\u00fcrc\u00fcstan Respublikas\u0131n\u0131n Rustavi \u015f\u0259h\u0259rind\u0259 yerl\u0259\u015f\u0259n Metal \u0259ritm\u0259 zavodunda 3-c\u00fc d\u0259r\u0259c\u0259li montaj\u00e7\u0131 v\u0259zif\u0259sind\u0259 i\u015fl\u0259yib. 1978-1980 ci ill\u0259rd\u0259 SSR\u0130 Daxili Nazirliyinin Daxili Qo\u015funlar\u0131n\u0131n Dnepropetrovsk v\u0259 Xabarovsk \u015f\u0259h\u0259rl\u0259rind\u0259 yerl\u0259\u015f\u0259n m\u00fch\u00fcm d\u00f6vl\u0259t \u0259h\u0259miyy\u0259tli obyektl\u0259rin m\u00fchafiz\u0259si h\u0259rbi hiss\u0259l\u0259rind\u0259 manqa komandiri v\u0259 taq\u0131m komandirinin m\u00fcavini v\u0259zif\u0259l\u0259rind\u0259 m\u00fcddd\u0259tli h\u0259qiqi h\u0259rbi xidm\u0259td\u0259 olub.<\/p>\n\n\n\n<figure class=\"wp-block-gallery columns-2 is-cropped wp-block-gallery-2 is-layout-flex wp-block-gallery-is-layout-flex\"><ul class=\"blocks-gallery-grid\"><li class=\"blocks-gallery-item\"><figure><img loading=\"lazy\" decoding=\"async\" width=\"727\" height=\"1024\" src=\"https:\/\/fedai.az\/wp-content\/uploads\/2021\/12\/EE3-727x1024.jpg\" alt=\"\" data-id=\"56748\" data-link=\"https:\/\/fedai.az\/?attachment_id=56748\" class=\"wp-image-56748\" srcset=\"https:\/\/fedai.az\/wp-content\/uploads\/2021\/12\/EE3-727x1024.jpg 727w, https:\/\/fedai.az\/wp-content\/uploads\/2021\/12\/EE3-213x300.jpg 213w, https:\/\/fedai.az\/wp-content\/uploads\/2021\/12\/EE3-107x150.jpg 107w, https:\/\/fedai.az\/wp-content\/uploads\/2021\/12\/EE3-768x1082.jpg 768w, https:\/\/fedai.az\/wp-content\/uploads\/2021\/12\/EE3.jpg 1009w\" sizes=\"auto, (max-width: 727px) 100vw, 727px\" \/><\/figure><\/li><li class=\"blocks-gallery-item\"><figure><img loading=\"lazy\" decoding=\"async\" width=\"1024\" height=\"975\" src=\"https:\/\/fedai.az\/wp-content\/uploads\/2021\/12\/UU3-1024x975.jpg\" alt=\"\" data-id=\"56749\" data-full-url=\"https:\/\/fedai.az\/wp-content\/uploads\/2021\/12\/UU3.jpg\" data-link=\"https:\/\/fedai.az\/?attachment_id=56749\" class=\"wp-image-56749\" srcset=\"https:\/\/fedai.az\/wp-content\/uploads\/2021\/12\/UU3-1024x975.jpg 1024w, https:\/\/fedai.az\/wp-content\/uploads\/2021\/12\/UU3-300x286.jpg 300w, https:\/\/fedai.az\/wp-content\/uploads\/2021\/12\/UU3-150x143.jpg 150w, https:\/\/fedai.az\/wp-content\/uploads\/2021\/12\/UU3-768x731.jpg 768w, https:\/\/fedai.az\/wp-content\/uploads\/2021\/12\/UU3.jpg 1080w\" sizes=\"auto, (max-width: 1024px) 100vw, 1024px\" \/><\/figure><\/li><\/ul><\/figure>\n\n\n\n<p><br>Musayev Salman Calal o\u011flu 1984-c\u00fc ill\u0259rd\u0259 SSR\u0130 Daxili \u0130\u015f\u0259lr Nazirliyinin Daxili Qo\u015funlar\u0131n Tbilisi, K\u00fctaisi, Rustavi, Nax\u00e7\u0131van \u015f\u0259h\u0259rl\u0259rind\u0259 v\u0259 G\u00fcrc\u00fcstan Respublikas\u0131n\u0131n \u00c7ulqidze (indiki Xoni), Sxaltubo v\u0259 Sakarejo rayonunlar\u0131nda yerl\u0259\u015f\u0259n h\u0259rbi hiss\u0259l\u0259rind\u0259 taq\u0131m komandiri, b\u00f6l\u00fck komandiri, H\u0259rbi hiss\u0259nin Q\u0259rargah r\u0259isinin d\u00f6y\u00fc\u015f haz\u0131rl\u0131\u011f\u0131 \u00fczr\u0259 ba\u015f k\u00f6m\u0259k\u00e7i v\u0259zif\u0259l\u0259rind\u0259 xidm\u0259t edib.<\/p>\n\n\n\n<p><br>O, 1991-ci ilin noyabr ay\u0131ndan 1993-c\u00fc ilin fevral ay\u0131na kimi Az\u0259rbaycan Respublikas\u0131n\u0131n Daxili \u0130\u015fl\u0259r Nazirliyinin Daxili Qo\u015funlar\u0131n Ba\u015f \u0130dar\u0259sinin Bin\u0259q\u0259di rayonunda yerl\u0259\u015f\u0259n X\u00fcsusi motorla\u015fd\u0131r\u0131lm\u015f polis alay\u0131nda alay\u0131n d\u00f6y\u00fc\u015f v\u0259 m\u0259n\u0259vi pisxoloji haz\u0131rl\u0131\u011f\u0131 b\u00f6lm\u0259s\u0131n\u0131n ilk r\u0259isi, DQB\u0130-nin \u015eirvan (\u018flibayraml\u0131) \u015f\u0259h\u0259rind\u0259 ilk d\u0259f\u0259 yeni yarad\u0131lm\u0131\u015f t\u0259dris alay komandirinin birinci m\u00fcavini, T\u0259dris Alay komandiri, 1993-c\u00fc ilin fevral ay\u0131ndan -1999-cu ilin dekabr ay\u0131na kimi Daxili \u0130\u015fl\u0259r Nazirliyinin Daxili Qo\u015funlar\u0131n\u0131n Ba\u015f \u0130dar\u0259sinin D\u00f6y\u00fc\u015f Haz\u0131rl\u0131\u011f\u0131 \u0130dar\u0259sinin r\u0259isi, 2000-2009-cu il\u0259rd\u0259 is\u0259 Daxili Qo\u015funlar\u0131n Ba\u015f \u0130dar\u0259sinin \u0130nspeksiyas\u0131n\u0131n (\u0130dar\u0259 s\u0259lahiyy\u0259tli) ilk r\u0259isi v\u0259zif\u0259l\u0259rind\u0259 V\u0259t\u0259n\u0259, D\u00f6vl\u0259t\u0259 v\u0259 xalqa s\u0259daq\u0259tl\u0259 xidm\u0259t etmi\u015fdir.<\/p>\n\n\n\n<figure class=\"wp-block-image size-large is-resized\"><img loading=\"lazy\" decoding=\"async\" src=\"https:\/\/fedai.az\/wp-content\/uploads\/2021\/12\/SA5-933x1024.jpg\" alt=\"\" class=\"wp-image-56750\" width=\"1097\" height=\"1204\" srcset=\"https:\/\/fedai.az\/wp-content\/uploads\/2021\/12\/SA5-933x1024.jpg 933w, https:\/\/fedai.az\/wp-content\/uploads\/2021\/12\/SA5-273x300.jpg 273w, https:\/\/fedai.az\/wp-content\/uploads\/2021\/12\/SA5-137x150.jpg 137w, https:\/\/fedai.az\/wp-content\/uploads\/2021\/12\/SA5-768x843.jpg 768w, https:\/\/fedai.az\/wp-content\/uploads\/2021\/12\/SA5-1399x1536.jpg 1399w, https:\/\/fedai.az\/wp-content\/uploads\/2021\/12\/SA5-1865x2048.jpg 1865w\" sizes=\"auto, (max-width: 1097px) 100vw, 1097px\" \/><\/figure>\n\n\n\n<p><br>O, Daxili \u0130\u015fl\u0259r Nazirnin m\u00fcvafiq \u0259mri il\u0259 1993-c\u00fc ilin noyabr ay\u0131ndan-2003 ilin dekabr ay\u0131na kimi Daxili Qo\u015funlar Komandan\u0131n birinci m\u00fcavini v\u0259zif\u0259sini icra etmi\u015fdir.<\/p>\n\n\n\n<p><br>O, 1992 -ci ilin may-iyun aylar\u0131nda Z\u0259ngilan v\u0259 Qubadl\u0131 rayonlar\u0131n\u0131n bir s\u0131ra ya\u015fay\u0131\u015f m\u0259nt\u0259q\u0259l\u0259rinin d\u00fc\u015fm\u0259n h\u00fccumlar\u0131ndan d\u0259f edilm\u0259sin\u0259, \u0259ks-h\u00fccum \u0259m\u0259liyyatlar\u0131n\u0131n kecirilm\u0259sin\u0259 r\u0259hb\u0259rliyi h\u0259yata ke\u00e7irib.1993-c\u00fc ilin fevral -sentyabr aylar\u0131nda A\u011fdam v\u0259 A\u011fd\u0259r\u0259 rayonlar\u0131n\u0131n ya\u015fay\u0131\u015f m\u0259nt\u0259q\u0259l\u0259rinin m\u00fcdafi\u0259si \u00fczr\u0259 \u0259m\u0259liyyatlar\u0131n haz\u0131rlanmas\u0131 v\u0259 apar\u0131lmas\u0131nda, h\u0259yata ke\u00e7irilm\u0259sind\u0259 f\u0259al i\u015ftirak edib. 1993- c\u00fc ilin noyabr, dekabr 1994-c\u00fc ilin is\u0259 yanvar aylar\u0131nda F\u00fczuli rayonunun 11(on bir) ya\u015fay\u0131\u015f m\u0259nt\u0259q\u0259sinin v\u0259 Horadiz q\u0259s\u0259b\u0259sinin d\u00fc\u015fm\u0259sind\u0259n azad edilm\u0259si \u00fcc\u00fcn m\u00fcvafiq \u0259m\u0259liyyat planlar\u0131n\u0131n (\u0259mrl\u0259rin,m\u00fcvafiq s\u0259n\u0259dl\u0259rin ) haz\u0131rlanmas\u0131 v\u0259 h\u0259yata ke\u00e7irilm\u0259sind\u0259 el\u0259c\u0259d\u0259 d\u00f6y\u00fc\u015f \u0259m\u0259liyyatlar\u0131nda \u00fcz\u0259rin\u0259 d\u00fc\u015f\u0259n v\u0259zif\u0259 v\u0259 tap\u015f\u0131r\u0131qlar\u0131 layiqinc\u0259 yerin\u0259 yetirib. Daxili \u0130\u015fl\u0259r Nazirliyinin Daxili Qo\u015funlar\u0131n Ba\u015f \u0130dar\u0259sinin bir \u00e7ox h\u0259rbi hiss\u0259l\u0259rinin b\u00f6lm\u0259l\u0259rind\u0259n, Daxili \u0130\u015fl\u0259r Nazirliyinin is\u0259 Ba\u015f M\u00fchafiz\u0259, D\u00f6vl\u0259t Yan\u011f\u0131n T\u0259hl\u00fck\u0259sizlik, Bak\u0131 \u015f\u0259h\u0259r rayonlar\u0131n\u0131n polis idar\u0259l\u0259rinin, \u018flahidd\u0259 \u00c7evik Polis Alay\u0131n\u0131n, X\u00fcsusi T\u0259yinatl\u0131 Polis D\u0259st\u0259si v\u0259 S\u0259rh\u0259dyan\u0131 Polis \u015f\u00f6b\u0259l\u0259rind\u0259n ibar\u0259t qrupla\u015fm\u0131\u015f birl\u0259\u015fm\u0259nin \u00f6n c\u0259bh\u0259 q\u0259rargah\u0131n\u0131n r\u0259isi s\u0259lahiyy\u0259tl\u0259ri vaxta\u015far\u0131 olaraq m\u0259suliyy\u0259t v\u0259 \u015f\u0259r\u0259f hissi il\u0259 yer\u0131n\u0259 yetirib. Silahl\u0131 Q\u00fcvv\u0259l\u0259r v\u0259 M\u00fcharib\u0259 Veteran\u0131d\u0131r.<\/p>\n\n\n\n<figure class=\"wp-block-gallery columns-2 is-cropped wp-block-gallery-3 is-layout-flex wp-block-gallery-is-layout-flex\"><ul class=\"blocks-gallery-grid\"><li class=\"blocks-gallery-item\"><figure><img loading=\"lazy\" decoding=\"async\" width=\"715\" height=\"1024\" src=\"https:\/\/fedai.az\/wp-content\/uploads\/2021\/12\/266669824_1321826881574597_6419529648422405451_n-715x1024.jpg\" alt=\"\" data-id=\"56751\" data-link=\"https:\/\/fedai.az\/?attachment_id=56751\" class=\"wp-image-56751\" srcset=\"https:\/\/fedai.az\/wp-content\/uploads\/2021\/12\/266669824_1321826881574597_6419529648422405451_n-715x1024.jpg 715w, https:\/\/fedai.az\/wp-content\/uploads\/2021\/12\/266669824_1321826881574597_6419529648422405451_n-210x300.jpg 210w, https:\/\/fedai.az\/wp-content\/uploads\/2021\/12\/266669824_1321826881574597_6419529648422405451_n-105x150.jpg 105w, https:\/\/fedai.az\/wp-content\/uploads\/2021\/12\/266669824_1321826881574597_6419529648422405451_n-768x1099.jpg 768w, https:\/\/fedai.az\/wp-content\/uploads\/2021\/12\/266669824_1321826881574597_6419529648422405451_n.jpg 844w\" sizes=\"auto, (max-width: 715px) 100vw, 715px\" \/><\/figure><\/li><li class=\"blocks-gallery-item\"><figure><img loading=\"lazy\" decoding=\"async\" width=\"930\" height=\"1024\" src=\"https:\/\/fedai.az\/wp-content\/uploads\/2021\/12\/LO9-1-930x1024.jpg\" alt=\"\" data-id=\"56752\" data-full-url=\"https:\/\/fedai.az\/wp-content\/uploads\/2021\/12\/LO9-1.jpg\" data-link=\"https:\/\/fedai.az\/?attachment_id=56752\" class=\"wp-image-56752\" srcset=\"https:\/\/fedai.az\/wp-content\/uploads\/2021\/12\/LO9-1-930x1024.jpg 930w, https:\/\/fedai.az\/wp-content\/uploads\/2021\/12\/LO9-1-272x300.jpg 272w, https:\/\/fedai.az\/wp-content\/uploads\/2021\/12\/LO9-1-136x150.jpg 136w, https:\/\/fedai.az\/wp-content\/uploads\/2021\/12\/LO9-1-768x846.jpg 768w, https:\/\/fedai.az\/wp-content\/uploads\/2021\/12\/LO9-1.jpg 1068w\" sizes=\"auto, (max-width: 930px) 100vw, 930px\" \/><\/figure><\/li><\/ul><\/figure>\n\n\n\n<p><br>Polkovnik Salman Musayev 1984-ci ild\u0259 SSR\u0130-nin Daxili \u0130\u015fl\u0259r Nazirliyinin Daxili Qo\u015funlar\u0131n\u0131n G\u00fcrc\u00fcstan Respublikas\u0131n\u0131n K\u00fctaisi \u015f\u0259h\u0259rind\u0259 yerl\u0259\u015f\u0259n M\u00fchafiz\u0259 &#8212; Konvoy alay\u0131nda xidm\u0259t ed\u0259n zaman Xobi v\u0259 \u00c7aqeri rayonlar\u0131nda ba\u015f vermi\u015f t\u0259bii da\u015fq\u0131nlar zaman\u0131 30-dan cox m\u00fclki insanlar\u0131 xilas edib. Eyni zamanda 1985- 1989-cu ill\u0259rd\u0259 G\u00fcrc\u00fcstan Respublikas\u0131n\u0131n Sxaltubo rayonunun Qequtu, Culkidze (indiki Xoni) rayonunun is\u0259 Dedlauri v\u0259 Nama\u015fevi q\u0259s\u0259b\u0259l\u0259rind\u0259ki (\u00c7ay sovxozundak\u0131) c\u0259za\u00e7\u0259km\u0259 m\u00fc\u0259ssis\u0259l\u0259rind\u0259n qa\u00e7m\u0131\u015f 25 n\u0259f\u0259rd\u0259n \u00e7ox m\u0259hbusu qeyd olunan m\u00fc\u0259ssis\u0259l\u0259rin 30 (otuz) km radiusunda onun \u015f\u0259xs\u0259n r\u0259hb\u0259rlik etdiyi \u0259m\u0259liyyat axtar\u0131\u015f qrupu t\u0259r\u0259find\u0259n tutulmu\u015fdur.<br><\/p>\n\n\n\n<figure class=\"wp-block-image size-large\"><img loading=\"lazy\" decoding=\"async\" width=\"1024\" height=\"768\" src=\"https:\/\/fedai.az\/wp-content\/uploads\/2021\/12\/267356654_1112195389609750_1003325533238816831_n-1024x768.jpg\" alt=\"\" class=\"wp-image-56779\" srcset=\"https:\/\/fedai.az\/wp-content\/uploads\/2021\/12\/267356654_1112195389609750_1003325533238816831_n-1024x768.jpg 1024w, https:\/\/fedai.az\/wp-content\/uploads\/2021\/12\/267356654_1112195389609750_1003325533238816831_n-300x225.jpg 300w, https:\/\/fedai.az\/wp-content\/uploads\/2021\/12\/267356654_1112195389609750_1003325533238816831_n-150x113.jpg 150w, https:\/\/fedai.az\/wp-content\/uploads\/2021\/12\/267356654_1112195389609750_1003325533238816831_n-768x576.jpg 768w, https:\/\/fedai.az\/wp-content\/uploads\/2021\/12\/267356654_1112195389609750_1003325533238816831_n-1536x1152.jpg 1536w, https:\/\/fedai.az\/wp-content\/uploads\/2021\/12\/267356654_1112195389609750_1003325533238816831_n.jpg 1600w\" sizes=\"auto, (max-width: 1024px) 100vw, 1024px\" \/><\/figure>\n\n\n\n<p>G\u00fcrc\u00fcstan Respublikas\u0131n\u0131n Rustavi, Tbilisi \u015f\u0259h\u0259rl\u0259rind\u0259ki, Saqaredjo v\u0259 Ksani rayonlar\u0131ndak\u0131 c\u0259za\u00e7\u0259km\u0259 m\u00fc\u0259ssis\u0259l\u0259rind\u0259, G\u00fcrc\u00fcstan Respublikas\u0131n\u0131n \u00c7xinvali rayonunda ba\u015f vermi\u015f k\u00fctl\u0259vi ixti\u015fa\u015flar\u0131n qar\u015f\u0131s\u0131n\u0131n al\u0131nmas\u0131nda, M\u00fcst\u0259qil Respublikam\u0131z\u0131n, D\u00f6vl\u0259tcliymizin qorunmas\u0131 namin\u0259 is\u0259 Bak\u0131, G\u0259nc\u0259, L\u0259nk\u0259ran, \u015e\u0259ki \u015f\u0259h\u0259rl\u0259rind\u0259, el\u0259c\u0259 d\u0259 Qusar, Samux v\u0259 Bab\u0259k rayonlar\u0131nda ba\u015f vermi\u015f ixt\u015fa\u015flar\u0131n qar\u015f\u0131s\u0131n\u0131n al\u0131nmas\u0131nda, h\u0259min b\u00f6lg\u0259l\u0259rd\u0259 yerl\u0259\u015f\u0259n D\u0130N-in polis \u0259m\u0259kda\u015flar\u0131 il\u0259 \u0259m\u0259liyyata c\u0259lb edil\u0259n Daxili Qo\u015funlar\u0131n h\u0259rbi hiss\u0259l\u0259rind\u0259 ibar\u0259t birl\u0259\u015fmi\u015f d\u0259st\u0259l\u0259rin \u015f\u0259xsi hey\u0259tin\u0259 \u0259m\u0259liyyat r\u0259hb\u0259rinin qo\u015funlar \u00fczr\u0259 m\u00fcavini kimi r\u0259hb\u0259rlik edib.<\/p>\n\n\n\n<figure class=\"wp-block-image size-large\"><img loading=\"lazy\" decoding=\"async\" width=\"1024\" height=\"619\" src=\"https:\/\/fedai.az\/wp-content\/uploads\/2021\/12\/265895397_255921223139703_6929166235790493183_n-1024x619.jpg\" alt=\"\" class=\"wp-image-56753\" srcset=\"https:\/\/fedai.az\/wp-content\/uploads\/2021\/12\/265895397_255921223139703_6929166235790493183_n-1024x619.jpg 1024w, https:\/\/fedai.az\/wp-content\/uploads\/2021\/12\/265895397_255921223139703_6929166235790493183_n-300x181.jpg 300w, https:\/\/fedai.az\/wp-content\/uploads\/2021\/12\/265895397_255921223139703_6929166235790493183_n-150x91.jpg 150w, https:\/\/fedai.az\/wp-content\/uploads\/2021\/12\/265895397_255921223139703_6929166235790493183_n-768x465.jpg 768w, https:\/\/fedai.az\/wp-content\/uploads\/2021\/12\/265895397_255921223139703_6929166235790493183_n.jpg 1536w\" sizes=\"auto, (max-width: 1024px) 100vw, 1024px\" \/><\/figure>\n\n\n\n<p><br>1994-2007-ci ill\u0259rd\u0259 Az\u0259rbaycan Respublikas\u0131n\u0131n Balak\u0259n, Zaqatala, \u015e\u0259ki, O\u011fuz, Q\u0259b\u0259l\u0259, Qusar v\u0259 Xa\u00e7maz b\u00f6lg\u0259l\u0259rind\u0259 kriminogen v\u0259ziyy\u0259tin g\u0259rginl\u0259\u015fdiyi bir zamanda bar\u0259l\u0259rind\u0259 axtar\u0131\u015f edilmi\u015f m\u00fct\u0259\u015f\u0259kkil v\u0259 dig\u0259r t\u0259hl\u00fck\u0259li cinay\u0259tl\u0259rin axtar\u0131\u015f\u0131, gizl\u0259dilmi\u015f silah-sursatlar\u0131n, partlay\u0131c\u0131 vasit\u0259l\u0259rin v\u0259 yaban\u0131 halda bitmi\u015f narkotik t\u0259rkibli bitkil\u0259rin tap\u0131l\u0131b z\u0259r\u0259rsizl\u0259\u015fdirilm\u0259si ,m\u00fchum obyektl\u0259rin m\u00fchafiz\u0259si \u00fczr\u0259 &#171;S\u0259rh\u0259d&#187; ad\u0131\u0131 x\u00fcsusi \u0259m\u0259liyyatlarda Daxili \u0130\u015fl\u0259r Nazirnin m\u00fcvafiq \u0259mrl\u0259ri il\u0259 \u0259m\u0259liyyat q\u0259rargah\u0131n\u0131n \u00fczv\u00fc, m\u00fcavini v\u0259 r\u0259hb\u0259ri kimi \u00fcz\u0259rin\u0259 d\u00fcs\u0259n v\u0259zif\u0259 v\u0259 tap\u015f\u0131r\u0131qlar\u0131n \u00f6hd\u0259sind\u0259n layiqinc\u0259 g\u0259lmi\u015fdir.<\/p>\n\n\n\n<p><br>Daxili Qo\u015funlarda xidm\u0259t etdiyi ill\u0259r \u0259rzind\u0259 b\u00f6l\u00fcy\u00fcn v\u0259 taborun Komsomol v\u0259 Kommunist Partiya t\u0259\u015fkilat\u0131n\u0131n katibi,1995-2003 -c\u00fc ill\u0259rd\u0259 D\u0130N-in B\u0259d\u0259n T\u0259rbiy\u0259si v\u0259 \u0130dman C\u0259miyy\u0259ti \u015furas\u0131n\u0131n s\u0259dr m\u00fcavini, Daxili Qo\u015funlar\u0131n Bas \u0130dar\u0259sinin Attestasiya v\u0259 mandant komissiyalar\u0131n\u0131n, \u0130dman komt\u0259sinin, h\u0259rbi elmi-s\u0259m\u0259r\u0259l\u0259\u015fdirici v\u0259 ixtira i\u015fl\u0259ri, metodiki v\u0259 zabitl\u0259r \u015furalar\u0131n\u0131n s\u0259dri, 1997-2009-cu ill\u0259rd\u0259 is\u0259 Daxili Qo\u015funlar\u0131n Ba\u015f \u0130dar\u0259sinin m\u0259nzil- m\u0259i\u015f\u0259t (kommunal) komissiyan\u0131n s\u0259dri kimi ictimai v\u0259zif\u0259l\u0259ri yerin\u0259 yetirib.<\/p>\n\n\n\n<figure class=\"wp-block-image size-large\"><img loading=\"lazy\" decoding=\"async\" width=\"1024\" height=\"975\" src=\"https:\/\/fedai.az\/wp-content\/uploads\/2021\/12\/UU3-1-1024x975.jpg\" alt=\"\" class=\"wp-image-56754\" srcset=\"https:\/\/fedai.az\/wp-content\/uploads\/2021\/12\/UU3-1-1024x975.jpg 1024w, https:\/\/fedai.az\/wp-content\/uploads\/2021\/12\/UU3-1-300x286.jpg 300w, https:\/\/fedai.az\/wp-content\/uploads\/2021\/12\/UU3-1-150x143.jpg 150w, https:\/\/fedai.az\/wp-content\/uploads\/2021\/12\/UU3-1-768x731.jpg 768w, https:\/\/fedai.az\/wp-content\/uploads\/2021\/12\/UU3-1.jpg 1080w\" sizes=\"auto, (max-width: 1024px) 100vw, 1024px\" \/><\/figure>\n\n\n\n<p><br>Az\u0259rbaycan Respublikas\u0131 Prezidentinin f\u0259rman\u0131 v\u0259 s\u0259r\u0259ncamlar\u0131ndan, Az\u0259rbaycan Respublikas\u0131 Qanunlar\u0131ndan,Nazirl\u0259r Kabinetinin q\u0259rarlar\u0131ndan Daxili Qo\u015funlar\u0131n f\u0259aliyy\u0259t istiqam\u0259tl\u0259ri il\u0259 ba\u011fl\u0131 ir\u0259li g\u0259l\u0259n m\u0259s\u0259l\u0259l\u0259r \u00fczr\u0259 h\u00fcquq-m\u00fchafiz\u0259 orqanlar\u0131, M\u00fcdafi\u0259 Nazirliyi v\u0259 dig\u0259r nazirlikl\u0259rl\u0259 birlikd\u0259 raz\u0131la\u015fd\u0131r\u0131lm\u0131\u015f bir \u00e7ox h\u00fcquqi-normativ s\u0259n\u0259dl\u0259rin (nizamn\u0259m\u0259l\u0259rin, \u0259mrl\u0259rin, t\u0259limatlar\u0131n, \u018fsanam\u0259l\u0259rin v\u0259 planlar\u0131n) haz\u0131rlanmas\u0131 il\u0259 \u0259l\u0259q\u0259dar 1995 &#8212; 2002-ci ill\u0259rd\u0259 i\u015fci qurupun t\u0259rkibind\u0259 olaraq \u00fcz\u0259rin\u0259 d\u00fcs\u0259n v\u0259zif\u0259l\u0259ri layiqinc\u0259 yerin\u0259 yetirib. Bundan \u0259lav\u0259 Daxili Qo\u015funlar Komandan\u0131n m\u00fcvaf\u0131q \u0259mrin\u0259 \u0259sas\u0259n polkovnik Salman Musayev 1994- 2004-c\u00fc ill\u0259rd\u0259 Daxili Qo\u015funlar\u0131n Ba\u015f \u0130dar\u0259sinin \u0130dar\u0259, \u015f\u00f6b\u0259 v\u0259 xidm\u0259tl\u0259rinin, h\u0259m\u00e7inin h\u0259rbi hiss\u0259 v\u0259 \u0259lahidd\u0259 b\u00f6lm\u0259l\u0259rinin el\u0259c\u0259d\u0259 t\u0259dris m\u00fc\u0259ssis\u0259l\u0259rinin v\u0259 t\u0259lim m\u0259rk\u0259zl\u0259rinin f\u0259aliyy\u0259ti istiqam\u0259tl\u0259rini t\u0259nziml\u0259y\u0259n qanun q\u00fcvv\u0259li aktlar\u0131n(metodik v\u0259saitl\u0259rin, \u0259sasnam\u0259 v\u0259 \u0259mrl\u0259rin, t\u0259limatlar\u0131n, proqramlar\u0131n) haz\u0131rlanmas\u0131 \u00fczr\u0259 i\u015fci qrupuna bilav\u0259st\u0259 r\u0259hb\u0259rlik etmi\u015fdir.<\/p>\n\n\n\n<figure class=\"wp-block-image size-large\"><img loading=\"lazy\" decoding=\"async\" width=\"1024\" height=\"880\" src=\"https:\/\/fedai.az\/wp-content\/uploads\/2021\/12\/O9L-1024x880.jpg\" alt=\"\" class=\"wp-image-56765\" srcset=\"https:\/\/fedai.az\/wp-content\/uploads\/2021\/12\/O9L-1024x880.jpg 1024w, https:\/\/fedai.az\/wp-content\/uploads\/2021\/12\/O9L-300x258.jpg 300w, https:\/\/fedai.az\/wp-content\/uploads\/2021\/12\/O9L-150x129.jpg 150w, https:\/\/fedai.az\/wp-content\/uploads\/2021\/12\/O9L-768x660.jpg 768w, https:\/\/fedai.az\/wp-content\/uploads\/2021\/12\/O9L.jpg 1080w\" sizes=\"auto, (max-width: 1024px) 100vw, 1024px\" \/><\/figure>\n\n\n\n<p><br>1995-2003-c\u00fc ill\u0259rd\u0259 Daxili Qo\u015funlar\u0131n v\u0259 Daxili \u0130\u015fl\u0259r orqanlar\u0131n\u0131n d\u00f6y\u00fc\u015f haz\u0131rl\u0131\u011f\u0131n\u0131n y\u00fcks\u0259k\u0259ldilm\u0259sind\u0259 D\u0130N-in Ba\u015f \u0130ctimai T\u0259hl\u00fck\u0259sizlik v\u0259 Ba\u015f Cinay\u0259t Axtar\u0131\u015f \u0130dar\u0259l\u0259ri il\u0259 birlikd\u0259 \u015e\u0259h\u0259r v\u0259 rayon polisl\u0259ri il\u0259 birg\u0259 q\u0259rargah v\u0259 x\u00fcsusi-taktiki t\u0259lim m\u0259\u015fql\u0259rinin keyfiyy\u0259tli ke\u00e7irilm\u0259sin\u0259 bilav\u0259st\u0259 r\u0259hb\u0259rlik edib. 2001-2002-ci ill\u0259rd\u0259 Respublika G\u00fcll\u0259 At\u0131c\u0131l\u0131q Fedaras\u0131yas\u0131n\u0131n Az\u0259rbaycan Respublikas\u0131 g\u00fcc strukturlar\u0131n\u0131n g\u00fcll\u0259 at\u0131c\u0131l\u0131\u011f\u0131 \u00fczr\u0259 \u015f\u0259xsi-komanda birincliliyi \u00fc\u011furunda i\u015ftirak etm\u0259k \u00fc\u00e7\u00fcn D\u0130N-in m\u00fcvafiq \u0259mri il\u0259 Daxili Qo\u015funlar\u0131n v\u0259 polis orqanlar\u0131n\u0131n ki\u015fi v\u0259 qad\u0131n \u0259m\u0259kda\u015flar\u0131ndan ibar\u0259t y\u0131\u011fma komandalar\u0131n haz\u0131rlanmas\u0131na ba\u015f r\u0259hb\u0259r t\u0259yin olmu\u015f, r\u0259hb\u0259rlik etdiyi D\u0130N-in h\u0259r iki y\u0131\u011fma komandas\u0131 birinci v\u0259 \u00fcc\u00fcnc\u00fc yerl\u0259rin qalib olaraq m\u00fcvafiq kubok v\u0259 diplomlarla m\u00fckafatland\u0131rl\u0131b.<\/p>\n\n\n\n<figure class=\"wp-block-image size-large\"><img loading=\"lazy\" decoding=\"async\" width=\"1024\" height=\"658\" src=\"https:\/\/fedai.az\/wp-content\/uploads\/2021\/12\/img345-1024x658.jpg\" alt=\"\" class=\"wp-image-56780\" srcset=\"https:\/\/fedai.az\/wp-content\/uploads\/2021\/12\/img345-1024x658.jpg 1024w, https:\/\/fedai.az\/wp-content\/uploads\/2021\/12\/img345-300x193.jpg 300w, https:\/\/fedai.az\/wp-content\/uploads\/2021\/12\/img345-150x96.jpg 150w, https:\/\/fedai.az\/wp-content\/uploads\/2021\/12\/img345-768x493.jpg 768w, https:\/\/fedai.az\/wp-content\/uploads\/2021\/12\/img345-115x73.jpg 115w, https:\/\/fedai.az\/wp-content\/uploads\/2021\/12\/img345.jpg 1161w\" sizes=\"auto, (max-width: 1024px) 100vw, 1024px\" \/><\/figure>\n\n\n\n<p><br>1997-ci il\u0131n aprel ay\u0131nda T\u00fcrkiy\u0259 C\u00fcmhuriyy\u0259tinin Jandarma Ba\u015f Komandanl\u0131\u011f\u0131n\u0131n v\u0259 Polis Akademiyas\u0131n\u0131n r\u0259hb\u0259rliyinin d\u0259v\u0259ti il\u0259 T\u00fcrkiy\u0259 C\u00fcmhuriyy\u0259tinin Jandarma Q\u00fcvv\u0259l\u0259rinin Ankara, \u0130stanbul, \u0130zmir v\u0259 Foce \u015f\u0259h\u0259rl\u0259rind\u0259 yerl\u0259\u015f\u0259n h\u0259rbi hiss\u0259l\u0259rin, h\u0259rbi m\u0259kt\u0259bl\u0259rin tiki\u015f fabrikl\u0259rin, D\u0130N- in Polis Akademiyas\u0131n\u0131n b\u00fct\u00fcn f\u0259aliyy\u0259t istiqam\u0259tl\u0259ri \u00fczr\u0259 yaz\u0131ndan tan\u0131\u015f olmaq m\u0259qs\u0259dil\u0259 i\u015fg\u00fczar s\u0259f\u0259rd\u0259 olub. 30 oktyabr 1997-ci il tarixid\u0259 T\u00fcrkiy\u0259 v\u0259 Az\u0259rbaycan h\u00f6kum\u0259tl\u0259r aras\u0131nda t\u0259lim-t\u0259hsil v\u0259 t\u0259hcizat istiqam\u0259tind\u0259 imzalanm\u0131\u015f protokolda g\u00f6st\u0259rl\u0259n madd\u0259l\u0259rin yerin\u0259 yetirilm\u0259si, zabit, gizir v\u0259 m\u00fcdd\u0259td\u0259n art\u0131q xidm\u0259t ed\u0259n h\u0259rbi qulluq\u00e7ular\u0131n t\u0259liminin t\u0259kiml\u0259\u015fdirm\u0259si \u00fczr\u0259 Ali h\u0259rbi m\u0259kt\u0259bin v\u0259 t\u0259dris m\u0259rk\u0259zinin yarad\u0131lmas\u0131 il\u0259 \u0259laq\u0259dar Jandarma Q\u00fcvv\u0259l\u0259rinin zabitl\u0259ri il\u0259 birlikd\u0259 laz\u0131mi s\u0259n\u0259dl\u0259rin, proqramlar\u0131n, t\u0259lim \u015f\u0259h\u0259rcikl\u0259rinin haz\u0131rlanmas\u0131na v\u0259 dig\u0259r t\u0259dbirl\u0259rin h\u0259yata ke\u00e7irilm\u0259sin\u0259 bilav\u0259st\u0259 r\u0259hb\u0259rlik edib.<\/p>\n\n\n\n<figure class=\"wp-block-image size-large\"><img loading=\"lazy\" decoding=\"async\" width=\"1024\" height=\"643\" src=\"https:\/\/fedai.az\/wp-content\/uploads\/2021\/12\/img349-1024x643.jpg\" alt=\"\" class=\"wp-image-56781\" srcset=\"https:\/\/fedai.az\/wp-content\/uploads\/2021\/12\/img349-1024x643.jpg 1024w, https:\/\/fedai.az\/wp-content\/uploads\/2021\/12\/img349-300x188.jpg 300w, https:\/\/fedai.az\/wp-content\/uploads\/2021\/12\/img349-150x94.jpg 150w, https:\/\/fedai.az\/wp-content\/uploads\/2021\/12\/img349-768x482.jpg 768w, https:\/\/fedai.az\/wp-content\/uploads\/2021\/12\/img349-115x73.jpg 115w, https:\/\/fedai.az\/wp-content\/uploads\/2021\/12\/img349.jpg 1167w\" sizes=\"auto, (max-width: 1024px) 100vw, 1024px\" \/><\/figure>\n\n\n\n<p>Polkovnik M\u00fcsayev Salman Calal o\u011flu Ulu \u00d6nd\u0259rin idealar\u0131na, D\u00f6vl\u0259t Ba\u015f\u00e7\u0131s\u0131n\u0131n yeritdiyi siyas\u0259t\u0259, d\u00f6vl\u0259tciliy\u0259 sadiq, h\u0259r zaman s\u00f6z\u00fc il\u0259 \u0259m\u0259li bir olan zabit kimi s\u0259ciy\u0259l\u0259nir, qanunvericilik il\u0259 Daxili Qo\u015funlara h\u0259v\u0259l\u0259 edilmis v\u0259zif\u0259l\u0259rin yerin\u0259 yetirilm\u0259sind\u0259, cinay\u0259tkarl\u0131\u011fa qar\u015f\u0131 m\u00fcbariz\u0259nin t\u0259\u015fkilind\u0259, eyni zamanda Daxili Qo\u015funlar Komandan\u0131n birinci m\u00fcavini v\u0259zif\u0259sini icra ed\u0259n zabit kimi kuratoru oldu\u011f\u0131 xidm\u0259t sah\u0259l\u0259rinin f\u0259aliyy\u0259tinin \u00e7evik v\u0259 m\u0259qs\u0259dy\u00f6nl\u00fc idar\u0259 olunmas\u0131nda, d\u00fczg\u00fcn istqam\u0259tl\u0259ndirilm\u0259sind\u0259 y\u00fcks\u0259k pe\u015f\u0259karl\u0131q v\u0259 t\u0259\u015fkilat\u00e7\u0131l\u0131q bacar\u0131\u011f\u0131 n\u00fcmayi\u015f etdirdiyini,d\u00f6vl\u0259tin konstitusyon qurulu\u015funun m\u00fcdafi\u0259sind\u0259, \u0259min-amanl\u0131\u011f\u0131n t\u0259min edilm\u0259sind\u0259 diqq\u0259t\u0259 lay\u0131q rolu olmu\u015fdur.<\/p>\n\n\n\n<figure class=\"wp-block-image size-large\"><img loading=\"lazy\" decoding=\"async\" width=\"1024\" height=\"768\" src=\"https:\/\/fedai.az\/wp-content\/uploads\/2021\/12\/243260725_400370501448439_6341916004826822213_n-1024x768.jpg\" alt=\"\" class=\"wp-image-56756\" srcset=\"https:\/\/fedai.az\/wp-content\/uploads\/2021\/12\/243260725_400370501448439_6341916004826822213_n-1024x768.jpg 1024w, https:\/\/fedai.az\/wp-content\/uploads\/2021\/12\/243260725_400370501448439_6341916004826822213_n-300x225.jpg 300w, https:\/\/fedai.az\/wp-content\/uploads\/2021\/12\/243260725_400370501448439_6341916004826822213_n-150x113.jpg 150w, https:\/\/fedai.az\/wp-content\/uploads\/2021\/12\/243260725_400370501448439_6341916004826822213_n-768x576.jpg 768w, https:\/\/fedai.az\/wp-content\/uploads\/2021\/12\/243260725_400370501448439_6341916004826822213_n.jpg 1152w\" sizes=\"auto, (max-width: 1024px) 100vw, 1024px\" \/><\/figure>\n\n\n\n<p><br>Daxili \u0130\u015fl\u0259r Nazirliyinin Daxili Qo\u015funlar\u0131n xidm\u0259ti-d\u00f6y\u00fc\u015f f\u0259yaliyy\u0259ti v\u0259 d\u00f6y\u00fc\u015f haz\u0131rl\u0131\u011f\u0131 \u00fczr\u0259 16-dan \u00e7ox metodiki v\u0259sait v\u0259 d\u0259rslik, 15 -d\u0259n \u00e7ox h\u0259rbi m\u0259qal\u0259, 6 metodiki-t\u0259\u015fkilat g\u00f6st\u0259ri\u015fi, 1 d\u00f6y\u00fc\u015f haz\u0131rl\u0131\u011f\u0131 \u00fczr\u0259 normativl\u0259r toplusu, 13 t\u0259limat, 2 direktiv, zabitl\u0259rin, gizir v\u0259 m\u00fcdd\u0259td\u0259n art\u0131q xidm\u0259t ed\u0259n h\u0259rbi qulluq\u00e7ular\u0131n, b\u00fct\u00fcn h\u0259rbi hiss\u0259l\u0259rin, t\u0259dris m\u00fc\u0259ssis\u0259l\u0259rin, X\u00fcsusi t\u0259yinatl\u0131 d\u0259stl\u0259rin v\u0259 \u0259lahidd\u0259 b\u00f6lm\u0259l\u0259rin t\u0259ynat\u0131na uy\u011fun d\u00f6y\u00fc\u015f v\u0259 ictimai siyas\u0131 haz\u0131rl\u0131q \u00fczr\u0259 12 -d\u0259n art\u0131q t\u0259dris proqram\u0131n, eyni zamanda b\u00fct\u00fcn d\u0259r\u0259c\u0259li h\u0259rbi qulluq\u00e7ular\u0131n t\u0259dris f\u0259nl\u0259ri \u00fczr\u0259 yekun (t\u0259fti\u015f),t\u0259lim v\u0259 \u00fcm\u00fcmi yoxlama, \u0130nispeksiya yoxlamas\u0131nda is\u0259 b\u00fct\u00fcn d\u0259r\u0259c\u0259li h\u0259rbi qulluq\u00e7ular\u0131n t\u0259dris f\u0259nl\u0259ri \u00fczr\u0259 imtahan testl\u0259ri, idar\u0259, \u015f\u00f6b\u0259, xidm\u0259t,h\u0259rbi hiss\u0259 v\u0259 \u0259lahidd\u0259 b\u00f6lm\u0259l\u0259rin is\u0259 b\u00fct\u00fcn sah\u0259l\u0259r \u00fczr\u0259 bal sistemi il\u0259 qiym\u0259tl\u0259ndirilm\u0259si suallar\u0131 ilk d\u0259f\u0259 NATO sistemin\u0259 uy\u011fun polkovnik Salman Musayev t\u0259r\u0259find\u0259n haz\u0131rlanm\u0131\u015fd\u0131r.<\/p>\n\n\n\n<figure class=\"wp-block-image size-large\"><img loading=\"lazy\" decoding=\"async\" width=\"963\" height=\"775\" src=\"https:\/\/fedai.az\/wp-content\/uploads\/2021\/12\/265613678_907212020168026_8637496403245128653_n.jpg\" alt=\"\" class=\"wp-image-56762\" srcset=\"https:\/\/fedai.az\/wp-content\/uploads\/2021\/12\/265613678_907212020168026_8637496403245128653_n.jpg 963w, https:\/\/fedai.az\/wp-content\/uploads\/2021\/12\/265613678_907212020168026_8637496403245128653_n-300x241.jpg 300w, https:\/\/fedai.az\/wp-content\/uploads\/2021\/12\/265613678_907212020168026_8637496403245128653_n-150x121.jpg 150w, https:\/\/fedai.az\/wp-content\/uploads\/2021\/12\/265613678_907212020168026_8637496403245128653_n-768x618.jpg 768w\" sizes=\"auto, (max-width: 963px) 100vw, 963px\" \/><\/figure>\n\n\n\n<p><br>H\u0259rbi xidm\u0259ti v\u0259zif\u0259l\u0259rinin icras\u0131 zaman\u0131 y\u00fcks\u0259k m\u0259n\u0259vi- d\u00f6y\u00fc\u015f keyfiyy\u0259tl\u0259ri g\u00f6st\u0259rdiyin\u0259 g\u00f6r\u0259, d\u00f6y\u00fc\u015f v\u0259 ictimai siyas\u0131 haz\u0131rl\u0131\u011f\u0131nda, h\u0259rbi intizam\u0131n m\u00f6hk\u0259ml\u0259ndirilm\u0259sind\u0259 y\u00fcks\u0259k g\u00f6st\u0259ricil\u0259r\u0259 nail oldu\u011funa v\u0259 n\u00fcmun\u0259vi xidm\u0259tin\u0259 g\u00f6r\u0259 Daxili \u0130\u015fl\u0259r Nazirinin m\u00fcvaiq \u0259mrl\u0259ri il\u0259 h\u0259v\u0259sl\u0259ndirm\u0259 qaydas\u0131nda vaxt\u0131ndan \u0259v\u0259l 1992 -ci ilin avqust ay\u0131nda &#171;Mayor &#187; 1995-ci ilin mart ay\u0131nda &#171;Polkovnik- leytenant&#187;, 1998-ci ilin avqust ay\u0131nda &#171;Polkovnik &#171;h\u0259rbi r\u00fctb\u0259l\u0259ri verilib. Sambo,\u018flb\u0259yaxa d\u00f6y\u00fc\u015f \u00fczr\u0259 birinci, bir ne\u00e7\u0259 at\u0131c\u0131 silah n\u00f6vl\u0259ri \u00fczr\u0259 is\u0259 SSRI \u0130dman ustas\u0131na namiz\u0259d d\u0259r\u0259c\u0259sin\u0259 malikdir.1997 -ci ild\u0259 yeniyetm\u0259l\u0259r aras\u0131nda Rafiq \u0130smay\u0131lovun xatir\u0259sin\u0259 h\u0259sr olunmu\u015f Beyn\u0259lxalq yar\u0131\u015f\u0131n, 1995-2000-ci ill\u0259rd\u0259 is\u0259 Daxili Qo\u015funlar\u0131n Ba\u015f \u0130dar\u0259sinin h\u0259rbi hiss\u0259 v\u0259 \u0259lahidd\u0259 b\u00f6lm\u0259l\u0259ri aras\u0131nda ke\u00e7iril\u0259n \u00e7oxn\u00f6v\u00e7\u00fcl\u00fck, g\u00fcll\u0259 at\u0131c\u0131l\u0131q ,y\u00fcng\u00fcl atletika, Sambo, Dz\u00fcdo, voleybol, mini-futbol, a\u011f\u0131rl\u0131q qald\u0131rma \u00fczr\u0259 yar\u0131\u015flar\u0131n t\u0259\u015fkili v\u0259 ke\u00e7irilm\u0259si \u00fc\u00e7\u00fcn ba\u015f hakim olmu\u015fdur.<\/p>\n\n\n\n<figure class=\"wp-block-image size-large\"><img loading=\"lazy\" decoding=\"async\" width=\"1024\" height=\"673\" src=\"https:\/\/fedai.az\/wp-content\/uploads\/2021\/12\/img348-\u043a\u043e\u043f\u0438\u044f-1024x673.jpg\" alt=\"\" class=\"wp-image-56757\" srcset=\"https:\/\/fedai.az\/wp-content\/uploads\/2021\/12\/img348-\u043a\u043e\u043f\u0438\u044f-1024x673.jpg 1024w, https:\/\/fedai.az\/wp-content\/uploads\/2021\/12\/img348-\u043a\u043e\u043f\u0438\u044f-300x197.jpg 300w, https:\/\/fedai.az\/wp-content\/uploads\/2021\/12\/img348-\u043a\u043e\u043f\u0438\u044f-150x99.jpg 150w, https:\/\/fedai.az\/wp-content\/uploads\/2021\/12\/img348-\u043a\u043e\u043f\u0438\u044f-768x505.jpg 768w, https:\/\/fedai.az\/wp-content\/uploads\/2021\/12\/img348-\u043a\u043e\u043f\u0438\u044f.jpg 1174w\" sizes=\"auto, (max-width: 1024px) 100vw, 1024px\" \/><\/figure>\n\n\n\n<p><br>Xidm\u0259ti v\u0259zif\u0259l\u0259rin yerin\u0259 yetirilm\u0259sin\u0259 m\u0259suliyy\u0259tl\u0259 yana\u015fd\u0131\u011fna g\u00f6r\u0259 Daxili i\u015fl\u0259r Nazirinin v\u0259 Daxili Qosunlar Komandan\u0131n, T\u00fcrkiy\u0259 Jandarma Q\u00fcvv\u0259l\u0259rinin Komandanl\u0131\u011f\u0131n\u0131n, Xidm\u0259t etdiyi Diviziya, h\u0259rbi hiss\u0259 v\u0259 tabor komandirl\u0259rinin m\u00fcvafiq \u0259mrl\u0259ri il\u0259 Daxili \u0130\u015fl\u0259r Nazirliyinin &#171;\u018fla Xidm\u0259tl\u0259r\u0259 g\u00f6r\u0259&#187; d\u00f6\u015f ni\u015fan\u0131 il\u0259 , Daxili Qo\u015funlar\u0131n &#171;\u018fla Xidm\u0259tl\u0259r\u0259 g\u00f6r\u0259&#187; 1-ci v\u0259 2-ci d\u0259r\u0259c\u0259li d\u00f6\u015f v\u0259 yubiley v\u0259 m\u00fcvafiq idman d\u0259r\u0259c\u0259 ni\u015fanlar\u0131 il\u0259 t\u0259ltif edilib, el\u0259c\u0259d\u0259 pul m\u00fckafatlar\u0131 il\u0259, F\u0259xri f\u0259rmanlarla, Qiym\u0259tli h\u0259diyy\u0259l\u0259rl\u0259 v\u0259 t\u0259\u015f\u0259kk\u00fcrnam\u0259l\u0259rl\u0259 m\u00fckafatland\u0131rl\u0131b v\u0259 t\u0259\u015f\u0259kk\u00fcr elan edilib.<\/p>\n\n\n\n<p>D\u00f6y\u00fc\u015f haz\u0131rl\u0131\u011f\u0131ndak\u0131 \u0259la g\u00f6st\u0259ricil\u0259r\u0259 g\u00f6r\u0259, t\u0259liml\u0259rd\u0259, d\u00f6y\u00fc\u015f xidm\u0259ti v\u0259 d\u00f6y\u00fc\u015f n\u00f6vb\u0259sind\u0259 x\u00fcsusi f\u0259riql\u0259nm\u0259y\u0259 g\u00f6r\u0259, \u015f\u00fcca\u0259t , f\u0259d\u0259karl\u0131q, h\u0259rbi xidm\u0259t ke\u00e7diyi d\u00f6v\u00fcrd\u0259 x\u00fcsusi v\u0259 di\u011f\u0259r xidm\u0259tl\u0259r\u0259 g\u00f6r\u0259 SSR\u0130 Ali Soveti v\u0259 Az\u0259rbaycan Respublikas\u0131n\u0131n Prezidenti ad\u0131ndan Daxili \u0130\u015fl\u0259r Nazirinin m\u00fcvafiq \u0259mrl\u0259ri il\u0259 &#171;Silahl\u0131 Q\u00fcvv\u0259l\u0259r Veteran\u0131&#187;, &#171;Q\u00fcsursuz Xidm\u0259tl\u0259r\u0259 g\u00f6r\u0259&#187; 1-ci, 2-ci v\u0259 3-c\u00fc d\u0259r\u0259c\u0259li, &#171;SSR\u0130 Silahl\u0131 Q\u00fcvv\u0259l\u0259rin yaranmas\u0131n\u0131n&#187; 70 -illiyi, Rusiya Federasiyas\u0131n\u0131n Sankt-Peterburq \u015f\u0259h\u0259rind\u0259 yerl\u0259\u015f\u0259n &#171;LKG\u0130-nin 60 illiyi ad\u0131na Daxili \u0130\u015fl\u0259r Nazirliyinin Daxili Qo\u015funlar\u0131n Ali h\u0259rbi siyasi m\u0259kt\u0259bin yaranmas\u0131n\u0131n&#187; 70 illiyi yubiley, &#171;Az\u0259rbaycan Silahl\u0131 Q\u00fcvv\u0259l\u0259rin yaranmas\u0131n\u0131n &#187; 10-illiyi v\u0259 90 illiyi yubiley medallar\u0131 il\u0259 el\u0259c\u0259 d\u0259 Az\u0259rbaycan V\u0259t\u0259n M\u00fcharib\u0259si Veteranlar\u0131 \u0130ctimai Birliyinin t\u0259sis etdiyi &#171;M\u00fcharib\u0259 Veteran\u0131&#187;, &#171;AVMV\u0130B-nin yaranmas\u0131nin 25- illiyi yubiley, &#171;Milli Ordunun yaranmas\u0131n\u0131n 100-illyi&#187; v\u0259 &#171;B\u00f6y\u00fck Z\u0259f\u0259r&#187; Xatir\u0259 medallar\u0131 il\u0259 t\u0259ltif edilib. Xidm\u0259td\u0259 f\u0259riql\u0259ndiyin\u0259 g\u00f6r\u0259 G\u00fcrc\u00fcstan M\u0259rk\u0259zi Komsomol Komit\u0259sinin v\u0259 Komunist Partiyas\u0131n\u0131n birinci katibinin m\u00fcvafiq q\u0259rarlar\u0131 il\u0259 f\u0259xri f\u0259rmanlarla, diplomlarla v\u0259 qiym\u0259tli h\u0259diy\u0259l\u0259rl\u0259 m\u00fckafatland\u0131rl\u0131b.<\/p>\n\n\n\n<figure class=\"wp-block-image size-large\"><img loading=\"lazy\" decoding=\"async\" width=\"1024\" height=\"768\" src=\"https:\/\/fedai.az\/wp-content\/uploads\/2021\/12\/264446091_3947116072057843_1387769113246989527_n-1-1024x768.jpg\" alt=\"\" class=\"wp-image-56758\" srcset=\"https:\/\/fedai.az\/wp-content\/uploads\/2021\/12\/264446091_3947116072057843_1387769113246989527_n-1-1024x768.jpg 1024w, https:\/\/fedai.az\/wp-content\/uploads\/2021\/12\/264446091_3947116072057843_1387769113246989527_n-1-300x225.jpg 300w, https:\/\/fedai.az\/wp-content\/uploads\/2021\/12\/264446091_3947116072057843_1387769113246989527_n-1-150x113.jpg 150w, https:\/\/fedai.az\/wp-content\/uploads\/2021\/12\/264446091_3947116072057843_1387769113246989527_n-1-768x576.jpg 768w, https:\/\/fedai.az\/wp-content\/uploads\/2021\/12\/264446091_3947116072057843_1387769113246989527_n-1-1536x1152.jpg 1536w, https:\/\/fedai.az\/wp-content\/uploads\/2021\/12\/264446091_3947116072057843_1387769113246989527_n-1.jpg 1600w\" sizes=\"auto, (max-width: 1024px) 100vw, 1024px\" \/><\/figure>\n\n\n\n<p><br>Az\u0259rbaycan Respublikas\u0131n\u0131n Prezidentinin 30 iyun 2002-ci il tarixli 725 sayl\u0131 s\u0259r\u0259ncam\u0131na \u0259sas\u0259n Az\u0259rbaycan Respublikas\u0131nda ictimai qaydan\u0131n v\u0259 ictimai t\u0259hl\u00fck\u0259sizliyin qorunmasnda, m\u00fct\u0259\u015f\u0259kkil cinay\u0259tkarl\u0131\u011fa, terrorizm\u0259 v\u0259 dig\u0259r t\u0259hl\u00fck\u0259li cinay\u0259tl\u0259r\u0259 qar\u015f\u0131 m\u00fcbariz\u0259d\u0259, qanunsuz silahl\u0131 d\u0259st\u0259l\u0259rin z\u0259r\u0259rsizl\u0259\u015fdirilm\u0259sind\u0259 x\u00fcs\u00fcsi il\u0259 f\u0259rql\u0259nm\u0259y\u0259, \u015f\u00fcca\u0259t v\u0259 igidlik g\u00f6st\u0259rdiyin\u0259 g\u00f6r\u0259 &#171;H\u018fRB\u0130 X\u0130DM\u018fTL\u018fR\u018f G\u00d6R\u018f&#187; medal\u0131 il\u0259 t\u0259ltif olunub.<\/p>\n\n\n\n<p><br>2009-cu ild\u0259 Silahl\u0131 Q\u00fcvv\u0259l\u0259rd\u0259n ehtiyyata burax\u0131l\u0131b, ancaq D\u00f6vl\u0259t qullu\u011funu davam etdirir. H\u0259m\u00e7inin, Az\u0259rbaycan V\u0259t\u0259n M\u00fcharib\u0259si Veteranlar\u0131 \u0130ctimai Birliyinin (AVMV\u0130B) s\u0259dr m\u00fcavinidir.<\/p>\n\n\n\n<p><br><strong><span class=\"has-inline-color has-vivid-green-cyan-color\">Az\u0259rbaycan V\u0259t\u0259n M\u00fcharib\u0259si Veteranlar\u0131 \u0130ctimai Birliyi (AVMV\u0130B) R\u0259hb\u0259rliyi v\u0259 Fedai.az kollektivi AVMV\u0130B s\u0259drinin m\u00fcavini, Daxili Qo\u015funlar\u0131n t\u0259rkibind\u0259 \u015f\u0259r\u0259fli d\u00f6y\u00fc\u015f yolu ke\u00e7mi\u015f ehtiyyatda olan polkovnik Salman Musayevi ad g\u00fcn\u00fc m\u00fcnasib\u0259tiyl\u0259 t\u0259brik edir, uzun \u00f6m\u00fcr v\u0259 can sa\u011fl\u0131\u011f\u0131 arzulay\u0131r\u0131q.<\/span><\/strong><\/p>\n\n\n\n<p><strong><span class=\"has-inline-color has-vivid-red-color\">B\u00fct\u00fcn g\u00f6z\u0259llikl\u0259r sizin olsun, c\u0259nab polkovnik!<\/span><\/strong><\/p>\n\n\n\n<p><strong>100 YA\u015eA, SALMAN B\u018fY!<\/strong><\/p>\n\n\n\n<figure class=\"wp-block-gallery columns-2 is-cropped wp-block-gallery-4 is-layout-flex wp-block-gallery-is-layout-flex\"><ul class=\"blocks-gallery-grid\"><li class=\"blocks-gallery-item\"><figure><img loading=\"lazy\" decoding=\"async\" width=\"600\" height=\"600\" src=\"https:\/\/fedai.az\/wp-content\/uploads\/2021\/12\/8265a327389da9fe4fdc2714b309120e-1.jpg\" alt=\"\" data-id=\"55947\" data-full-url=\"https:\/\/fedai.az\/wp-content\/uploads\/2021\/12\/8265a327389da9fe4fdc2714b309120e-1.jpg\" data-link=\"https:\/\/fedai.az\/?attachment_id=55947\" class=\"wp-image-55947\" srcset=\"https:\/\/fedai.az\/wp-content\/uploads\/2021\/12\/8265a327389da9fe4fdc2714b309120e-1.jpg 600w, https:\/\/fedai.az\/wp-content\/uploads\/2021\/12\/8265a327389da9fe4fdc2714b309120e-1-300x300.jpg 300w, https:\/\/fedai.az\/wp-content\/uploads\/2021\/12\/8265a327389da9fe4fdc2714b309120e-1-150x150.jpg 150w, https:\/\/fedai.az\/wp-content\/uploads\/2021\/12\/8265a327389da9fe4fdc2714b309120e-1-215x215.jpg 215w\" sizes=\"auto, (max-width: 600px) 100vw, 600px\" \/><\/figure><\/li><li class=\"blocks-gallery-item\"><figure><img loading=\"lazy\" decoding=\"async\" width=\"748\" height=\"1024\" src=\"https:\/\/fedai.az\/wp-content\/uploads\/2021\/12\/264050026_1776600259210344_8079044851970083629_n-748x1024.jpg\" alt=\"\" data-id=\"56761\" data-full-url=\"https:\/\/fedai.az\/wp-content\/uploads\/2021\/12\/264050026_1776600259210344_8079044851970083629_n.jpg\" data-link=\"https:\/\/fedai.az\/?attachment_id=56761\" class=\"wp-image-56761\" srcset=\"https:\/\/fedai.az\/wp-content\/uploads\/2021\/12\/264050026_1776600259210344_8079044851970083629_n-748x1024.jpg 748w, https:\/\/fedai.az\/wp-content\/uploads\/2021\/12\/264050026_1776600259210344_8079044851970083629_n-219x300.jpg 219w, https:\/\/fedai.az\/wp-content\/uploads\/2021\/12\/264050026_1776600259210344_8079044851970083629_n-110x150.jpg 110w, https:\/\/fedai.az\/wp-content\/uploads\/2021\/12\/264050026_1776600259210344_8079044851970083629_n-768x1051.jpg 768w, https:\/\/fedai.az\/wp-content\/uploads\/2021\/12\/264050026_1776600259210344_8079044851970083629_n-1122x1536.jpg 1122w, https:\/\/fedai.az\/wp-content\/uploads\/2021\/12\/264050026_1776600259210344_8079044851970083629_n.jpg 1169w\" sizes=\"auto, (max-width: 748px) 100vw, 748px\" \/><\/figure><\/li><\/ul><\/figure>\n","protected":false},"excerpt":{"rendered":"<p>Y\u00fcks\u0259k pe\u015f\u0259karl\u0131\u011f\u0131 v\u0259 humanistliyi il\u0259,n\u0259z\u0259ri v\u0259 praktiki biliyi il\u0259 (t\u0259cr\u00fcb\u0259si il\u0259), m\u0259n\u0259vi v\u0259 i\u015fg\u00fczar keyfiyy\u0259ti il\u0259, d\u0259qiqliyi v\u0259 t\u0259mkinliyi il\u0259, sad\u0259liyi v\u0259 s\u0259mimiyy\u0259ti il\u0259,<\/p>\n","protected":false},"author":2,"featured_media":56764,"comment_status":"closed","ping_status":"closed","sticky":false,"template":"","format":"standard","meta":{"footnotes":""},"categories":[11],"tags":[],"class_list":["post-56743","post","type-post","status-publish","format-standard","has-post-thumbnail","hentry","category-tbrik"],"aioseo_notices":[],"_links":{"self":[{"href":"https:\/\/fedai.az\/index.php?rest_route=\/wp\/v2\/posts\/56743","targetHints":{"allow":["GET"]}}],"collection":[{"href":"https:\/\/fedai.az\/index.php?rest_route=\/wp\/v2\/posts"}],"about":[{"href":"https:\/\/fedai.az\/index.php?rest_route=\/wp\/v2\/types\/post"}],"author":[{"embeddable":true,"href":"https:\/\/fedai.az\/index.php?rest_route=\/wp\/v2\/users\/2"}],"replies":[{"embeddable":true,"href":"https:\/\/fedai.az\/index.php?rest_route=%2Fwp%2Fv2%2Fcomments&post=56743"}],"version-history":[{"count":4,"href":"https:\/\/fedai.az\/index.php?rest_route=\/wp\/v2\/posts\/56743\/revisions"}],"predecessor-version":[{"id":56782,"href":"https:\/\/fedai.az\/index.php?rest_route=\/wp\/v2\/posts\/56743\/revisions\/56782"}],"wp:featuredmedia":[{"embeddable":true,"href":"https:\/\/fedai.az\/index.php?rest_route=\/wp\/v2\/media\/56764"}],"wp:attachment":[{"href":"https:\/\/fedai.az\/index.php?rest_route=%2Fwp%2Fv2%2Fmedia&parent=56743"}],"wp:term":[{"taxonomy":"category","embeddable":true,"href":"https:\/\/fedai.az\/index.php?rest_route=%2Fwp%2Fv2%2Fcategories&post=56743"},{"taxonomy":"post_tag","embeddable":true,"href":"https:\/\/fedai.az\/index.php?rest_route=%2Fwp%2Fv2%2Ftags&post=56743"}],"curies":[{"name":"wp","href":"https:\/\/api.w.org\/{rel}","templated":true}]}}