{"id":56775,"date":"2021-12-18T02:28:53","date_gmt":"2021-12-17T22:28:53","guid":{"rendered":"https:\/\/fedai.az\/?p=56775"},"modified":"2021-12-18T02:28:56","modified_gmt":"2021-12-17T22:28:56","slug":"bu-mu%c9%99lliml%c9%99rin-orta-ayliq-maasi-1250-manat-olacaq","status":"publish","type":"post","link":"https:\/\/fedai.az\/?p=56775","title":{"rendered":"Bu m\u00fc\u0259lliml\u0259rin orta ayl\u0131q maa\u015f\u0131 1250 manat olacaq"},"content":{"rendered":"\n<p><strong>\u201cBir s\u0131ra m\u00fc\u0259lliml\u0259rin v\u0259zif\u0259 maa\u015flar\u0131 daha da \u0259h\u0259miyy\u0259tli d\u0259r\u0259c\u0259d\u0259 artacaq. Bu, ona g\u00f6r\u0259dir ki, bu \u015f\u0259xsl\u0259rin v\u0259zif\u0259 maa\u015flar\u0131n\u0131n \u00fcz\u0259rin\u0259 \u0259lav\u0259l\u0259r g\u0259linir\u201d.<\/strong><\/p>\n\n\n\n<p>Bunu t\u0259hsil nazirinin m\u00fcavini \u0130dris \u0130sayev t\u0259hsil i\u015f\u00e7il\u0259rinin \u0259m\u0259khaqlar\u0131n\u0131n art\u0131r\u0131lmas\u0131 il\u0259 ba\u011fl\u0131 t\u0259\u015fkil edil\u0259n canl\u0131 yay\u0131mda deyib.<\/p>\n\n\n\n<p>Nazir m\u00fcavini bildirib ki, x\u00fcsus\u0259n lisey v\u0259 gimnaziyalarda \u00e7al\u0131\u015fan m\u00fc\u0259lliml\u0259rdir:<\/p>\n\n\n\n<p>\u201cOnlar\u0131n say\u0131 t\u0259xmin\u0259n 5,2 min n\u0259f\u0259rdir. Onlar\u0131n maa\u015flar\u0131na 15 faiz \u0259lav\u0259 edilir. \u018fg\u0259r 15 faiz \u0259lav\u0259ni d\u0259 n\u0259z\u0259r\u0259 alsaq, bunlar\u0131n v\u0259zif maa\u015flar\u0131 \u0259h\u0259miyy\u0259tli d\u0259r\u0259c\u0259d\u0259 artacaq.<\/p>\n\n\n\n<p>Eyni zamanda x\u00fcsusi t\u0259hsil m\u00fc\u0259ssis\u0259l\u0259ri var, burada \u00e7al\u0131\u015fanlar\u0131n say\u0131 t\u0259xmin\u0259n 1400 n\u0259f\u0259rdir. Onlar\u0131n v\u0259zif\u0259 maa\u015f\u0131na 50 faiz \u0259lav\u0259 m\u00f6vcuddur. Toplam olaraq ali t\u0259hsilli bu \u015f\u0259xsl\u0259ri g\u00f6t\u00fcrs\u0259k, lisey v\u0259 gimnaziyada \u00e7al\u0131\u015fan m\u00fc\u0259lliml\u0259rimizin orta ayl\u0131q maa\u015f\u0131 950-1000 manat civar\u0131nda olacaq.<\/p>\n\n\n\n<p>X\u00fcsusi t\u0259hsil m\u00fc\u0259ssis\u0259l\u0259rind\u0259 \u00e7al\u0131\u015fan m\u00fc\u0259lliml\u0259rimizin orta ayl\u0131q maa\u015f\u0131 is\u0259 1200-1250 manat t\u0259\u015fkil ed\u0259c\u0259k\u201d.<\/p>\n","protected":false},"excerpt":{"rendered":"<p>\u201cBir s\u0131ra m\u00fc\u0259lliml\u0259rin v\u0259zif\u0259 maa\u015flar\u0131 daha da \u0259h\u0259miyy\u0259tli d\u0259r\u0259c\u0259d\u0259 artacaq. Bu, ona g\u00f6r\u0259dir ki, bu \u015f\u0259xsl\u0259rin v\u0259zif\u0259 maa\u015flar\u0131n\u0131n \u00fcz\u0259rin\u0259 \u0259lav\u0259l\u0259r g\u0259linir\u201d. Bunu t\u0259hsil nazirinin<\/p>\n","protected":false},"author":2,"featured_media":56776,"comment_status":"closed","ping_status":"closed","sticky":false,"template":"","format":"standard","meta":{"footnotes":""},"categories":[8],"tags":[],"class_list":["post-56775","post","type-post","status-publish","format-standard","has-post-thumbnail","hentry","category-thsil"],"aioseo_notices":[],"_links":{"self":[{"href":"https:\/\/fedai.az\/index.php?rest_route=\/wp\/v2\/posts\/56775","targetHints":{"allow":["GET"]}}],"collection":[{"href":"https:\/\/fedai.az\/index.php?rest_route=\/wp\/v2\/posts"}],"about":[{"href":"https:\/\/fedai.az\/index.php?rest_route=\/wp\/v2\/types\/post"}],"author":[{"embeddable":true,"href":"https:\/\/fedai.az\/index.php?rest_route=\/wp\/v2\/users\/2"}],"replies":[{"embeddable":true,"href":"https:\/\/fedai.az\/index.php?rest_route=%2Fwp%2Fv2%2Fcomments&post=56775"}],"version-history":[{"count":1,"href":"https:\/\/fedai.az\/index.php?rest_route=\/wp\/v2\/posts\/56775\/revisions"}],"predecessor-version":[{"id":56777,"href":"https:\/\/fedai.az\/index.php?rest_route=\/wp\/v2\/posts\/56775\/revisions\/56777"}],"wp:featuredmedia":[{"embeddable":true,"href":"https:\/\/fedai.az\/index.php?rest_route=\/wp\/v2\/media\/56776"}],"wp:attachment":[{"href":"https:\/\/fedai.az\/index.php?rest_route=%2Fwp%2Fv2%2Fmedia&parent=56775"}],"wp:term":[{"taxonomy":"category","embeddable":true,"href":"https:\/\/fedai.az\/index.php?rest_route=%2Fwp%2Fv2%2Fcategories&post=56775"},{"taxonomy":"post_tag","embeddable":true,"href":"https:\/\/fedai.az\/index.php?rest_route=%2Fwp%2Fv2%2Ftags&post=56775"}],"curies":[{"name":"wp","href":"https:\/\/api.w.org\/{rel}","templated":true}]}}