{"id":56806,"date":"2021-12-18T11:40:36","date_gmt":"2021-12-18T07:40:36","guid":{"rendered":"https:\/\/fedai.az\/?p=56806"},"modified":"2021-12-18T11:40:39","modified_gmt":"2021-12-18T07:40:39","slug":"mu%c9%99lliml%c9%99rin-maasi-artimdan-sonra-nec%c9%99-hesablanacaq-r%c9%99smi","status":"publish","type":"post","link":"https:\/\/fedai.az\/?p=56806","title":{"rendered":"M\u00fc\u0259lliml\u0259rin maa\u015f\u0131 art\u0131mdan sonra nec\u0259 hesablanacaq? &#8212; R\u018fSM\u0130"},"content":{"rendered":"\n<p><strong>&#171;T\u0259hsil sistemind\u0259 255 min\u0259 yax\u0131n \u015f\u0259xs \u00e7al\u0131\u015f\u0131r. Onlar\u0131n ham\u0131s\u0131 d\u0259rs t\u0259dris etmir. M\u00fc\u0259yy\u0259n qismi m\u00fc\u0259llim, idar\u0259edici v\u0259 texniki i\u015f\u00e7idir&#187;.<\/strong><\/p>\n\n\n\n<p>Bu s\u00f6zl\u0259ri t\u0259hsil nazirinin m\u00fcavini \u0130dris \u0130sayev m\u00fc\u0259lliml\u0259rin \u0259m\u0259khaqq\u0131n\u0131n art\u0131r\u0131lmas\u0131 il\u0259 ba\u011fl\u0131 ke\u00e7iril\u0259n brifinq zaman\u0131 deyib.<\/p>\n\n\n\n<p>Onun s\u00f6zl\u0259rin\u0259 g\u00f6r\u0259, t\u0259hsil m\u00fc\u0259ssis\u0259l\u0259rind\u0259 \u00e7al\u0131\u015fan direktor, m\u00fc\u0259llim v\u0259 direktor m\u00fcavinl\u0259rinin maa\u015f\u0131 yanvar\u0131n 1-d\u0259n 20% art\u0131r\u0131lacaq. G\u0259ncl\u0259rin \u00e7a\u011f\u0131r\u0131\u015fa q\u0259d\u0259rki h\u0259rbi haz\u0131rl\u0131q r\u0259hb\u0259rl\u0259rinin maa\u015f\u0131 is\u0259 40% art\u0131r\u0131l\u0131r.<\/p>\n\n\n\n<p>D\u00f6vl\u0259t \u00fcmumt\u0259hsil m\u0259kt\u0259bl\u0259rind\u0259 150 min\u0259 yax\u0131n m\u00fc\u0259llim \u00e7al\u0131\u015f\u0131r. Onlar\u0131n ayl\u0131q \u0259m\u0259khaqq\u0131 564 manatd\u0131r. Bu is\u0259 orta g\u00f6st\u0259ricidir.<\/p>\n\n\n\n<p>\u0130dris \u0130sayev bildirib ki, haz\u0131rda bu \u0259m\u0259khaqq\u0131 674 manat t\u0259\u015fkil ed\u0259c\u0259k. Bu maa\u015f 1 stavka 18 saatl\u0131q d\u0259rs y\u00fck\u00fc olan m\u00fc\u0259lliml\u0259r\u0259 \u015famil edilir. Bu d\u0259rs y\u00fck\u00fc b\u00f6lg\u0259l\u0259rd\u0259n f\u0259rqli olaraq Bak\u0131da 22 saatd\u0131r. Bu halda m\u00fc\u0259lliml\u0259rin orta \u0259m\u0259khaqq\u0131 823 manat olacaq.<\/p>\n","protected":false},"excerpt":{"rendered":"<p>&#171;T\u0259hsil sistemind\u0259 255 min\u0259 yax\u0131n \u015f\u0259xs \u00e7al\u0131\u015f\u0131r. Onlar\u0131n ham\u0131s\u0131 d\u0259rs t\u0259dris etmir. M\u00fc\u0259yy\u0259n qismi m\u00fc\u0259llim, idar\u0259edici v\u0259 texniki i\u015f\u00e7idir&#187;. Bu s\u00f6zl\u0259ri t\u0259hsil nazirinin m\u00fcavini<\/p>\n","protected":false},"author":2,"featured_media":56807,"comment_status":"closed","ping_status":"closed","sticky":false,"template":"","format":"standard","meta":{"footnotes":""},"categories":[8],"tags":[],"class_list":["post-56806","post","type-post","status-publish","format-standard","has-post-thumbnail","hentry","category-thsil"],"aioseo_notices":[],"_links":{"self":[{"href":"https:\/\/fedai.az\/index.php?rest_route=\/wp\/v2\/posts\/56806","targetHints":{"allow":["GET"]}}],"collection":[{"href":"https:\/\/fedai.az\/index.php?rest_route=\/wp\/v2\/posts"}],"about":[{"href":"https:\/\/fedai.az\/index.php?rest_route=\/wp\/v2\/types\/post"}],"author":[{"embeddable":true,"href":"https:\/\/fedai.az\/index.php?rest_route=\/wp\/v2\/users\/2"}],"replies":[{"embeddable":true,"href":"https:\/\/fedai.az\/index.php?rest_route=%2Fwp%2Fv2%2Fcomments&post=56806"}],"version-history":[{"count":1,"href":"https:\/\/fedai.az\/index.php?rest_route=\/wp\/v2\/posts\/56806\/revisions"}],"predecessor-version":[{"id":56808,"href":"https:\/\/fedai.az\/index.php?rest_route=\/wp\/v2\/posts\/56806\/revisions\/56808"}],"wp:featuredmedia":[{"embeddable":true,"href":"https:\/\/fedai.az\/index.php?rest_route=\/wp\/v2\/media\/56807"}],"wp:attachment":[{"href":"https:\/\/fedai.az\/index.php?rest_route=%2Fwp%2Fv2%2Fmedia&parent=56806"}],"wp:term":[{"taxonomy":"category","embeddable":true,"href":"https:\/\/fedai.az\/index.php?rest_route=%2Fwp%2Fv2%2Fcategories&post=56806"},{"taxonomy":"post_tag","embeddable":true,"href":"https:\/\/fedai.az\/index.php?rest_route=%2Fwp%2Fv2%2Ftags&post=56806"}],"curies":[{"name":"wp","href":"https:\/\/api.w.org\/{rel}","templated":true}]}}