{"id":56827,"date":"2021-12-19T01:01:04","date_gmt":"2021-12-18T21:01:04","guid":{"rendered":"https:\/\/fedai.az\/?p=56827"},"modified":"2021-12-19T01:01:07","modified_gmt":"2021-12-18T21:01:07","slug":"az%c9%99rbaycan-prezidenti-biz-hec-bir-halda-rusiyanin-r%c9%99qibi-deyilik","status":"publish","type":"post","link":"https:\/\/fedai.az\/?p=56827","title":{"rendered":"Az\u0259rbaycan Prezidenti: \u201cBiz he\u00e7 bir halda Rusiyan\u0131n r\u0259qibi deyilik\u201d"},"content":{"rendered":"\n<p><strong>\u201cBizim neft k\u0259m\u0259rl\u0259rind\u0259n tutmu\u015f, qaz k\u0259m\u0259rl\u0259rin\u0259d\u0259k b\u00fct\u00fcn enerji layih\u0259l\u0259rimiz regionda \u00e7ox dostyana m\u00fchitd\u0259 tamamlan\u0131b. Bu, birincisi. \u0130kincisi, Rusiya bizim siyas\u0259timiz\u0259, xarici siyas\u0259timiz\u0259, enerji siyas\u0259timiz\u0259 tam h\u00f6rm\u0259t edir. Biz r\u0259qib deyilik\u201d.<\/strong><\/p>\n\n\n\n<p>Bunu Az\u0259rbaycan Prezidenti \u0130lham \u018fliyev Br\u00fcsseld\u0259 i\u015fg\u00fczar s\u0259f\u0259rd\u0259 olark\u0259n dekabr\u0131n 15-d\u0259 \u0130taliyan\u0131n \u201c\u0130l Sole 24 Ore\u201d q\u0259zetin\u0259 m\u00fcsahib\u0259sind\u0259 deyib.<\/p>\n\n\n\n<p><strong>\u201cD\u0259f\u0259l\u0259rl\u0259 qeyd etdiyim kimi, bu m\u0259s\u0259l\u0259l\u0259r b\u0259z\u0259n s\u00fcni \u015f\u0259kild\u0259 \u015fi\u015firdilir. Biz he\u00e7 bir halda Rusiyan\u0131n r\u0259qibi deyilik. \u00c7\u00fcnki Rusiya Avropan\u0131 y\u00fcz milyardlarla kubmetr qazla t\u0259chiz edir v\u0259 Rusiya qaz\u0131na t\u0259l\u0259bat art\u0131r.<\/strong> Az\u0259rbaycan yeni ba\u015flay\u0131b v\u0259 qeyd etdiyim kimi, bizim Avropaya t\u0259chizat\u0131m\u0131z 2023-c\u00fc ild\u0259 11 milyard kubmetr olacaq v\u0259 \u0259g\u0259r yeni m\u00fcqavil\u0259l\u0259rimiz olmasa, yeni hasilata investisiya yat\u0131rmasaq, bu, bel\u0259 qala bil\u0259r. Ona g\u00f6r\u0259 d\u0259, bu, he\u00e7 bir halda bizim Rusiya il\u0259 \u00e7ox m\u00fcsb\u0259t v\u0259 yax\u015f\u0131 balansla\u015fd\u0131r\u0131lm\u0131\u015f m\u00fcnasib\u0259tl\u0259rimizd\u0259 m\u0259nfi rol oynaya bilm\u0259z\u201d, &#8212; Prezident bildirib.<\/p>\n","protected":false},"excerpt":{"rendered":"<p>\u201cBizim neft k\u0259m\u0259rl\u0259rind\u0259n tutmu\u015f, qaz k\u0259m\u0259rl\u0259rin\u0259d\u0259k b\u00fct\u00fcn enerji layih\u0259l\u0259rimiz regionda \u00e7ox dostyana m\u00fchitd\u0259 tamamlan\u0131b. Bu, birincisi. \u0130kincisi, Rusiya bizim siyas\u0259timiz\u0259, xarici siyas\u0259timiz\u0259, enerji siyas\u0259timiz\u0259<\/p>\n","protected":false},"author":2,"featured_media":56828,"comment_status":"closed","ping_status":"closed","sticky":false,"template":"","format":"standard","meta":{"footnotes":""},"categories":[3],"tags":[],"class_list":["post-56827","post","type-post","status-publish","format-standard","has-post-thumbnail","hentry","category-gundm"],"aioseo_notices":[],"_links":{"self":[{"href":"https:\/\/fedai.az\/index.php?rest_route=\/wp\/v2\/posts\/56827","targetHints":{"allow":["GET"]}}],"collection":[{"href":"https:\/\/fedai.az\/index.php?rest_route=\/wp\/v2\/posts"}],"about":[{"href":"https:\/\/fedai.az\/index.php?rest_route=\/wp\/v2\/types\/post"}],"author":[{"embeddable":true,"href":"https:\/\/fedai.az\/index.php?rest_route=\/wp\/v2\/users\/2"}],"replies":[{"embeddable":true,"href":"https:\/\/fedai.az\/index.php?rest_route=%2Fwp%2Fv2%2Fcomments&post=56827"}],"version-history":[{"count":1,"href":"https:\/\/fedai.az\/index.php?rest_route=\/wp\/v2\/posts\/56827\/revisions"}],"predecessor-version":[{"id":56829,"href":"https:\/\/fedai.az\/index.php?rest_route=\/wp\/v2\/posts\/56827\/revisions\/56829"}],"wp:featuredmedia":[{"embeddable":true,"href":"https:\/\/fedai.az\/index.php?rest_route=\/wp\/v2\/media\/56828"}],"wp:attachment":[{"href":"https:\/\/fedai.az\/index.php?rest_route=%2Fwp%2Fv2%2Fmedia&parent=56827"}],"wp:term":[{"taxonomy":"category","embeddable":true,"href":"https:\/\/fedai.az\/index.php?rest_route=%2Fwp%2Fv2%2Fcategories&post=56827"},{"taxonomy":"post_tag","embeddable":true,"href":"https:\/\/fedai.az\/index.php?rest_route=%2Fwp%2Fv2%2Ftags&post=56827"}],"curies":[{"name":"wp","href":"https:\/\/api.w.org\/{rel}","templated":true}]}}