{"id":56830,"date":"2021-12-19T01:12:43","date_gmt":"2021-12-18T21:12:43","guid":{"rendered":"https:\/\/fedai.az\/?p=56830"},"modified":"2021-12-19T01:12:48","modified_gmt":"2021-12-18T21:12:48","slug":"prezidentin-xususi-numay%c9%99nd%c9%99si-suqovusana-getdi","status":"publish","type":"post","link":"https:\/\/fedai.az\/?p=56830","title":{"rendered":"Prezidentin x\u00fcsusi n\u00fcmay\u0259nd\u0259si Suqovu\u015fana getdi"},"content":{"rendered":"\n<p><strong>Qaraba\u011f iqtisadi rayonuna daxil olan i\u015f\u011faldan azad edilmi\u015f \u0259razil\u0259rd\u0259 (\u015eu\u015fa rayonu istisna olmaqla) Az\u0259rbaycan Prezidentinin x\u00fcsusi n\u00fcmay\u0259nd\u0259si Emin H\u00fcseynov T\u0259rt\u0259r\u0259 s\u0259f\u0259r edib.<\/strong><\/p>\n\n\n\n<p><br>Fedai.az x\u0259b\u0259r verir ki, E.H\u00fcseynov bu bar\u0259d\u0259 &#171;Twitter&#187; hesab\u0131nda payla\u015f\u0131m edib.<\/p>\n\n\n\n<p>&#171;Bu g\u00fcn T\u0259rt\u0259r rayonunun i\u015f\u011faldan azad edilmi\u015f \u0259razil\u0259ri olan Suqovu\u015fana, h\u0259m\u00e7inin Tal\u0131\u015f k\u0259ndin\u0259 s\u0259f\u0259r etdik v\u0259 g\u00f6r\u00fcl\u0259n i\u015fl\u0259rl\u0259 tan\u0131\u015f olduq\u201d, &#8212; Az\u0259rbaycan Prezidentinin x\u00fcsusi n\u00fcmay\u0259nd\u0259si qeyd edib.<\/p>\n\n\n\n<figure class=\"wp-block-embed is-type-rich is-provider-twitter wp-block-embed-twitter\"><div class=\"wp-block-embed__wrapper\">\n<blockquote class=\"twitter-tweet\" data-width=\"550\" data-dnt=\"true\"><p lang=\"en\" dir=\"ltr\">Today we have visited the liberated territories of <a href=\"https:\/\/twitter.com\/hashtag\/Tartar?src=hash&amp;ref_src=twsrc%5Etfw\">#Tartar<\/a> district &#8212; <a href=\"https:\/\/twitter.com\/hashtag\/Sugovushan?src=hash&amp;ref_src=twsrc%5Etfw\">#Sugovushan<\/a> settlement and <a href=\"https:\/\/twitter.com\/hashtag\/Talish?src=hash&amp;ref_src=twsrc%5Etfw\">#Talish<\/a> village as well as got acquainted with the work done. <a href=\"https:\/\/t.co\/XARXm27kPg\">https:\/\/t.co\/XARXm27kPg<\/a><\/p>&mdash; Emin Huseynov (@Emin_H_official) <a href=\"https:\/\/twitter.com\/Emin_H_official\/status\/1472243895580905472?ref_src=twsrc%5Etfw\">December 18, 2021<\/a><\/blockquote><script async src=\"https:\/\/platform.twitter.com\/widgets.js\" charset=\"utf-8\"><\/script>\n<\/div><\/figure>\n","protected":false},"excerpt":{"rendered":"<p>Qaraba\u011f iqtisadi rayonuna daxil olan i\u015f\u011faldan azad edilmi\u015f \u0259razil\u0259rd\u0259 (\u015eu\u015fa rayonu istisna olmaqla) Az\u0259rbaycan Prezidentinin x\u00fcsusi n\u00fcmay\u0259nd\u0259si Emin H\u00fcseynov T\u0259rt\u0259r\u0259 s\u0259f\u0259r edib. Fedai.az x\u0259b\u0259r<\/p>\n","protected":false},"author":2,"featured_media":56831,"comment_status":"closed","ping_status":"closed","sticky":false,"template":"","format":"standard","meta":{"footnotes":""},"categories":[4],"tags":[],"class_list":["post-56830","post","type-post","status-publish","format-standard","has-post-thumbnail","hentry","category-qarabag"],"aioseo_notices":[],"_links":{"self":[{"href":"https:\/\/fedai.az\/index.php?rest_route=\/wp\/v2\/posts\/56830","targetHints":{"allow":["GET"]}}],"collection":[{"href":"https:\/\/fedai.az\/index.php?rest_route=\/wp\/v2\/posts"}],"about":[{"href":"https:\/\/fedai.az\/index.php?rest_route=\/wp\/v2\/types\/post"}],"author":[{"embeddable":true,"href":"https:\/\/fedai.az\/index.php?rest_route=\/wp\/v2\/users\/2"}],"replies":[{"embeddable":true,"href":"https:\/\/fedai.az\/index.php?rest_route=%2Fwp%2Fv2%2Fcomments&post=56830"}],"version-history":[{"count":1,"href":"https:\/\/fedai.az\/index.php?rest_route=\/wp\/v2\/posts\/56830\/revisions"}],"predecessor-version":[{"id":56832,"href":"https:\/\/fedai.az\/index.php?rest_route=\/wp\/v2\/posts\/56830\/revisions\/56832"}],"wp:featuredmedia":[{"embeddable":true,"href":"https:\/\/fedai.az\/index.php?rest_route=\/wp\/v2\/media\/56831"}],"wp:attachment":[{"href":"https:\/\/fedai.az\/index.php?rest_route=%2Fwp%2Fv2%2Fmedia&parent=56830"}],"wp:term":[{"taxonomy":"category","embeddable":true,"href":"https:\/\/fedai.az\/index.php?rest_route=%2Fwp%2Fv2%2Fcategories&post=56830"},{"taxonomy":"post_tag","embeddable":true,"href":"https:\/\/fedai.az\/index.php?rest_route=%2Fwp%2Fv2%2Ftags&post=56830"}],"curies":[{"name":"wp","href":"https:\/\/api.w.org\/{rel}","templated":true}]}}