{"id":56833,"date":"2021-12-19T01:16:29","date_gmt":"2021-12-18T21:16:29","guid":{"rendered":"https:\/\/fedai.az\/?p=56833"},"modified":"2021-12-19T01:16:35","modified_gmt":"2021-12-18T21:16:35","slug":"saleh-rust%c9%99mlinin-acliqdan-sonra-fotosu-ilk-d%c9%99f%c9%99-yayinlanib","status":"publish","type":"post","link":"https:\/\/fedai.az\/?p=56833","title":{"rendered":"Saleh R\u00fcst\u0259mlinin acl\u0131qdan sonra fotosu ilk d\u0259f\u0259 yay\u0131nlan\u0131b"},"content":{"rendered":"\n<p><strong>&#171;Saleh R\u00fcst\u0259mlinin sa\u011fl\u0131q durumu il\u0259 ba\u011fl\u0131 m\u0259tbuatda ged\u0259n b\u0259zi informasiyalar h\u0259qiq\u0259t\u0259 uy\u011fun deyil. M\u00fcalic\u0259 M\u00fc\u0259ssis\u0259sinin h\u0259kiml\u0259ri il\u0259 birg\u0259 onun s\u0259hh\u0259tini ciddi n\u0259zar\u0259t alt\u0131nda saxlay\u0131r\u0131q\u201d.<\/strong><\/p>\n\n\n\n<p>Bu bar\u0259d\u0259 onun h\u0259kimi Adil Qeybulla m\u0259lumat payla\u015f\u0131b.<\/p>\n\n\n\n<p>Bildirib ki, S. R\u00fcst\u0259mlinin sa\u011flaml\u0131\u011f\u0131n\u0131n b\u0259rpas\u0131 istiqam\u0259tind\u0259 t\u0259dbirl\u0259r acl\u0131\u011f\u0131 dayand\u0131rmaqdan xeyli \u0259vv\u0259l ba\u015flay\u0131b:<\/p>\n\n\n\n<p>&#171;Alimentar qidalanmaya ke\u00e7dikd\u0259n sonra is\u0259 b\u0259rpa prosesi s\u00fcr\u0259tl\u0259 gedir. A\u015fa\u011f\u0131dak\u0131 \u015f\u0259kil acl\u0131\u011f\u0131n dayand\u0131r\u0131ld\u0131\u011f\u0131 g\u00fcn \u00e7\u0259kilib. Bu \u015f\u0259kli Saleh b\u0259y azadl\u0131\u011fa \u00e7\u0131xandan sonra sizl\u0259r\u0259 t\u0259qdim etm\u0259k fikrind\u0259 idim. Lakin yersiz v\u0259 \u0259sass\u0131z \u015fayi\u0259l\u0259ri t\u0259kzib etm\u0259k z\u0259rur\u0259ti yarand\u0131\u011f\u0131ndan buna m\u0259cbur oldum. Q\u0131sa video sujet d\u0259 var.<\/p>\n\n\n\n<p>G\u0259lin ham\u0131l\u0131qla arzu ed\u0259k ki, Saleh b\u0259yin s\u0259hh\u0259ti tezlikl\u0259 tam b\u0259rpa olsun v\u0259 o, layiq oldu\u011fu azadl\u0131\u011f\u0131na qovu\u015fsun\u201d.<\/p>\n","protected":false},"excerpt":{"rendered":"<p>&#171;Saleh R\u00fcst\u0259mlinin sa\u011fl\u0131q durumu il\u0259 ba\u011fl\u0131 m\u0259tbuatda ged\u0259n b\u0259zi informasiyalar h\u0259qiq\u0259t\u0259 uy\u011fun deyil. M\u00fcalic\u0259 M\u00fc\u0259ssis\u0259sinin h\u0259kiml\u0259ri il\u0259 birg\u0259 onun s\u0259hh\u0259tini ciddi n\u0259zar\u0259t alt\u0131nda saxlay\u0131r\u0131q\u201d.<\/p>\n","protected":false},"author":2,"featured_media":56834,"comment_status":"closed","ping_status":"closed","sticky":false,"template":"","format":"standard","meta":{"footnotes":""},"categories":[12],"tags":[],"class_list":["post-56833","post","type-post","status-publish","format-standard","has-post-thumbnail","hentry","category-sosial"],"aioseo_notices":[],"_links":{"self":[{"href":"https:\/\/fedai.az\/index.php?rest_route=\/wp\/v2\/posts\/56833","targetHints":{"allow":["GET"]}}],"collection":[{"href":"https:\/\/fedai.az\/index.php?rest_route=\/wp\/v2\/posts"}],"about":[{"href":"https:\/\/fedai.az\/index.php?rest_route=\/wp\/v2\/types\/post"}],"author":[{"embeddable":true,"href":"https:\/\/fedai.az\/index.php?rest_route=\/wp\/v2\/users\/2"}],"replies":[{"embeddable":true,"href":"https:\/\/fedai.az\/index.php?rest_route=%2Fwp%2Fv2%2Fcomments&post=56833"}],"version-history":[{"count":1,"href":"https:\/\/fedai.az\/index.php?rest_route=\/wp\/v2\/posts\/56833\/revisions"}],"predecessor-version":[{"id":56835,"href":"https:\/\/fedai.az\/index.php?rest_route=\/wp\/v2\/posts\/56833\/revisions\/56835"}],"wp:featuredmedia":[{"embeddable":true,"href":"https:\/\/fedai.az\/index.php?rest_route=\/wp\/v2\/media\/56834"}],"wp:attachment":[{"href":"https:\/\/fedai.az\/index.php?rest_route=%2Fwp%2Fv2%2Fmedia&parent=56833"}],"wp:term":[{"taxonomy":"category","embeddable":true,"href":"https:\/\/fedai.az\/index.php?rest_route=%2Fwp%2Fv2%2Fcategories&post=56833"},{"taxonomy":"post_tag","embeddable":true,"href":"https:\/\/fedai.az\/index.php?rest_route=%2Fwp%2Fv2%2Ftags&post=56833"}],"curies":[{"name":"wp","href":"https:\/\/api.w.org\/{rel}","templated":true}]}}