{"id":56839,"date":"2021-12-19T01:27:36","date_gmt":"2021-12-18T21:27:36","guid":{"rendered":"https:\/\/fedai.az\/?p=56839"},"modified":"2021-12-19T01:27:39","modified_gmt":"2021-12-18T21:27:39","slug":"s%c9%99hid-qapisini-s%c9%99kil-c%c9%99kdirm%c9%99k-ucun-acmayin-s%c9%99hid-polkovnikin-xanimi","status":"publish","type":"post","link":"https:\/\/fedai.az\/?p=56839","title":{"rendered":"\u015e\u0259hid qap\u0131s\u0131n\u0131 \u015f\u0259kil \u00e7\u0259kdirm\u0259k \u00fc\u00e7\u00fcn a\u00e7may\u0131n &#8212; \u015e\u018fH\u0130D POLKOVN\u0130K\u0130N XANIMI"},"content":{"rendered":"\n<p><strong>Bizim c\u0259miyy\u0259td\u0259 g\u00fcv\u0259n problemi var. \u0130nsanlar m\u0259mura g\u00fcv\u0259nmir. Ona g\u00f6r\u0259 d\u0259 h\u0259r hans\u0131 \u201cqazinin, \u015f\u0259hid ail\u0259sinin problemi var\u201d &#8212; dey\u0259nd\u0259, \u00e7ox vaxt ona adekvat cavab verilmir. \u018fn b\u00f6y\u00fck problem g\u00fcv\u0259nsizlikd\u0259dir, \u00e7\u00fcnki s\u0259mimi deyilik.<\/strong><\/p>\n\n\n\n<p><strong>Bu fikirl\u0259ri&nbsp; hafta.az-a \u201cZ\u0259f\u0259r\u201d \u015e\u0259hid Ail\u0259l\u0259rin\u0259 D\u0259st\u0259k \u0130ctimai Birliyinin s\u0259dri Sevinc Al\u0131zad\u0259 deyib:<\/strong><\/p>\n\n\n\n<p>&#171;\u015e\u0259hid qap\u0131s\u0131n\u0131 y\u00fcks\u0259li\u015f, \u015f\u0259kil \u00e7\u0259kdirm\u0259k xatirin\u0259 a\u00e7maq laz\u0131m deyil. Onun u\u015fa\u011f\u0131n\u0131n ba\u015f\u0131n\u0131 s\u0131\u011fallayanda bunu da \u00fcr\u0259kyan\u011f\u0131s\u0131, sevgi il\u0259 etm\u0259lis\u0259n. \u0130ki-\u00fc\u00e7 n\u0259f\u0259rl\u0259 o ail\u0259l\u0259r\u0259 gedib, onu da hesabat xatirin\u0259 edirs\u0259ns\u0259, etm\u0259s\u0259n, daha yax\u015f\u0131d\u0131r.\u00a0 Orada \u00e7\u0259kil\u0259n \u015f\u0259kill\u0259rin mahiyy\u0259tini bilm\u0259y\u0259 bil\u0259rik, amma evin\u0259 getdiyin insan s\u0259nin n\u0259 q\u0259d\u0259r s\u0259mimi oldu\u011funu duyur ax\u0131.\u00a0 S\u0259n v\u0259ziyy\u0259t sosialla\u015fandan sonra gedib qazinin qap\u0131s\u0131n\u0131 d\u00f6y\u00fcb onunla maraqlanmal\u0131 deyils\u0259n.\u00a0 O problem sosialla\u015fmayana, K\u0130V-\u0259 \u00e7\u0131xmayana q\u0259d\u0259r s\u0259nin onun problemind\u0259n x\u0259b\u0259rin olmal\u0131d\u0131r. \u00d6z\u00fcn ed\u0259 bil\u0259c\u0259yini etm\u0259lis\u0259n.\u00a0 Haql\u0131d\u0131r, yaxud haqs\u0131zd\u0131r, art\u0131q bunu m\u0259s\u0259l\u0259 il\u0259 tan\u0131\u015f olandan sonra bil\u0259c\u0259ks\u0259n. Biz demirik ki, b\u00fct\u00fcn m\u00fcraci\u0259t ed\u0259nl\u0259rin ham\u0131s\u0131 haql\u0131d\u0131r.\u00a0 M\u00fcraci\u0259tin k\u00f6k\u00fcn\u00fc, el\u0259c\u0259 d\u0259 qazinin s\u0259n\u0259 g\u00fcv\u0259nsizliyinin d\u0259 k\u00f6k\u00fcn\u00fc ara\u015fd\u0131rmal\u0131san.\u00a0 Qazil\u0259rin m\u0259murlara qar\u015f\u0131 bel\u0259 bir m\u00f6vqeyinin olmas\u0131n\u0131 ara\u015fd\u0131r\u0131b tapmal\u0131san.&#187;\u00a0<\/p>\n\n\n\n<p>M\u0259nb\u0259: Hafta.az<\/p>\n","protected":false},"excerpt":{"rendered":"<p>Bizim c\u0259miyy\u0259td\u0259 g\u00fcv\u0259n problemi var. \u0130nsanlar m\u0259mura g\u00fcv\u0259nmir. Ona g\u00f6r\u0259 d\u0259 h\u0259r hans\u0131 \u201cqazinin, \u015f\u0259hid ail\u0259sinin problemi var\u201d &#8212; dey\u0259nd\u0259, \u00e7ox vaxt ona adekvat<\/p>\n","protected":false},"author":2,"featured_media":56840,"comment_status":"closed","ping_status":"closed","sticky":false,"template":"","format":"standard","meta":{"footnotes":""},"categories":[12],"tags":[],"class_list":["post-56839","post","type-post","status-publish","format-standard","has-post-thumbnail","hentry","category-sosial"],"aioseo_notices":[],"_links":{"self":[{"href":"https:\/\/fedai.az\/index.php?rest_route=\/wp\/v2\/posts\/56839","targetHints":{"allow":["GET"]}}],"collection":[{"href":"https:\/\/fedai.az\/index.php?rest_route=\/wp\/v2\/posts"}],"about":[{"href":"https:\/\/fedai.az\/index.php?rest_route=\/wp\/v2\/types\/post"}],"author":[{"embeddable":true,"href":"https:\/\/fedai.az\/index.php?rest_route=\/wp\/v2\/users\/2"}],"replies":[{"embeddable":true,"href":"https:\/\/fedai.az\/index.php?rest_route=%2Fwp%2Fv2%2Fcomments&post=56839"}],"version-history":[{"count":1,"href":"https:\/\/fedai.az\/index.php?rest_route=\/wp\/v2\/posts\/56839\/revisions"}],"predecessor-version":[{"id":56841,"href":"https:\/\/fedai.az\/index.php?rest_route=\/wp\/v2\/posts\/56839\/revisions\/56841"}],"wp:featuredmedia":[{"embeddable":true,"href":"https:\/\/fedai.az\/index.php?rest_route=\/wp\/v2\/media\/56840"}],"wp:attachment":[{"href":"https:\/\/fedai.az\/index.php?rest_route=%2Fwp%2Fv2%2Fmedia&parent=56839"}],"wp:term":[{"taxonomy":"category","embeddable":true,"href":"https:\/\/fedai.az\/index.php?rest_route=%2Fwp%2Fv2%2Fcategories&post=56839"},{"taxonomy":"post_tag","embeddable":true,"href":"https:\/\/fedai.az\/index.php?rest_route=%2Fwp%2Fv2%2Ftags&post=56839"}],"curies":[{"name":"wp","href":"https:\/\/api.w.org\/{rel}","templated":true}]}}