{"id":56842,"date":"2021-12-19T01:36:43","date_gmt":"2021-12-18T21:36:43","guid":{"rendered":"https:\/\/fedai.az\/?p=56842"},"modified":"2021-12-19T01:36:48","modified_gmt":"2021-12-18T21:36:48","slug":"cavusoglu-v%c9%99-bayramov-pakistana-gedib","status":"publish","type":"post","link":"https:\/\/fedai.az\/?p=56842","title":{"rendered":"\u00c7avu\u015fo\u011flu v\u0259 Bayramov Pakistana gedib"},"content":{"rendered":"\n<p><strong>Xarici i\u015fl\u0259r naziri Ceyhun Bayramov \u0130slam \u018fm\u0259kda\u015fl\u0131\u011f\u0131 T\u0259\u015fkilat\u0131n\u0131n Xarici \u0130\u015fl\u0259r Nazirl\u0259ri \u015euras\u0131n\u0131n \u018ffqan\u0131standa humanitar v\u0259ziyy\u0259t\u0259 h\u0259sr olunmu\u015f n\u00f6vb\u0259d\u0259nk\u0259nar iclas\u0131nda i\u015ftirak etm\u0259k \u00fc\u00e7\u00fcn Pakistan \u0130slam Respublikas\u0131na yola d\u00fc\u015f\u00fcb.<\/strong><\/p>\n\n\n\n<p> \u00a0 Xarici \u0130\u015fl\u0259r Nazirliyind\u0259nveril\u0259n x\u0259b\u0259r\u0259 \u0259ss\u0259n, s\u0259f\u0259r \u00e7\u0259r\u00e7iv\u0259sind\u0259 ikit\u0259r\u0259fli g\u00f6r\u00fc\u015fl\u0259rin d\u0259 ke\u00e7irilm\u0259si n\u0259z\u0259rd\u0259 tutulub. <\/p>\n\n\n\n<figure class=\"wp-block-gallery columns-2 is-cropped wp-block-gallery-1 is-layout-flex wp-block-gallery-is-layout-flex\"><ul class=\"blocks-gallery-grid\"><li class=\"blocks-gallery-item\"><figure><img loading=\"lazy\" decoding=\"async\" width=\"620\" height=\"400\" src=\"https:\/\/fedai.az\/wp-content\/uploads\/2021\/12\/1639823383.jpg\" alt=\"\" data-id=\"56843\" data-link=\"https:\/\/fedai.az\/?attachment_id=56843\" class=\"wp-image-56843\" srcset=\"https:\/\/fedai.az\/wp-content\/uploads\/2021\/12\/1639823383.jpg 620w, https:\/\/fedai.az\/wp-content\/uploads\/2021\/12\/1639823383-300x194.jpg 300w, https:\/\/fedai.az\/wp-content\/uploads\/2021\/12\/1639823383-150x97.jpg 150w, https:\/\/fedai.az\/wp-content\/uploads\/2021\/12\/1639823383-115x73.jpg 115w\" sizes=\"auto, (max-width: 620px) 100vw, 620px\" \/><\/figure><\/li><li class=\"blocks-gallery-item\"><figure><img loading=\"lazy\" decoding=\"async\" width=\"275\" height=\"183\" src=\"https:\/\/fedai.az\/wp-content\/uploads\/2021\/12\/\u0411\u0435\u0437-\u043d\u0430\u0437\u0432\u0430\u043d\u0438\u044f-1-2.jpg\" alt=\"\" data-id=\"56844\" data-full-url=\"https:\/\/fedai.az\/wp-content\/uploads\/2021\/12\/\u0411\u0435\u0437-\u043d\u0430\u0437\u0432\u0430\u043d\u0438\u044f-1-2.jpg\" data-link=\"https:\/\/fedai.az\/?attachment_id=56844\" class=\"wp-image-56844\" srcset=\"https:\/\/fedai.az\/wp-content\/uploads\/2021\/12\/\u0411\u0435\u0437-\u043d\u0430\u0437\u0432\u0430\u043d\u0438\u044f-1-2.jpg 275w, https:\/\/fedai.az\/wp-content\/uploads\/2021\/12\/\u0411\u0435\u0437-\u043d\u0430\u0437\u0432\u0430\u043d\u0438\u044f-1-2-150x100.jpg 150w\" sizes=\"auto, (max-width: 275px) 100vw, 275px\" \/><\/figure><\/li><\/ul><\/figure>\n\n\n\n<p><strong>Ald\u0131\u011f\u0131m\u0131z dig\u0259r m\u0259lumata g\u00f6r\u0259,<\/strong> <strong>T\u00fcrkiy\u0259nin xarici i\u015fl\u0259r naziri M\u00f6vlud \u00c7avu\u015fo\u011flu da Pakistana s\u0259f\u0259r edib.<\/strong><\/p>\n\n\n\n<p>Bu bar\u0259d\u0259 \u00c7avu\u015fo\u011flu Tvitter hesab\u0131nda payla\u015f\u0131m edib.<\/p>\n\n\n\n<p>Bildirilir ki, \u00c7avu\u015fo\u011flu \u0130slam \u018fm\u0259kda\u015fl\u0131\u011f\u0131 T\u0259\u015fkilat\u0131n\u0131n Xarici \u0130\u015fl\u0259r Nazirl\u0259ri \u015euras\u0131n\u0131n \u018ffqan\u0131standa humanitar v\u0259ziyy\u0259t\u0259 h\u0259sr olunmu\u015f n\u00f6vb\u0259d\u0259nk\u0259nar iclas\u0131nda i\u015ftirak etm\u0259k \u00fc\u00e7\u00fcn s\u00f6z\u00fcged\u0259n \u00f6lk\u0259y\u0259 s\u0259f\u0259r edib.<\/p>\n","protected":false},"excerpt":{"rendered":"<p>Xarici i\u015fl\u0259r naziri Ceyhun Bayramov \u0130slam \u018fm\u0259kda\u015fl\u0131\u011f\u0131 T\u0259\u015fkilat\u0131n\u0131n Xarici \u0130\u015fl\u0259r Nazirl\u0259ri \u015euras\u0131n\u0131n \u018ffqan\u0131standa humanitar v\u0259ziyy\u0259t\u0259 h\u0259sr olunmu\u015f n\u00f6vb\u0259d\u0259nk\u0259nar iclas\u0131nda i\u015ftirak etm\u0259k \u00fc\u00e7\u00fcn Pakistan \u0130slam<\/p>\n","protected":false},"author":2,"featured_media":56845,"comment_status":"closed","ping_status":"closed","sticky":false,"template":"","format":"standard","meta":{"footnotes":""},"categories":[1],"tags":[],"class_list":["post-56842","post","type-post","status-publish","format-standard","has-post-thumbnail","hentry","category-siyast"],"aioseo_notices":[],"_links":{"self":[{"href":"https:\/\/fedai.az\/index.php?rest_route=\/wp\/v2\/posts\/56842","targetHints":{"allow":["GET"]}}],"collection":[{"href":"https:\/\/fedai.az\/index.php?rest_route=\/wp\/v2\/posts"}],"about":[{"href":"https:\/\/fedai.az\/index.php?rest_route=\/wp\/v2\/types\/post"}],"author":[{"embeddable":true,"href":"https:\/\/fedai.az\/index.php?rest_route=\/wp\/v2\/users\/2"}],"replies":[{"embeddable":true,"href":"https:\/\/fedai.az\/index.php?rest_route=%2Fwp%2Fv2%2Fcomments&post=56842"}],"version-history":[{"count":1,"href":"https:\/\/fedai.az\/index.php?rest_route=\/wp\/v2\/posts\/56842\/revisions"}],"predecessor-version":[{"id":56846,"href":"https:\/\/fedai.az\/index.php?rest_route=\/wp\/v2\/posts\/56842\/revisions\/56846"}],"wp:featuredmedia":[{"embeddable":true,"href":"https:\/\/fedai.az\/index.php?rest_route=\/wp\/v2\/media\/56845"}],"wp:attachment":[{"href":"https:\/\/fedai.az\/index.php?rest_route=%2Fwp%2Fv2%2Fmedia&parent=56842"}],"wp:term":[{"taxonomy":"category","embeddable":true,"href":"https:\/\/fedai.az\/index.php?rest_route=%2Fwp%2Fv2%2Fcategories&post=56842"},{"taxonomy":"post_tag","embeddable":true,"href":"https:\/\/fedai.az\/index.php?rest_route=%2Fwp%2Fv2%2Ftags&post=56842"}],"curies":[{"name":"wp","href":"https:\/\/api.w.org\/{rel}","templated":true}]}}