{"id":56861,"date":"2021-12-19T02:16:59","date_gmt":"2021-12-18T22:16:59","guid":{"rendered":"https:\/\/fedai.az\/?p=56861"},"modified":"2021-12-19T02:17:02","modified_gmt":"2021-12-18T22:17:02","slug":"bascinin-q%c9%99z%c9%99bin%c9%99-tus-g%c9%99l%c9%99n-muharib%c9%99-veterani-azadliqda-imisli","status":"publish","type":"post","link":"https:\/\/fedai.az\/?p=56861","title":{"rendered":"Ba\u015f\u00e7\u0131n\u0131n q\u0259z\u0259bin\u0259 tu\u015f g\u0259l\u0259n m\u00fcharib\u0259 veteran\u0131 azadl\u0131qda -\u0130mi\u015fli"},"content":{"rendered":"\n<p><strong>\u0130mi\u015fli Rayon \u0130cra Hakimiyy\u0259tinin ba\u015f\u00e7\u0131s\u0131\u00a0El\u00e7in Rzayevin q\u0259z\u0259bin\u0259 tu\u015f g\u0259l\u0259n (&#171;Bismillah&#187; dem\u0259yi unutmay\u0131n-red) Az\u0259rbaycan V\u0259t\u0259n M\u00fcharib\u0259si Veteranlar\u0131 \u0130ctimai Birliyi (AVMV\u0130B) \u0130mi\u015fli rayon \u015f\u00f6b\u0259sinin s\u0259dri Taleh Tapd\u0131qovun ald\u0131\u011f\u0131 5 sutkal\u0131q c\u0259za ba\u015fa \u00e7atd\u0131\u011f\u0131na g\u00f6r\u0259 azadl\u0131\u011fa \u00e7\u0131x\u0131b.<\/strong><\/p>\n\n\n\n<p>Xat\u0131rladaq ki, aidiyyatl\u0131 qurumlar\u0131n qanuna zidd \u0259m\u0259ll\u0259ri bar\u0259d\u0259 Az\u0259rbaycan V\u0259t\u0259n M\u00fcharib\u0259si Veteranlar\u0131 \u0130ctimai Birliyi (AVMV\u0130B) \u00f6lk\u0259 r\u0259hb\u0259rin\u0259 m\u00fcraci\u0259t edilib.<\/p>\n\n\n\n<figure class=\"wp-block-image size-large is-resized\"><img loading=\"lazy\" decoding=\"async\" src=\"https:\/\/fedai.az\/wp-content\/uploads\/2021\/12\/267906038_1886576688216717_8446604545666190598_n-765x1024.jpg\" alt=\"\" class=\"wp-image-56862\" width=\"915\" height=\"1225\" srcset=\"https:\/\/fedai.az\/wp-content\/uploads\/2021\/12\/267906038_1886576688216717_8446604545666190598_n-765x1024.jpg 765w, https:\/\/fedai.az\/wp-content\/uploads\/2021\/12\/267906038_1886576688216717_8446604545666190598_n-224x300.jpg 224w, https:\/\/fedai.az\/wp-content\/uploads\/2021\/12\/267906038_1886576688216717_8446604545666190598_n-112x150.jpg 112w, https:\/\/fedai.az\/wp-content\/uploads\/2021\/12\/267906038_1886576688216717_8446604545666190598_n-768x1027.jpg 768w, https:\/\/fedai.az\/wp-content\/uploads\/2021\/12\/267906038_1886576688216717_8446604545666190598_n-1148x1536.jpg 1148w, https:\/\/fedai.az\/wp-content\/uploads\/2021\/12\/267906038_1886576688216717_8446604545666190598_n.jpg 1196w\" sizes=\"auto, (max-width: 915px) 100vw, 915px\" \/><\/figure>\n\n\n\n<p>Taleh Tapd\u0131qovu qar\u015f\u0131lamaq \u00fc\u00e7\u00fcn toplananlar aras\u0131nda Az\u0259rbaycan V\u0259t\u0259n M\u00fcharib\u0259si Veteranlar\u0131 \u0130ctimai Birliyi (AVMV\u0130B) s\u0259drinin s\u0259lahiyy\u0259tli n\u00fcmay\u0259nd\u0259si, Xocav\u0259nd rayon \u015f\u00f6b\u0259sinin s\u0259dri Akif H\u0259s\u0259nov v\u0259 Az\u0259rbaycan V\u0259t\u0259n M\u00fcharib\u0259si Veteranlar\u0131 \u0130ctimai Birliyi (AVMV\u0130B) Beyl\u0259qan rayon \u015f\u00f6b\u0259sinin s\u0259dri \u018fl\u00f6vs\u0259t M\u0259mm\u0259dov da olublar. <\/p>\n\n\n\n<p><strong>H\u0259mi\u015f\u0259 azadl\u0131qda, Taleh Tapd\u0131qov!<\/strong><\/p>\n\n\n\n<p><strong>El\u00e7in Q\u0259dirov<br>Qaraba\u011f \u00fczr\u0259 m\u00fcxbir, \u0130mi\u015fli<\/strong><\/p>\n","protected":false},"excerpt":{"rendered":"<p>\u0130mi\u015fli Rayon \u0130cra Hakimiyy\u0259tinin ba\u015f\u00e7\u0131s\u0131\u00a0El\u00e7in Rzayevin q\u0259z\u0259bin\u0259 tu\u015f g\u0259l\u0259n (&#171;Bismillah&#187; dem\u0259yi unutmay\u0131n-red) Az\u0259rbaycan V\u0259t\u0259n M\u00fcharib\u0259si Veteranlar\u0131 \u0130ctimai Birliyi (AVMV\u0130B) \u0130mi\u015fli rayon \u015f\u00f6b\u0259sinin s\u0259dri Taleh<\/p>\n","protected":false},"author":2,"featured_media":56863,"comment_status":"closed","ping_status":"closed","sticky":false,"template":"","format":"standard","meta":{"footnotes":""},"categories":[5],"tags":[],"class_list":["post-56861","post","type-post","status-publish","format-standard","has-post-thumbnail","hentry","category-veteran"],"aioseo_notices":[],"_links":{"self":[{"href":"https:\/\/fedai.az\/index.php?rest_route=\/wp\/v2\/posts\/56861","targetHints":{"allow":["GET"]}}],"collection":[{"href":"https:\/\/fedai.az\/index.php?rest_route=\/wp\/v2\/posts"}],"about":[{"href":"https:\/\/fedai.az\/index.php?rest_route=\/wp\/v2\/types\/post"}],"author":[{"embeddable":true,"href":"https:\/\/fedai.az\/index.php?rest_route=\/wp\/v2\/users\/2"}],"replies":[{"embeddable":true,"href":"https:\/\/fedai.az\/index.php?rest_route=%2Fwp%2Fv2%2Fcomments&post=56861"}],"version-history":[{"count":1,"href":"https:\/\/fedai.az\/index.php?rest_route=\/wp\/v2\/posts\/56861\/revisions"}],"predecessor-version":[{"id":56864,"href":"https:\/\/fedai.az\/index.php?rest_route=\/wp\/v2\/posts\/56861\/revisions\/56864"}],"wp:featuredmedia":[{"embeddable":true,"href":"https:\/\/fedai.az\/index.php?rest_route=\/wp\/v2\/media\/56863"}],"wp:attachment":[{"href":"https:\/\/fedai.az\/index.php?rest_route=%2Fwp%2Fv2%2Fmedia&parent=56861"}],"wp:term":[{"taxonomy":"category","embeddable":true,"href":"https:\/\/fedai.az\/index.php?rest_route=%2Fwp%2Fv2%2Fcategories&post=56861"},{"taxonomy":"post_tag","embeddable":true,"href":"https:\/\/fedai.az\/index.php?rest_route=%2Fwp%2Fv2%2Ftags&post=56861"}],"curies":[{"name":"wp","href":"https:\/\/api.w.org\/{rel}","templated":true}]}}