{"id":56871,"date":"2021-12-19T02:56:53","date_gmt":"2021-12-18T22:56:53","guid":{"rendered":"https:\/\/fedai.az\/?p=56871"},"modified":"2021-12-19T10:32:20","modified_gmt":"2021-12-19T06:32:20","slug":"usaq-pulu-%c9%99v%c9%99zin%c9%99-ekstrasens-kimi-2045-ci-ild%c9%99n-danisan-nazir","status":"publish","type":"post","link":"https:\/\/fedai.az\/?p=56871","title":{"rendered":"U\u015faq pulu \u0259v\u0259zin\u0259, ekstrasens kimi 2045-ci ild\u0259n dan\u0131\u015fan  NAZ\u0130R"},"content":{"rendered":"\n<p><strong>&#171;Haz\u0131rda Az\u0259rbaycanda 2,7 milyon n\u0259f\u0259rd\u0259n \u00e7ox ya\u015f\u0131 18-\u0259 q\u0259d\u0259r olan u\u015faq var. Ayda 100 manat u\u015faqpulu t\u0259yinat\u0131 apar\u0131lmas\u0131 t\u0259klifl\u0259rini n\u0259z\u0259r\u0259 alsaq, bu, illik 3,3 milyard manat v\u0259sait edir. Sosial proqramlar ad\u0259t\u0259n 10 illik haz\u0131rland\u0131\u011f\u0131na g\u00f6r\u0259, bu m\u00fcdd\u0259t \u0259rzind\u0259 u\u015faqpulu t\u0259minat\u0131 \u00fc\u00e7\u00fcn 30 milyard manatdan \u00e7ox pul t\u0259l\u0259b olunur&#187;.<\/strong><\/p>\n\n\n\n<p><br>Fedai.az x\u0259b\u0259r verir ki, bunu \u0259m\u0259k v\u0259 \u0259halinin sosial m\u00fcdafi\u0259si naziri Sahil Babayev media qurumlar\u0131n\u0131n r\u0259hb\u0259rl\u0259ri il\u0259 g\u00f6r\u00fc\u015f\u00fcnd\u0259 deyib.<\/p>\n\n\n\n<p><br>O bildirib ki, haz\u0131rda bu q\u0259d\u0259r v\u0259saitin s\u0131rf u\u015faqpulu \u00fc\u00e7\u00fcn \u00f6d\u0259nilm\u0259si m\u0259qbul say\u0131lm\u0131r: &#171;\u00c7\u00fcnki \u00f6lk\u0259d\u0259 demoqrafik v\u0259ziyy\u0259t yax\u015f\u0131d\u0131r. <\/p>\n\n\n\n<p>Proqnozlara \u0259sas\u0259n, 2045-ci il\u0259 q\u0259d\u0259r \u0259halinin say\u0131 stabil olaraq artacaq. Bunun \u0259lav\u0259 stimulla\u015fd\u0131r\u0131lmas\u0131na ehtiyac g\u00f6rm\u00fcr\u00fck. <\/p>\n\n\n\n<p>U\u015faqpulu t\u0259yinat\u0131 \u00fc\u00e7\u00fcn meyarlar\u0131n m\u00fc\u0259yy\u0259nl\u0259\u015fdirilm\u0259si d\u0259 \u00e7\u0259tindir. Meyarlar olsa bel\u0259, burada manipulyasiya, korrupsiya \u0259m\u0259ll\u0259ri ola bil\u0259r. Biz is\u0259 bundan qa\u00e7\u0131r\u0131q&#187;.<\/p>\n\n\n\n<p><br>Nazir qeyd edib ki, 600 mind\u0259n \u00e7ox u\u015fa\u011fa sosial m\u00fcavin\u0259t v\u0259 \u0259lillikl\u0259 ba\u011fl\u0131 pensiya verilir: &#171;Fikirl\u0259\u015firik ki, u\u015faqpulu t\u0259yinat\u0131n\u0131n yerin\u0259 \u0259m\u0259khaqq\u0131 art\u0131m\u0131 olsun. M\u0259qs\u0259dimiz minimum \u0259m\u0259khaqq\u0131n\u0131n art\u0131r\u0131lmas\u0131 il\u0259 sosial rifah\u0131n y\u00fcks\u0259ldilm\u0259sidir&#187;.<\/p>\n\n\n\n<p><br><strong>Bu s\u00f6zl\u0259ri \u0259halinin sosial m\u00fcdafi\u0259si il\u0259 m\u0259\u015f\u011ful olan bir nazirin bu c\u00fcr d\u00fc\u015f\u00fcnc\u0259si komandan\u0131n hans\u0131sa islahata meyilli olmamas\u0131n\u0131n n\u0259tic\u0259sidir. <\/strong>Az\u0259rbaycanda Rusiya imperiyas\u0131ndan qalma bir imperiya metodu var: K\u00f6mr\u00fck orqanlar\u0131 hesab edir ki, onun i\u015fi \u00f6lk\u0259d\u0259 i\u015f adamlar\u0131na, vergi orqanlar\u0131 d\u00fc\u015f\u00fcn\u00fcr ki, onlar m\u00fc\u0259ssis\u0259l\u0259rin normal f\u0259aliyy\u0259tin\u0259 \u0259ng\u0259l yaratma\u011fa, me\u015f\u0259b\u0259yi el\u0259 bilir ki, onun i\u015fi a\u011fac k\u0259sib satma\u011fa, polis d\u00fc\u015f\u00fcn\u00fcr ki, onu v\u0259t\u0259nda\u015flar\u0131 d\u00f6ym\u0259y\u0259, c\u0259rim\u0259l\u0259m\u0259y\u0259 v\u0259 s. g\u00f6r\u0259 i\u015f\u0259 g\u00f6t\u00fcr\u00fcbl\u0259r. Y\u0259qin Sosial D\u00f6vl\u0259tin sosial naziri v\u0259 onun komandas\u0131 da d\u00fc\u015f\u00fcn\u00fcr ki, olar \u0259hali \u00fc\u00e7\u00fcn sosial probleml\u0259r yaratmaq \u00fc\u00e7\u00fcn t\u0259yin edilibl\u0259r. Pensiya k\u0259sm\u0259kl\u0259, faktiki olaraq \u0259lill\u0259rin t\u0259qa\u00fcd\u00fcn\u00fc l\u0259ngitm\u0259kl\u0259 problem h\u0259ll olunmad\u0131\u011f\u0131 art\u0131q c\u0259miyy\u0259ti ciddi fasadlara do\u011fru aparmaqdad\u0131r.<\/p>\n\n\n\n<p><br>Sahil Babayev bildirib ki, Az\u0259rbaycanda 2,7 milyon n\u0259f\u0259rd\u0259n \u00e7ox ya\u015f\u0131 18-\u0259 q\u0259d\u0259r olan u\u015faq var. Ayda 100 manat u\u015faqpulu t\u0259yinat\u0131 apar\u0131lmas\u0131 t\u0259klifl\u0259rini n\u0259z\u0259r\u0259 alsaq, bu, illik 3,3 milyard manat v\u0259sait edir. Sosial proqramlar ad\u0259t\u0259n 10 illik haz\u0131rland\u0131\u011f\u0131na g\u00f6r\u0259, bu m\u00fcdd\u0259t \u0259rzind\u0259 u\u015faqpulu t\u0259minat\u0131 \u00fc\u00e7\u00fcn 30 milyard manatdan \u00e7ox pul t\u0259l\u0259b olunur. B\u0259s sizin t\u0259klifiniz n\u0259dir? \u018flb\u0259tt\u0259 he\u00e7 n\u0259.<br>Qabaqlar kas\u0131blar varl\u0131lar\u0131n pulunu say\u0131rd\u0131lar. Amma bu g\u00fcn bizim m\u0259mur etdikl\u0259rimiz kas\u0131b\u0131n pulunu yox, ona getm\u0259si ehtimal olunan b\u00fcdc\u0259 pulunu saymaqla m\u0259\u015f\u011fuldurlar. Bir \u00e7ox \u00f6lk\u0259l\u0259rin t\u0259cr\u00fcb\u0259si var. M\u0259s\u0259l\u0259n, u\u015faq pulunu 13 ya\u015f\u0131nad\u0259k 30 manat olaraq verm\u0259k olmazm\u0131? Ax\u0131 m\u00fcharib\u0259 \u0259lill\u0259rinin \u00f6vladlar\u0131na verdiyiniz u\u015faq m\u00fcavin\u0259ti c\u0259mi 15 manatd\u0131r. B\u0259s bu 100 manat hesabat\u0131n\u0131 haradan g\u00f6t\u00fcrm\u00fcs\u00fcn\u00fcz?<\/p>\n\n\n\n<p><br><strong>\u00d6lk\u0259mizd\u0259 0-13 ya\u015f\u0131nda 1693,6 min n\u0259f\u0259r var. <\/strong>Bu t\u0259b\u0259q\u0259nin c\u00fczi d\u0259 olsa (<strong>m\u0259s\u0259l\u0259n, 30 manat<\/strong>) u\u015faq pulu il\u0259 t\u0259min edilm\u0259sin\u0259 nazirin iddia etdiyi milyardlar deyil, <strong>c\u0259mi ayda 50.808,0 min manat <\/strong>v\u0259 ild\u0259 c\u0259mi <strong>609.696,0 min manat<\/strong> v\u0259sait t\u0259l\u0259b olunur. Bu add\u0131mla, h\u0259m hakimiyy\u0259t siyasi dvidend qazanar, h\u0259m d\u0259 artmaqda olan sosial naraz\u0131l\u0131\u011f\u0131 k\u00f6r\u00fckl\u0259y\u0259n siyasi opanentl\u0259rinin ba\u015fl\u0131ca bir &#171;kart\u0131&#187;n\u0131 \u0259ll\u0259rind\u0259n alar. \u00c7\u00fcnki D\u00f6vl\u0259t ba\u015f\u00e7\u0131s\u0131 c\u0259nab \u0130lham \u018fliyev d\u00f6n\u0259-d\u00f6n\u0259 sosial d\u00f6vl\u0259tin yarad\u0131lmas\u0131n\u0131 vur\u011fulay\u0131b. Amma n\u0259d\u0259ns\u0259 bu sah\u0259d\u0259 i\u015f g\u00f6rm\u0259k v\u0259zif\u0259si olanlar\u0131n &#171;kontuziya m\u00fcalic\u0259sind\u0259n&#187; qeyri he\u00e7 bir yeniliy\u0259 imza atmas\u0131 ortada yoxdur. <strong>&#171;Qoca in\u0259k almaqla&#187; \u0259halinin sosial problemini h\u0259ll etm\u0259k m\u00fcmk\u00fcn deyil, \u0259n az\u0131 o &#171;qoca in\u0259yi ma\u015f\u0131na mindirib in\u0259y\u0259 \u0259lav\u0259 problem yaratmaqd\u0131r&#187;.<\/strong> <\/p>\n\n\n\n<p>Y\u0259ni g\u0259r\u0259ksiz m\u0259\u015f\u011fullu\u011fun t\u0259\u015fkili \u00fc\u00e7\u00fcn ayr\u0131l\u0131b da\u011f\u0131d\u0131lan milyonlar v\u0259 \u00fcst\u0259lik 600 min n\u0259f\u0259r\u0259 m\u00fcavin\u0259t verdiyinizi dediyiniz v\u0259saiti u\u015faq puluna y\u00f6n\u0259ltm\u0259k olar. \u00c7\u00fcnki bu m\u00fcavin\u0259tl\u0259rin verilm\u0259sind\u0259 &#171;qaranl\u0131q&#187; m\u0259qamlar yet\u0259rinc\u0259dir v\u0259 bu istiqam\u0259td\u0259 2021-ci ilin D\u00f6vl\u0259t b\u00fcdc\u0259sind\u0259 <strong>&#171;d\u00f6vl\u0259t sosial m\u00fcdafi\u0259 fondunun b\u00fcdc\u0259sinin balansla\u015fd\u0131r\u0131lmas\u0131 m\u0259qs\u0259dil\u0259 d\u00f6vl\u0259t b\u00fcdc\u0259sinin \u00f6hd\u0259likl\u0259rinin maliyy\u0259l\u0259\u015fdirilm\u0259si \u00fc\u00e7\u00fcn ayr\u0131lan v\u0259sait&#187;in h\u0259cmi 1 631 530 950,0 manat t\u0259\u015fkil edir.<\/strong> Bu pullar\u0131n hans\u0131 kateqiriyalar \u00fc\u00e7\u00fcn n\u0259z\u0259rd\u0259 tutuldu\u011funu a\u00e7\u0131qlamaq 2045-ci ild\u0259 \u0259hali art\u0131m\u0131ndan d\u0259m vurmaqdan daha m\u0259qs\u0259d\u0259uy\u011fun olard\u0131.<\/p>\n\n\n\n<p><br>S. Babayev statistik m\u0259lumatlara baxmadan elan edib: <strong>&#171;\u00c7\u00fcnki \u00f6lk\u0259d\u0259 demoqrafik v\u0259ziyy\u0259t yax\u015f\u0131d\u0131r. Proqnozlara \u0259sas\u0259n, 2045-ci il\u0259 q\u0259d\u0259r \u0259halinin say\u0131 stabil olaraq artacaq. Bunun \u0259lav\u0259 stimulla\u015fd\u0131r\u0131lmas\u0131na ehtiyac g\u00f6rm\u00fcr\u00fck&#187;.<\/strong> Y\u0259ni \u0259halinin sosial m\u00fcdafi\u0259si naziri \u00f6lk\u0259d\u0259 \u0259halinin art\u0131m\u0131n\u0131n \u0259leyhidar\u0131 kimi dan\u0131\u015fmas\u0131 ortadad\u0131r. D\u00f6vl\u0259t Statistika Komit\u0259sinin t\u0259rtib etdiyi m\u0259lumatda <strong>0-4 <\/strong>ya\u015fda azalma qeyd\u0259 al\u0131nan bir \u00f6lk\u0259nin <strong>&#171;\u0259hali&#187; naziri, g\u00f6r\u0259s\u0259n 2045-ci il proqnozunu hans\u0131 \u00f6lk\u0259d\u0259n \u0259ld\u0259 edib? <\/strong><\/p>\n\n\n\n<p>Diqq\u0259t edin: <strong>0-4 ya\u015fl\u0131lar: 851,9 (2016-c\u0131 il), 835,5 (2017-ci il), 805,1 (2018-ci il), 771,8 (2019-cu il), 742,9 (2020-ci il), 703,8 (2021-ci il) 2016 &#8212; c\u0131 ild\u0259n 2021-ci il\u0259d\u0259k m\u0259nfi saldo <span class=\"has-inline-color has-vivid-red-color\">&#8212; 148,1 min n\u0259f\u0259r<\/span> olmas\u0131n\u0131 niy\u0259 g\u00f6rm\u0259zd\u0259n g\u0259lib?<\/strong> \u00c7ox maraql\u0131d\u0131r. <\/p>\n\n\n\n<p>Dig\u0259r 5-9, 10-14, 15-19 ya\u015f qruplar\u0131nda da art\u0131mlar n\u0259z\u0259r\u0259 \u00e7arpacaq d\u0259r\u0259c\u0259d\u0259 deyil v\u0259 5-9 ya\u015fad\u0259k \u00f6t\u0259n il\u0259 nisb\u0259td\u0259 art\u0131m c\u0259mi 1,0 min n\u0259f\u0259r t\u0259\u015fkil edib. <strong>5-9 ya\u015fl\u0131lar: 709,3 (2016-c\u0131 il), 761,9 (2017-ci il), 809,2 (2018-ci il), 829,7 (2019-cu il), 847,8 (2020-ci il), 848,8 (2021-ci il). <\/strong><\/p>\n\n\n\n<p>Bu is\u0259 2045-ci ild\u0259 \u0259halinin art\u0131m\u0131 deyil, 3554,4 min n\u0259f\u0259r azalmas\u0131 dem\u0259kdir v\u0259 haz\u0131rda bu \u00f6lk\u0259d\u0259 \u0259hali dayanacaqda harasa getm\u0259k ist\u0259y\u0259n yol\u00e7u v\u0259ziyy\u0259tind\u0259 miqrasiya bar\u0259sind\u0259 d\u00fc\u015f\u00fcnm\u0259kd\u0259dir.<\/p>\n\n\n\n<p><br>Bu statistik m\u0259lumat\u0131 n\u0259z\u0259riniz\u0259 \u00e7atd\u0131rmaqda m\u0259qs\u0259dimiz, sosial sah\u0259ni c\u0259miyy\u0259td\u0259 naraz\u0131l\u0131q yaratmaqdan qeyri, nazirliyin he\u00e7 bir i\u015f g\u00f6rm\u0259diyini \u0259yani g\u00f6st\u0259rm\u0259k idi. H\u0259l\u0259 sabiq nazir S\u0259lim M\u00fcsl\u00fcmovun &#171;t\u0259qa\u00fcdd\u0259n q\u0259na\u0259t&#187; etm\u0259siyl\u0259 ba\u011fl\u0131 a\u00e7\u0131qlamas\u0131na da o vaxtlar cavab vermi\u015fdik ki, t\u0259qa\u00fcd yegan\u0259 \u00f6d\u0259ni\u015f n\u00f6v\u00fcd\u00fcr ki, ondan q\u0259na\u0259t m\u00fcmk\u00fcn deyil. Saxta \u0259lilliyi b\u0259han\u0259 edib y\u00fczl\u0259rl\u0259 z\u0259lil insan\u0131 s\u00fcr\u00fcnd\u00fcrm\u0259k is\u0259 he\u00e7 q\u0259na\u0259t deyil. Q\u0259na\u0259t \u00fc\u00e7\u00fcn \u0259sas \u015f\u0259rt nazirlikd\u0259 \u0259n z\u0259if \u015f\u00f6b\u0259d\u0259 ne\u00e7\u0259 xidm\u0259ti ma\u015f\u0131n\u0131n say\u0131n\u0131n d\u0259qiql\u0259\u015fdirilm\u0259sidir v\u0259 laz\u0131m olsa b\u00fct\u00fcn q\u0259na\u0259tl\u0259ri nazirliyin strukturlar\u0131nda aparsaq 1 u\u015fa\u011f\u0131, D\u00f6vl\u0259t\u0259 z\u0259r\u0259r vurmadan az\u0131 40 manatla da t\u0259min etm\u0259k olar&#8230;<\/p>\n\n\n\n<p><br><strong>Fedai.az Ara\u015fd\u0131rma Qrupu<\/strong><\/p>\n","protected":false},"excerpt":{"rendered":"<p>&#171;Haz\u0131rda Az\u0259rbaycanda 2,7 milyon n\u0259f\u0259rd\u0259n \u00e7ox ya\u015f\u0131 18-\u0259 q\u0259d\u0259r olan u\u015faq var. Ayda 100 manat u\u015faqpulu t\u0259yinat\u0131 apar\u0131lmas\u0131 t\u0259klifl\u0259rini n\u0259z\u0259r\u0259 alsaq, bu, illik 3,3<\/p>\n","protected":false},"author":2,"featured_media":56872,"comment_status":"closed","ping_status":"closed","sticky":false,"template":"","format":"standard","meta":{"footnotes":""},"categories":[12],"tags":[],"class_list":["post-56871","post","type-post","status-publish","format-standard","has-post-thumbnail","hentry","category-sosial"],"aioseo_notices":[],"_links":{"self":[{"href":"https:\/\/fedai.az\/index.php?rest_route=\/wp\/v2\/posts\/56871","targetHints":{"allow":["GET"]}}],"collection":[{"href":"https:\/\/fedai.az\/index.php?rest_route=\/wp\/v2\/posts"}],"about":[{"href":"https:\/\/fedai.az\/index.php?rest_route=\/wp\/v2\/types\/post"}],"author":[{"embeddable":true,"href":"https:\/\/fedai.az\/index.php?rest_route=\/wp\/v2\/users\/2"}],"replies":[{"embeddable":true,"href":"https:\/\/fedai.az\/index.php?rest_route=%2Fwp%2Fv2%2Fcomments&post=56871"}],"version-history":[{"count":3,"href":"https:\/\/fedai.az\/index.php?rest_route=\/wp\/v2\/posts\/56871\/revisions"}],"predecessor-version":[{"id":56879,"href":"https:\/\/fedai.az\/index.php?rest_route=\/wp\/v2\/posts\/56871\/revisions\/56879"}],"wp:featuredmedia":[{"embeddable":true,"href":"https:\/\/fedai.az\/index.php?rest_route=\/wp\/v2\/media\/56872"}],"wp:attachment":[{"href":"https:\/\/fedai.az\/index.php?rest_route=%2Fwp%2Fv2%2Fmedia&parent=56871"}],"wp:term":[{"taxonomy":"category","embeddable":true,"href":"https:\/\/fedai.az\/index.php?rest_route=%2Fwp%2Fv2%2Fcategories&post=56871"},{"taxonomy":"post_tag","embeddable":true,"href":"https:\/\/fedai.az\/index.php?rest_route=%2Fwp%2Fv2%2Ftags&post=56871"}],"curies":[{"name":"wp","href":"https:\/\/api.w.org\/{rel}","templated":true}]}}