{"id":56881,"date":"2021-12-19T18:24:03","date_gmt":"2021-12-19T14:24:03","guid":{"rendered":"https:\/\/fedai.az\/?p=56881"},"modified":"2021-12-19T22:17:51","modified_gmt":"2021-12-19T18:17:51","slug":"mudafi%c9%99-nazirliyi-m%c9%99lumat-yaydi-video","status":"publish","type":"post","link":"https:\/\/fedai.az\/?p=56881","title":{"rendered":"M\u00fcdafi\u0259 Nazirliyi m\u0259lumat yayd\u0131 &#8212; V\u0130DEO"},"content":{"rendered":"\n<p><strong>Az\u0259rbaycan Ordusunun m\u00fch\u0259ndis-istehkam b\u00f6lm\u0259l\u0259ri T\u00fcrkiy\u0259nin h\u0259rbi istehkam\u00e7\u0131lar\u0131 il\u0259 birg\u0259 azad olunmu\u015f \u0259razil\u0259rimizin minalardan v\u0259 partlamam\u0131\u015f d\u00f6y\u00fc\u015f sursatlar\u0131ndan t\u0259mizl\u0259nm\u0259si i\u015fl\u0259rini davam etdirir<\/strong>.<\/p>\n\n\n\n<p>Bu bar\u0259d\u0259 M\u00fcdafi\u0259 Nazirliyin\u0259 istinad\u0259n x\u0259b\u0259r verir. M\u0259lumata g\u00f6r\u0259, n\u0259qliyyat vasit\u0259l\u0259rinin t\u0259hl\u00fck\u0259siz h\u0259r\u0259k\u0259tini t\u0259min etm\u0259k m\u0259qs\u0259dil\u0259 yollar minalardan v\u0259 qar \u00f6rt\u00fcy\u00fcnd\u0259n t\u0259mizl\u0259nir, h\u0259m\u00e7inin da\u011fl\u0131q v\u0259 \u00e7\u0259tin ke\u00e7il\u0259n \u0259razil\u0259rd\u0259 yerl\u0259\u015f\u0259n b\u00f6lm\u0259l\u0259rimizin m\u00f6vqel\u0259rin\u0259 yeni t\u0259minat yollar\u0131 \u00e7\u0259kilir.<\/p>\n\n\n\n<p><br>Azad olunmu\u015f \u0259razil\u0259rimizd\u0259 m\u00fch\u0259ndis-istehkam b\u00f6lm\u0259l\u0259rinin f\u0259aliyy\u0259ti n\u0259tic\u0259sind\u0259 dekabr\u0131n 10-dan 19-d\u0259k 53 \u0259d\u0259d piyada v\u0259 tank \u0259leyhin\u0259 minan\u0131n a\u015fkar olunaraq z\u0259r\u0259rsizl\u0259\u015fdirilm\u0259si il\u0259 92 hektara q\u0259d\u0259r \u0259razi t\u0259mizl\u0259nib. &nbsp;<\/p>\n\n\n\n<p>\u00dcmumilikd\u0259 azad olunmu\u015f \u0259razil\u0259rd\u0259 bu g\u00fcn\u0259d\u0259k m\u00fch\u0259ndis qo\u015funlar\u0131 t\u0259r\u0259find\u0259n 17255 mina v\u0259 partlamam\u0131\u015f d\u00f6y\u00fc\u015f sursat\u0131 a\u015fkar olunaraq m\u0259hv edilib, 13365 hektar \u0259razi minalardan t\u0259mizl\u0259nib, dig\u0259r d\u00f6vl\u0259t qurumlar\u0131 il\u0259 qar\u015f\u0131l\u0131ql\u0131 \u0259laq\u0259d\u0259 635 kilometr yol \u00e7\u0259kilib.<\/p>\n\n\n\n<p><br>Ya\u015fay\u0131\u015f m\u0259nt\u0259q\u0259l\u0259rimizin, \u0259kin \u00fc\u00e7\u00fcn yararl\u0131 olan \u0259razil\u0259rin minalardan v\u0259 partlamam\u0131\u015f d\u00f6y\u00fc\u015f sursatlar\u0131ndan t\u0259mizl\u0259nm\u0259si i\u015fl\u0259rin\u0259 Az\u0259rbaycan Ordusunun m\u00fch\u0259ndis-istehkam b\u00f6lm\u0259l\u0259rinin s\u0259r\u0259ncam\u0131nda olan &#171;MEMATT&#187; (Mexaniki Mina T\u0259mizl\u0259m\u0259 T\u0259chizat\u0131) texnikas\u0131 da c\u0259lb edilib.<\/p>\n\n\n\n<p>Azad olunmu\u015f \u0259razil\u0259rimizd\u0259 m\u00fch\u0259ndis t\u0259minat\u0131 \u00fczr\u0259 t\u0259dbirl\u0259r davam etdirilir.<\/p>\n\n\n\n<figure class=\"wp-block-embed is-type-video is-provider-youtube wp-block-embed-youtube wp-embed-aspect-16-9 wp-has-aspect-ratio\"><div class=\"wp-block-embed__wrapper\">\n<iframe loading=\"lazy\" title=\"M\u00fch\u0259ndis qo\u015funlar\u0131n\u0131n f\u0259aliyy\u0259ti haqq\u0131nda m\u0259lumat\" width=\"715\" height=\"402\" src=\"https:\/\/www.youtube.com\/embed\/GlMl-60tcFg?feature=oembed\" frameborder=\"0\" allow=\"accelerometer; autoplay; clipboard-write; encrypted-media; gyroscope; picture-in-picture\" allowfullscreen><\/iframe>\n<\/div><\/figure>\n","protected":false},"excerpt":{"rendered":"<p>Az\u0259rbaycan Ordusunun m\u00fch\u0259ndis-istehkam b\u00f6lm\u0259l\u0259ri T\u00fcrkiy\u0259nin h\u0259rbi istehkam\u00e7\u0131lar\u0131 il\u0259 birg\u0259 azad olunmu\u015f \u0259razil\u0259rimizin minalardan v\u0259 partlamam\u0131\u015f d\u00f6y\u00fc\u015f sursatlar\u0131ndan t\u0259mizl\u0259nm\u0259si i\u015fl\u0259rini davam etdirir. Bu bar\u0259d\u0259 M\u00fcdafi\u0259<\/p>\n","protected":false},"author":2,"featured_media":56882,"comment_status":"closed","ping_status":"closed","sticky":false,"template":"","format":"standard","meta":{"footnotes":""},"categories":[4],"tags":[],"class_list":["post-56881","post","type-post","status-publish","format-standard","has-post-thumbnail","hentry","category-qarabag"],"aioseo_notices":[],"_links":{"self":[{"href":"https:\/\/fedai.az\/index.php?rest_route=\/wp\/v2\/posts\/56881","targetHints":{"allow":["GET"]}}],"collection":[{"href":"https:\/\/fedai.az\/index.php?rest_route=\/wp\/v2\/posts"}],"about":[{"href":"https:\/\/fedai.az\/index.php?rest_route=\/wp\/v2\/types\/post"}],"author":[{"embeddable":true,"href":"https:\/\/fedai.az\/index.php?rest_route=\/wp\/v2\/users\/2"}],"replies":[{"embeddable":true,"href":"https:\/\/fedai.az\/index.php?rest_route=%2Fwp%2Fv2%2Fcomments&post=56881"}],"version-history":[{"count":3,"href":"https:\/\/fedai.az\/index.php?rest_route=\/wp\/v2\/posts\/56881\/revisions"}],"predecessor-version":[{"id":56892,"href":"https:\/\/fedai.az\/index.php?rest_route=\/wp\/v2\/posts\/56881\/revisions\/56892"}],"wp:featuredmedia":[{"embeddable":true,"href":"https:\/\/fedai.az\/index.php?rest_route=\/wp\/v2\/media\/56882"}],"wp:attachment":[{"href":"https:\/\/fedai.az\/index.php?rest_route=%2Fwp%2Fv2%2Fmedia&parent=56881"}],"wp:term":[{"taxonomy":"category","embeddable":true,"href":"https:\/\/fedai.az\/index.php?rest_route=%2Fwp%2Fv2%2Fcategories&post=56881"},{"taxonomy":"post_tag","embeddable":true,"href":"https:\/\/fedai.az\/index.php?rest_route=%2Fwp%2Fv2%2Ftags&post=56881"}],"curies":[{"name":"wp","href":"https:\/\/api.w.org\/{rel}","templated":true}]}}