{"id":56884,"date":"2021-12-19T18:28:10","date_gmt":"2021-12-19T14:28:10","guid":{"rendered":"https:\/\/fedai.az\/?p=56884"},"modified":"2021-12-19T18:28:13","modified_gmt":"2021-12-19T14:28:13","slug":"ai-r%c9%99smisi-erm%c9%99ni-%c9%99sirl%c9%99rin-olk%c9%99l%c9%99rin%c9%99-catma-fotosunu-paylasdi","status":"publish","type":"post","link":"https:\/\/fedai.az\/?p=56884","title":{"rendered":"A\u0130 r\u0259smisi erm\u0259ni \u0259sirl\u0259rin \u00f6lk\u0259l\u0259rin\u0259 \u00e7atma FOTOSUNU PAYLA\u015eDI"},"content":{"rendered":"\n<p><strong>Avropa \u0130ttifaq\u0131n\u0131n (A\u0130) C\u0259nubi Qafqaz \u00fczr\u0259 x\u00fcsusi n\u00fcmay\u0259nd\u0259si Toivo Klaar Az\u0259rbaycan\u0131n A\u0130-nin t\u0259\u015f\u0259bb\u00fcs\u00fc il\u0259 daha 10 erm\u0259nini qar\u015f\u0131 t\u0259r\u0259f\u0259 t\u0259hvil verm\u0259sini alq\u0131\u015flay\u0131b.<\/strong><\/p>\n\n\n\n<p>Bu bar\u0259d\u0259 A\u0130 r\u0259smisi \u00f6z\u00fcn\u00fcn &#171;Twitter&#187;d\u0259ki\u00a0hesab\u0131nda yaz\u0131b.<\/p>\n\n\n\n<p><br>O, qeyd edib ki, Erm\u0259nistan\u0131n 10 h\u0259rb\u00e7isini v\u0259t\u0259n\u0259 qaytara bildiyin\u0259 g\u00f6r\u0259 \u015fadd\u0131r. Toivo Klaar Az\u0259rbaycan\u0131n bu add\u0131m\u0131n\u0131 humanitar m\u0259s\u0259l\u0259l\u0259rin h\u0259lli prosesind\u0259 m\u00fch\u00fcm jest adland\u0131r\u0131b.<\/p>\n\n\n\n<p>A\u0130 r\u0259smisi birliyin h\u0259r iki \u00f6lk\u0259nin r\u0259hb\u0259ri il\u0259 u\u011furlu g\u00f6r\u00fc\u015fl\u0259ri \u00fcz\u0259rind\u0259 qurmaq \u00fc\u00e7\u00fcn h\u0259r iki \u00f6lk\u0259 il\u0259 i\u015fl\u0259m\u0259y\u0259 davam ed\u0259c\u0259yini vur\u011fulay\u0131b.<\/p>\n\n\n\n<p>M\u0259nb\u0259: Oxu.az<\/p>\n\n\n\n<figure class=\"wp-block-image size-large is-resized\"><img loading=\"lazy\" decoding=\"async\" src=\"https:\/\/fedai.az\/wp-content\/uploads\/2021\/12\/Screenshot20211219121419.jpg\" alt=\"\" class=\"wp-image-56885\" width=\"593\" height=\"1022\" srcset=\"https:\/\/fedai.az\/wp-content\/uploads\/2021\/12\/Screenshot20211219121419.jpg 348w, https:\/\/fedai.az\/wp-content\/uploads\/2021\/12\/Screenshot20211219121419-174x300.jpg 174w, https:\/\/fedai.az\/wp-content\/uploads\/2021\/12\/Screenshot20211219121419-87x150.jpg 87w\" sizes=\"auto, (max-width: 593px) 100vw, 593px\" \/><\/figure>\n","protected":false},"excerpt":{"rendered":"<p>Avropa \u0130ttifaq\u0131n\u0131n (A\u0130) C\u0259nubi Qafqaz \u00fczr\u0259 x\u00fcsusi n\u00fcmay\u0259nd\u0259si Toivo Klaar Az\u0259rbaycan\u0131n A\u0130-nin t\u0259\u015f\u0259bb\u00fcs\u00fc il\u0259 daha 10 erm\u0259nini qar\u015f\u0131 t\u0259r\u0259f\u0259 t\u0259hvil verm\u0259sini alq\u0131\u015flay\u0131b. Bu bar\u0259d\u0259<\/p>\n","protected":false},"author":2,"featured_media":56886,"comment_status":"closed","ping_status":"closed","sticky":false,"template":"","format":"standard","meta":{"footnotes":""},"categories":[1],"tags":[],"class_list":["post-56884","post","type-post","status-publish","format-standard","has-post-thumbnail","hentry","category-siyast"],"aioseo_notices":[],"_links":{"self":[{"href":"https:\/\/fedai.az\/index.php?rest_route=\/wp\/v2\/posts\/56884","targetHints":{"allow":["GET"]}}],"collection":[{"href":"https:\/\/fedai.az\/index.php?rest_route=\/wp\/v2\/posts"}],"about":[{"href":"https:\/\/fedai.az\/index.php?rest_route=\/wp\/v2\/types\/post"}],"author":[{"embeddable":true,"href":"https:\/\/fedai.az\/index.php?rest_route=\/wp\/v2\/users\/2"}],"replies":[{"embeddable":true,"href":"https:\/\/fedai.az\/index.php?rest_route=%2Fwp%2Fv2%2Fcomments&post=56884"}],"version-history":[{"count":1,"href":"https:\/\/fedai.az\/index.php?rest_route=\/wp\/v2\/posts\/56884\/revisions"}],"predecessor-version":[{"id":56887,"href":"https:\/\/fedai.az\/index.php?rest_route=\/wp\/v2\/posts\/56884\/revisions\/56887"}],"wp:featuredmedia":[{"embeddable":true,"href":"https:\/\/fedai.az\/index.php?rest_route=\/wp\/v2\/media\/56886"}],"wp:attachment":[{"href":"https:\/\/fedai.az\/index.php?rest_route=%2Fwp%2Fv2%2Fmedia&parent=56884"}],"wp:term":[{"taxonomy":"category","embeddable":true,"href":"https:\/\/fedai.az\/index.php?rest_route=%2Fwp%2Fv2%2Fcategories&post=56884"},{"taxonomy":"post_tag","embeddable":true,"href":"https:\/\/fedai.az\/index.php?rest_route=%2Fwp%2Fv2%2Ftags&post=56884"}],"curies":[{"name":"wp","href":"https:\/\/api.w.org\/{rel}","templated":true}]}}