{"id":56888,"date":"2021-12-19T18:59:01","date_gmt":"2021-12-19T14:59:01","guid":{"rendered":"https:\/\/fedai.az\/?p=56888"},"modified":"2021-12-19T18:59:04","modified_gmt":"2021-12-19T14:59:04","slug":"erm%c9%99ni-%c9%99sirl%c9%99rin-azad-edilm%c9%99sini-alqislayiriq-sarl-misel","status":"publish","type":"post","link":"https:\/\/fedai.az\/?p=56888","title":{"rendered":"Erm\u0259ni \u0259sirl\u0259rin azad edilm\u0259sini alq\u0131\u015flay\u0131r\u0131q &#8212; \u015earl Mi\u015fel"},"content":{"rendered":"\n<p><strong>Az\u0259rbaycan Prezidenti v\u0259 Erm\u0259nistan Ba\u015f naziri il\u0259 m\u00fczakir\u0259l\u0259rin ard\u0131nca Bak\u0131da saxlan\u0131lan 10 erm\u0259ninin azad edilm\u0259sini s\u0259mimiyy\u0259tl\u0259 alq\u0131\u015flay\u0131r\u0131q.<\/strong><br><br>Bu bar\u0259d\u0259 Avropa Birliyi (AB) \u015euras\u0131n\u0131n Prezidenti \u015earl Mi\u015fel Tvitter hesab\u0131nda payla\u015f\u0131m edib.<br>&#171;\u018fsirl\u0259rin azad edilm\u0259si Br\u00fcsseld\u0259 m\u00fczakir\u0259 edildiyi kimi etimad\u0131 g\u00fccl\u0259ndirm\u0259k \u00fc\u00e7\u00fcn qar\u015f\u0131l\u0131ql\u0131 irad\u0259ni n\u00fcmayi\u015f etdir\u0259n m\u00fch\u00fcm humanitar jestdir. AB t\u0259r\u0259fi saxlan\u0131lanlar\u0131n \u0130r\u0259vana transferini h\u0259yata ke\u00e7irib&#187;, &#8212; Mi\u015fel bildirib.<\/p>\n","protected":false},"excerpt":{"rendered":"<p>Az\u0259rbaycan Prezidenti v\u0259 Erm\u0259nistan Ba\u015f naziri il\u0259 m\u00fczakir\u0259l\u0259rin ard\u0131nca Bak\u0131da saxlan\u0131lan 10 erm\u0259ninin azad edilm\u0259sini s\u0259mimiyy\u0259tl\u0259 alq\u0131\u015flay\u0131r\u0131q. Bu bar\u0259d\u0259 Avropa Birliyi (AB) \u015euras\u0131n\u0131n Prezidenti<\/p>\n","protected":false},"author":2,"featured_media":56889,"comment_status":"closed","ping_status":"closed","sticky":false,"template":"","format":"standard","meta":{"footnotes":""},"categories":[1],"tags":[],"class_list":["post-56888","post","type-post","status-publish","format-standard","has-post-thumbnail","hentry","category-siyast"],"aioseo_notices":[],"_links":{"self":[{"href":"https:\/\/fedai.az\/index.php?rest_route=\/wp\/v2\/posts\/56888","targetHints":{"allow":["GET"]}}],"collection":[{"href":"https:\/\/fedai.az\/index.php?rest_route=\/wp\/v2\/posts"}],"about":[{"href":"https:\/\/fedai.az\/index.php?rest_route=\/wp\/v2\/types\/post"}],"author":[{"embeddable":true,"href":"https:\/\/fedai.az\/index.php?rest_route=\/wp\/v2\/users\/2"}],"replies":[{"embeddable":true,"href":"https:\/\/fedai.az\/index.php?rest_route=%2Fwp%2Fv2%2Fcomments&post=56888"}],"version-history":[{"count":1,"href":"https:\/\/fedai.az\/index.php?rest_route=\/wp\/v2\/posts\/56888\/revisions"}],"predecessor-version":[{"id":56890,"href":"https:\/\/fedai.az\/index.php?rest_route=\/wp\/v2\/posts\/56888\/revisions\/56890"}],"wp:featuredmedia":[{"embeddable":true,"href":"https:\/\/fedai.az\/index.php?rest_route=\/wp\/v2\/media\/56889"}],"wp:attachment":[{"href":"https:\/\/fedai.az\/index.php?rest_route=%2Fwp%2Fv2%2Fmedia&parent=56888"}],"wp:term":[{"taxonomy":"category","embeddable":true,"href":"https:\/\/fedai.az\/index.php?rest_route=%2Fwp%2Fv2%2Fcategories&post=56888"},{"taxonomy":"post_tag","embeddable":true,"href":"https:\/\/fedai.az\/index.php?rest_route=%2Fwp%2Fv2%2Ftags&post=56888"}],"curies":[{"name":"wp","href":"https:\/\/api.w.org\/{rel}","templated":true}]}}