{"id":56893,"date":"2021-12-19T23:30:17","date_gmt":"2021-12-19T19:30:17","guid":{"rendered":"https:\/\/fedai.az\/?p=56893"},"modified":"2021-12-19T23:30:58","modified_gmt":"2021-12-19T19:30:58","slug":"t%c9%99brik-abiyev-ilham-qurbanqulu-oglu-52","status":"publish","type":"post","link":"https:\/\/fedai.az\/?p=56893","title":{"rendered":"T\u018fBR\u0130K: ABIYEV \u0130LHAM  QURBANQULU O\u011eLU &#8212; 52"},"content":{"rendered":"\n<p><strong>&nbsp;&nbsp;&nbsp;&nbsp;&nbsp;&nbsp;<span class=\"has-inline-color has-vivid-red-color\"> Y\u00fcks\u0259k pe\u015f\u0259karl\u0131\u011f\u0131 v\u0259 humanistliyi il\u0259, n\u0259z\u0259ri&nbsp; v\u0259 praktiki biliyi il\u0259 (t\u0259c\u00fcrb\u0259si il\u0259) i\u015fg\u00fczar v\u0259 m\u0259n\u0259vi keyfiyy\u0259ti il\u0259, d\u0259qiqliyi v\u0259 t\u0259mkinliyi il\u0259, sad\u0259liyi v\u0259 s\u0259mimiyy\u0259ti il\u0259&nbsp; se\u00e7il\u0259n \u00f6mr\u00fcn\u00fcn&nbsp; \u0259n m\u0259hsuldar&nbsp; d\u00f6vr\u00fcn\u00fcn&nbsp; 35 ild\u0259n \u00e7ox \u015f\u0259r\u0259fli xidm\u0259t yolunun \u00fc\u00e7 ilini&nbsp; C\u0259m\u015fid Nax\u00e7\u0131vanski ad\u0131na h\u0259rbi liseyd\u0259, d\u00f6rd ilini&nbsp;Ali h\u0259rbi m\u0259kt\u0259bd\u0259,&nbsp;iyrimi s\u0259kkiz ilini is\u0259 Daxili \u0130\u015fl\u0259r Nazirliyinin Daxili Qo\u015funlar\u0131nda&nbsp; ke\u00e7ir\u0259n Silahl\u0131 Q\u00fcvv\u0259l\u0259r v\u0259 M\u00fcharib\u0259 Veteran\u0131 ehtiyyatda olan polkovnik leytenant Ab\u0131yev \u0130lham Qurbanqulu o\u011flunuun&nbsp; 20 dekabrda &nbsp;52 ya\u015f\u0131 tamam olur.<\/span><\/strong><\/p>\n\n\n\n<p><strong>&nbsp;&nbsp;&nbsp;&nbsp;&nbsp; AVMV\u0130B R\u0259hb\u0259rliyi v\u0259 Az\u0259rbaycan V\u0259t\u0259n M\u00fcharib\u0259si Veteranlar\u0131 \u0130ctimai Birliyinin s\u0259dr m\u00fcavini polkovnik Salman Musayev Silahl\u0131 Q\u00fcvv\u0259l\u0259r v\u0259 M\u00fcharib\u0259 Veteran\u0131 ehtiyatda olan polkovnik- leytenant Ab\u0131yev \u0130lham Qurbanqulu o\u011flunu do\u011fum g\u00fcn\u00fc m\u00fcnasib\u0259til\u0259 s\u0259mimi q\u0259lbd\u0259n t\u0259brik edir,h\u0259yatda insan \u00fc\u00e7\u00fcn \u0259n \u015firin nem\u0259t olan m\u00f6hk\u0259m can sa\u011fl\u0131\u011f\u0131 v\u0259 h\u0259yat yollar\u0131nda bitib &#8212; t\u00fck\u0259nm\u0259y\u0259n nailiyy\u0259tl\u0259r arzulay\u0131r.<\/strong><\/p>\n\n\n\n<p><strong>&nbsp;&nbsp;&nbsp;&nbsp; Qoy ya\u015f\u0131n\u0131n \u00fcst\u0259 g\u0259l\u0259n bu ya\u015f ona sevinc dolu g\u00fcnl\u0259r b\u0259x\u015f etsin v\u0259 h\u0259r yeni g\u00fcn\u00fc is\u0259 \u00f6t\u0259n g\u00fcnl\u0259rd\u0259n daha g\u00f6z\u0259l ist\u0259kl\u0259rin\u0259 uy\u011fun onu xo\u015fb\u0259xt ed\u0259c\u0259k \u015f\u0259kild\u0259 ke\u00e7sin. Amin!<\/strong><\/p>\n\n\n\n<p>&nbsp;&nbsp;&nbsp;&nbsp; Silahl\u0131 Q\u00fcvv\u0259l\u0259r v\u0259 M\u00fcharib\u0259 Veteran\u0131 ehtiyyatda olan polkovnik- leytenant Ab\u0131yev \u0130lham Qurbanqulu o\u011flu&nbsp; 20 dekabr 1969-cu ild\u0259 Salyan rayonunda anadan olub.&nbsp; 1977-ci ild\u0259&nbsp; Salyan \u015f\u0259h\u0259r 4 (d\u00f6rd) sayl\u0131 orta m\u0259kt\u0259b\u0259 daxil olub v\u0259 1984 -c\u00fc ild\u0259&nbsp; y\u00fcks\u0259k bala C\u0259m\u015fid Nax\u00e7\u0131vanski ad\u0131na lisey\u0259 daxil olub. 1987-ci ild\u0259&nbsp; C\u0259m\u015fid Nax\u00e7\u0131vanski ad\u0131na h\u0259rbi liseyi bitrdikd\u0259n sonra&nbsp; Ukrayna Respublikas\u0131n\u0131n Poltava \u015f\u0259h\u0259rind\u0259 yerl\u0259\u015f\u0259n&nbsp; Poltava Ali H\u0259rbi Rabit\u0259\u00e7i&nbsp; Komandirl\u0259r&nbsp; m\u0259kt\u0259bin\u0259 daxil olmu\u015f, 1991 -ci ild\u0259 h\u0259min ali h\u0259rbi m\u0259kt\u0259bi m\u00fcv\u0259ff\u0259qiyy\u0259tl\u0259 bitribdikd\u0259n sonra ilk leytenant h\u0259rbi r\u00fctb\u0259si alnm\u0131\u015fd\u0131r<\/p>\n\n\n\n<figure class=\"wp-block-gallery columns-2 is-cropped wp-block-gallery-1 is-layout-flex wp-block-gallery-is-layout-flex\"><ul class=\"blocks-gallery-grid\"><li class=\"blocks-gallery-item\"><figure><img loading=\"lazy\" decoding=\"async\" width=\"638\" height=\"960\" src=\"https:\/\/fedai.az\/wp-content\/uploads\/2021\/12\/IMG-20211218-WA0046.jpg\" alt=\"\" data-id=\"56894\" data-link=\"https:\/\/fedai.az\/?attachment_id=56894\" class=\"wp-image-56894\" srcset=\"https:\/\/fedai.az\/wp-content\/uploads\/2021\/12\/IMG-20211218-WA0046.jpg 638w, https:\/\/fedai.az\/wp-content\/uploads\/2021\/12\/IMG-20211218-WA0046-199x300.jpg 199w, https:\/\/fedai.az\/wp-content\/uploads\/2021\/12\/IMG-20211218-WA0046-100x150.jpg 100w\" sizes=\"auto, (max-width: 638px) 100vw, 638px\" \/><\/figure><\/li><li class=\"blocks-gallery-item\"><figure><img loading=\"lazy\" decoding=\"async\" width=\"960\" height=\"618\" src=\"https:\/\/fedai.az\/wp-content\/uploads\/2021\/12\/IMG-20211218-WA0045.jpg\" alt=\"\" data-id=\"56895\" data-full-url=\"https:\/\/fedai.az\/wp-content\/uploads\/2021\/12\/IMG-20211218-WA0045.jpg\" data-link=\"https:\/\/fedai.az\/?attachment_id=56895\" class=\"wp-image-56895\" srcset=\"https:\/\/fedai.az\/wp-content\/uploads\/2021\/12\/IMG-20211218-WA0045.jpg 960w, https:\/\/fedai.az\/wp-content\/uploads\/2021\/12\/IMG-20211218-WA0045-300x193.jpg 300w, https:\/\/fedai.az\/wp-content\/uploads\/2021\/12\/IMG-20211218-WA0045-150x97.jpg 150w, https:\/\/fedai.az\/wp-content\/uploads\/2021\/12\/IMG-20211218-WA0045-768x494.jpg 768w, https:\/\/fedai.az\/wp-content\/uploads\/2021\/12\/IMG-20211218-WA0045-115x73.jpg 115w\" sizes=\"auto, (max-width: 960px) 100vw, 960px\" \/><\/figure><\/li><\/ul><\/figure>\n\n\n\n<p>O, 2015- ci ild\u0259 Silahl\u0131 Q\u00fcvv\u0259l\u0259r Akademiyas\u0131n\u0131 bitirmi\u015fdir.<\/p>\n\n\n\n<p>&nbsp;&nbsp;&nbsp;&nbsp; \u0130lham Qurbanqulu o\u011flu Ab\u0131yev&nbsp; 1991 &#8212; 2020-ci ill\u0259rd\u0259&nbsp; Daxili \u0130\u015fl\u0259r Nazirliyinin Daxili Qo\u015funlar\u0131n\u0131n Konvoy (M\u00fchafiz\u0259) Alayinda, A\u011fdam, F\u00fczuli, Bin\u0259q\u0259di, X\u0259tai&nbsp; v\u0259 N\u0259rimanov rayonlar\u0131nda yerl\u0259\u015f\u0259n h\u0259rbi hiss\u0259l\u0259rd\u0259 v\u0259 \u018flahidd\u0259 Dayaq Rabit\u0259 qov\u015fa\u011f\u0131nda Rabit\u0259 xidm\u0259t r\u0259isi, Dayaq Rabit\u0259 Qov\u015fa\u011f r\u0259isinin m\u00fcavini, Dayaq Rabit\u0259 Qov\u015fa\u011f\u0131n\u0131n r\u0259isi, Daxili Qo\u015funlar\u0131n Bas \u0130dar\u0259sinin Q\u0259rargah\u0131nda is\u0259 Rabit\u0259 \u015f\u00f6b\u0259sinin ba\u015f zabiti , X\u00fcsusi Rabit\u0259 xidm\u0259tinin r\u0259isi v\u0259zif\u0259l\u0259rind\u0259 V\u0259t\u0259n\u0259 D\u00f6vl\u0259t\u0259 v\u0259 xalqa s\u0259daq\u0259tl\u0259 xidm\u0259t etmi\u015fdir.<\/p>\n\n\n\n<p>&nbsp;&nbsp;&nbsp;&nbsp;&nbsp; \u0130lham Ab\u0131yev Daxili Qo\u015funlarda xidm\u0259t etdiyi ill\u0259r \u0259rzind\u0259 \u00f6z\u00fcn\u00fc qorxmaz, saxav\u0259tli, insap\u0259rv\u0259r, \u0259lia\u00e7\u0131q, z\u0259hm\u0259tke\u015f&nbsp; zabit kimi g\u00f6st\u0259rmi\u015fdir. O, ist\u0259r anadan oldu\u011fu v\u0259 ya\u015fad\u0131\u011f\u0131 \u0259razid\u0259, oxudu\u011fu orta v\u0259 ali t\u0259hsil m\u00fc\u0259s\u0259l\u0259rind\u0259, ist\u0259rs\u0259d\u0259 xidm\u0259t etdiyi v\u0259 i\u015fl\u0259diyi kollektivl\u0259rd\u0259, dost-tan\u0131\u015f ,qohum-\u0259qr\u0259ba aras\u0131nda \u00f6z\u00fcn\u0259 layiq h\u00f6rm\u0259t qazanm\u0131\u015fd\u0131r.<\/p>\n\n\n\n<p>&nbsp;&nbsp;&nbsp;&nbsp;&nbsp; O, Az\u0259rbaycan Respublikas\u0131nda ictimai qaydan\u0131n v\u0259 ictimai t\u0259hl\u00fck\u0259sizliyin qorunmasnda, \u015f\u0259h\u0259rd\u0259, ya\u015fay\u0131\u015f m\u0259nt\u0259q\u0259l\u0259rind\u0259 v\u0259 c\u0259za\u00e7\u0259km\u0259 m\u00fc\u0259ssis\u0259l\u0259rind\u0259 ba\u015f vermi\u015f k\u00fctl\u0259vi ixti\u015fa\u015flar\u0131n qar\u015f\u0131s\u0131n\u0131n al\u0131nmas\u0131nda, M\u00fct\u0259\u015f\u0259kkil cinay\u0259tkarl\u0131\u011fa qar\u015f\u0131 m\u00fcbariz\u0259d\u0259,qanunsuz silahl\u0131 d\u0259st\u0259l\u0259rin axtar\u0131\u015f\u0131nda v\u0259 z\u0259r\u0259rsizl\u0259\u015fdirilm\u0259sind\u0259, F\u00f6vqal\u0259d\u0259 v\u0259ziyy\u0259t zaman\u0131 h\u00fcquqi rejimin t\u0259min olunmas\u0131nda,&nbsp; d\u00f6vl\u0259tin \u0259razi b\u00fct\u00f6vl\u00fcy\u00fcn\u00fcn t\u0259min edilm\u0259sind\u0259 \u00fcz\u0259rin\u0259 d\u00fcs\u0259n v\u0259zif\u0259 v\u0259 tap\u015f\u0131r\u0131qlar\u0131 m\u0259suliyy\u0259t v\u0259 \u015f\u0259r\u0259f hissi il\u0259&nbsp;&nbsp; yer\u0131n\u0259 yetirmi\u015fdir.<\/p>\n\n\n\n<figure class=\"wp-block-image size-large is-resized\"><img loading=\"lazy\" decoding=\"async\" src=\"https:\/\/fedai.az\/wp-content\/uploads\/2021\/12\/IMG-20211218-WA0033.jpg\" alt=\"\" class=\"wp-image-56896\" width=\"917\" height=\"932\" srcset=\"https:\/\/fedai.az\/wp-content\/uploads\/2021\/12\/IMG-20211218-WA0033.jpg 720w, https:\/\/fedai.az\/wp-content\/uploads\/2021\/12\/IMG-20211218-WA0033-295x300.jpg 295w, https:\/\/fedai.az\/wp-content\/uploads\/2021\/12\/IMG-20211218-WA0033-148x150.jpg 148w\" sizes=\"auto, (max-width: 917px) 100vw, 917px\" \/><\/figure>\n\n\n\n<p>&nbsp;&nbsp;&nbsp;&nbsp; O, Daxili Qo\u015funlarda xidm\u0259t etdiyi ill\u0259r \u0259rzind\u0259 \u00f6zun\u00fc u\u015faq vaxtlar\u0131ndan, g\u00f6z\u0259l ail\u0259 v\u0259 m\u0259kt\u0259b t\u0259rbiy\u0259si il\u0259 b\u00f6y\u00fcm\u00fc\u015f, \u0259xlaq\u0131 t\u0259rbiy\u0259si yerind\u0259 olan, nizam v\u0259 intizaml\u0131 h\u0259rbi\u00e7i k\u0131m\u0131 g\u00f6st\u0259rmi\u015fdir.O i\u015fl\u0259diyi v\u0259 oxudu\u011fu&nbsp;&nbsp; t\u0259hsil m\u00fc\u0259ssis\u0259l\u0259rind\u0259, ya\u015fad\u0131\u011f\u0131 \u0259razid\u0259&nbsp; kollektiv aras\u0131nda h\u0259mi\u015f\u0259 m\u00fcsb\u0259t m\u0259nada se\u00e7il\u0259r\u0259k, ba\u015fqalar\u0131 \u00fc\u00e7\u00fcn&nbsp; n\u00fcmn\u0259 olmu\u015fdur.<\/p>\n\n\n\n<p>&nbsp;&nbsp;&nbsp;&nbsp;&nbsp;&nbsp; M\u00fcst\u0259qil Az\u0259rbaycan\u0131n Daxili \u0130\u015fl\u0259r Nazirliyinin&nbsp; Daxili Qo\u015funlar\u0131nda xidm\u0259t etdiyi ill\u0259r \u0259rzind\u0259,Az\u0259rbaycan Respublikas\u0131n\u0131n Konstitusiyas\u0131na v\u0259 qanunlar\u0131na \u0259m\u0259l etm\u0259kd\u0259, h\u0259rbi and\u0131n,&nbsp; h\u0259rbi nizam\u0259l\u0259rin v\u0259 dig\u0259r h\u00fcquqi- normativ aktlar\u0131n&nbsp; t\u0259l\u0259bl\u0259rin\u0259, el\u0259cd\u0259 v\u0259zif\u0259 borclar\u0131n\u0131n icrasna m\u0259suliyy\u0259tl\u0259 yana\u015fm\u0131\u015f, qar\u015f\u0131ya qoyulmu\u015f&nbsp; xidm\u0259ti&nbsp; tap\u015f\u0131r\u0131qlar\u0131 m\u00fcv\u0259ff\u0259qiyy\u0259tl\u0259 yerin\u0259 yetirilm\u0259si \u00fc\u00e7\u00fcn \u00f6z \u0259m\u0259yini \u0259sirg\u0259m\u0259mi\u015f, \u015f\u0259xsi n\u00fcmun\u0259si il\u0259&nbsp; bir cox&nbsp; h\u0259rbi qulluq\u00e7ular\u0131 f\u0259dakar h\u0259rbi xidm\u0259t\u0259 ruhland\u0131rm\u0131\u015fd\u0131r.<\/p>\n\n\n\n<p>&nbsp;&nbsp;O, daimi, h\u0259mi\u015f\u0259 l\u0259yaq\u0259tinin \u015f\u0259r\u0259finin, i\u015fg\u00fczar f\u0259al\u0131yy\u0259t\u0131n\u0131n&nbsp; toxunmazl\u0131\u011fn\u0131 g\u00f6zl\u0259mi\u015f, n\u00fcfuzunu&nbsp; qorumu\u015f v\u00fcqar\u0131n\u0131 daima y\u00fcks\u0259k saxlayaraq ,al\u0131n\u0131 a\u00e7\u0131q v\u0259&nbsp;&nbsp; ba\u015f\u0131 uca g\u0259zmi\u015fdir.&nbsp; Xalqa, el\u0259 obaya d\u00f6vl\u0259t\u0259 xidm\u0259t ,\u00f6zd\u0259&nbsp; etdikl\u0259rini&nbsp; sin\u0259si el-oba qatq\u0131l\u0131, v\u0259t\u0259n q\u00fcdr\u0259tli \u00f6z f\u0259aliyy\u0259tini g\u00f6st\u0259rmi\u015fdir.<\/p>\n\n\n\n<figure class=\"wp-block-image size-large\"><img loading=\"lazy\" decoding=\"async\" width=\"1024\" height=\"768\" src=\"https:\/\/fedai.az\/wp-content\/uploads\/2021\/12\/IMG-20211218-WA0043-1024x768.jpg\" alt=\"\" class=\"wp-image-56897\" srcset=\"https:\/\/fedai.az\/wp-content\/uploads\/2021\/12\/IMG-20211218-WA0043-1024x768.jpg 1024w, https:\/\/fedai.az\/wp-content\/uploads\/2021\/12\/IMG-20211218-WA0043-300x225.jpg 300w, https:\/\/fedai.az\/wp-content\/uploads\/2021\/12\/IMG-20211218-WA0043-150x113.jpg 150w, https:\/\/fedai.az\/wp-content\/uploads\/2021\/12\/IMG-20211218-WA0043-768x576.jpg 768w, https:\/\/fedai.az\/wp-content\/uploads\/2021\/12\/IMG-20211218-WA0043-1536x1152.jpg 1536w, https:\/\/fedai.az\/wp-content\/uploads\/2021\/12\/IMG-20211218-WA0043.jpg 1600w\" sizes=\"auto, (max-width: 1024px) 100vw, 1024px\" \/><\/figure>\n\n\n\n<p>&nbsp;&nbsp;&nbsp;&nbsp;&nbsp;&nbsp; H\u0259rbi xidm\u0259ti&nbsp; v\u0259zif\u0259l\u0259rin&nbsp; icras\u0131 zaman\u0131 y\u00fcks\u0259k m\u0259n\u0259vi- d\u00f6y\u00fc\u015f keyfiyy\u0259tl\u0259ri g\u00f6st\u0259rdiyin\u0259 g\u00f6r\u0259,d\u00f6y\u00fc\u015f v\u0259 ictimai s\u0131yas\u0131 haz\u0131rl\u0131\u011f\u0131nda, h\u0259rbi intizam\u0131n m\u00f6hk\u0259ml\u0259ndirilm\u0259sind\u0259 y\u00fcks\u0259k g\u00f6st\u0259ricil\u0259r\u0259 nail oldu\u011funa v\u0259 n\u00fcmun\u0259vi xidm\u0259tl\u0259rin\u0259 g\u00f6r\u0259 Daxili \u0130\u015fl\u0259r Nazirinin, Daxili Qo\u015funlar Komandan\u0131n v\u0259 onun m\u00fcavinl\u0259rinin, t\u0259hsil ald\u0131g\u0131 orta v\u0259 ali t\u0259hsil m\u00fc\u0259ssis\u0259l\u0259rin r\u0259hb\u0259rl\u0259rinin, h\u0259rbi hiss\u0259 komandiri v\u0259 onlar\u0131n m\u00fcavinl\u0259rinin m\u00fcvafiq \u0259mrl\u0259ri il\u0259&nbsp; &#171;\u018fla xidm\u0259tl\u0259r\u0259 g\u00f6r\u0259&#187; d\u00f6\u015f, yubley v\u0259 m\u00fcvafiq idman d\u0259r\u0259c\u0259l\u0259ri nisanlar\u0131 il\u0259, t\u0259\u015f\u0259kk\u00fcr nam\u0259l\u0259r il\u0259, pul m\u00fckafatlar\u0131 il\u0259, f\u0259xr\u0131 f\u0259rmanlarla,&nbsp; qiym\u0259tli h\u0259diyy\u0259l\u0259rl\u0259 m\u00fckafatland\u0131rl\u0131b v\u0259 ona t\u0259\u015f\u0259kk\u00fcr elan edilib.<\/p>\n\n\n\n<figure class=\"wp-block-gallery columns-3 is-cropped wp-block-gallery-2 is-layout-flex wp-block-gallery-is-layout-flex\"><ul class=\"blocks-gallery-grid\"><li class=\"blocks-gallery-item\"><figure><img loading=\"lazy\" decoding=\"async\" width=\"1024\" height=\"683\" src=\"https:\/\/fedai.az\/wp-content\/uploads\/2021\/12\/IMG-20211218-WA0032-1024x683.jpg\" alt=\"\" data-id=\"56898\" data-link=\"https:\/\/fedai.az\/?attachment_id=56898\" class=\"wp-image-56898\" srcset=\"https:\/\/fedai.az\/wp-content\/uploads\/2021\/12\/IMG-20211218-WA0032-1024x683.jpg 1024w, https:\/\/fedai.az\/wp-content\/uploads\/2021\/12\/IMG-20211218-WA0032-300x200.jpg 300w, https:\/\/fedai.az\/wp-content\/uploads\/2021\/12\/IMG-20211218-WA0032-150x100.jpg 150w, https:\/\/fedai.az\/wp-content\/uploads\/2021\/12\/IMG-20211218-WA0032-768x512.jpg 768w, https:\/\/fedai.az\/wp-content\/uploads\/2021\/12\/IMG-20211218-WA0032.jpg 1080w\" sizes=\"auto, (max-width: 1024px) 100vw, 1024px\" \/><\/figure><\/li><li class=\"blocks-gallery-item\"><figure><img loading=\"lazy\" decoding=\"async\" width=\"375\" height=\"397\" src=\"https:\/\/fedai.az\/wp-content\/uploads\/2021\/12\/20211219_193501.jpg\" alt=\"\" data-id=\"56899\" data-link=\"https:\/\/fedai.az\/?attachment_id=56899\" class=\"wp-image-56899\" srcset=\"https:\/\/fedai.az\/wp-content\/uploads\/2021\/12\/20211219_193501.jpg 375w, https:\/\/fedai.az\/wp-content\/uploads\/2021\/12\/20211219_193501-283x300.jpg 283w, https:\/\/fedai.az\/wp-content\/uploads\/2021\/12\/20211219_193501-142x150.jpg 142w\" sizes=\"auto, (max-width: 375px) 100vw, 375px\" \/><\/figure><\/li><li class=\"blocks-gallery-item\"><figure><img loading=\"lazy\" decoding=\"async\" width=\"768\" height=\"1024\" src=\"https:\/\/fedai.az\/wp-content\/uploads\/2021\/12\/IMG-20211218-WA0044-768x1024.jpg\" alt=\"\" data-id=\"56900\" data-full-url=\"https:\/\/fedai.az\/wp-content\/uploads\/2021\/12\/IMG-20211218-WA0044.jpg\" data-link=\"https:\/\/fedai.az\/?attachment_id=56900\" class=\"wp-image-56900\" srcset=\"https:\/\/fedai.az\/wp-content\/uploads\/2021\/12\/IMG-20211218-WA0044-768x1024.jpg 768w, https:\/\/fedai.az\/wp-content\/uploads\/2021\/12\/IMG-20211218-WA0044-225x300.jpg 225w, https:\/\/fedai.az\/wp-content\/uploads\/2021\/12\/IMG-20211218-WA0044-113x150.jpg 113w, https:\/\/fedai.az\/wp-content\/uploads\/2021\/12\/IMG-20211218-WA0044-1152x1536.jpg 1152w, https:\/\/fedai.az\/wp-content\/uploads\/2021\/12\/IMG-20211218-WA0044.jpg 1200w\" sizes=\"auto, (max-width: 768px) 100vw, 768px\" \/><\/figure><\/li><\/ul><\/figure>\n\n\n\n<p>&nbsp;&nbsp;&nbsp;&nbsp;&nbsp; D\u00f6y\u00fc\u015f haz\u0131rl\u0131\u011f\u0131ndak\u0131 \u0259la g\u00f6st\u0259ricil\u0259r\u0259 g\u00f6r\u0259, t\u0259liml\u0259rd\u0259, x\u00fcsusi \u0259m\u0259liyyatlarda,&nbsp; Az\u0259rbaycan\u0131n \u0259razi b\u00fct\u00f6vl\u00fcy\u00fcn\u00fcn t\u0259min edilm\u0259sind\u0259, d\u00f6y\u00fc\u015f xidm\u0259tind\u0259 v\u0259&nbsp; d\u00f6y\u00fc\u015f n\u00f6vb\u0259sind\u0259 x\u00fcsusi f\u0259riql\u0259ndiyin\u0259 g\u00f6r\u0259 Az\u0259rbaycan Respublikas\u0131n\u0131n Prez\u0131denti ad\u0131ndan Daxili \u0130\u015fl\u0259r Nazirnin&nbsp; m\u00fcvafiq \u0259mrl\u0259ri &#187;&nbsp; H\u0259rbi xidm\u0259tl\u0259r\u0259 g\u00f6r\u0259 &#8212; 3 d\u0259r\u0259c\u0259li, &#171;Silahl\u0131 Q\u00fcvv\u0259l\u0259r Veteran\u0131&#187;, &#171;Qusursuz xidm\u0259tl\u0259r\u0259 g\u00f6r\u0259 1-ci, 2-ci v\u0259 3-c\u00fc d\u0259r\u0259c\u0259li, &#171;Silahl\u0131 Q\u00fcvv\u0259l\u0259rin yaranmas\u0131n\u0131n&#187; 10-illiyi,90-illiyi v\u0259 95-iliyi yubiley&nbsp; medallar\u0131 il\u0259 t\u0259ltif edilib.<\/p>\n\n\n\n<p>Ab\u0131yev \u0130lham Qurbanqulu o\u011flu&nbsp; Az\u0259rbaycan Respublikas\u0131n\u0131n Prezident\u0131n\u0131n&nbsp; 11 mart 2008-ci il tarixli s\u0259r\u0259ncam\u0131na \u0259sas\u0259n Az\u0259rbaycan Respublikas\u0131n\u0131n \u0259razi b\u00fct\u00f6vl\u00fcy\u00fc v\u0259 suverenliyi u\u011frunda ged\u0259n d\u00f6y\u00fc\u015fl\u0259rd\u0259, g\u00f6sd\u0259rdiyi \u015f\u00fcca\u0259t v\u0259 igidliy\u0259,\u00f6z xidm\u0259ti v\u0259zif\u0259l\u0259rini v\u0259 h\u0259rbi hiss\u0259 qar\u015f\u0131s\u0131nda qoyulmu\u015f tap\u015f\u0131r\u0131qlar\u0131 yerin\u0259 yetir\u0259rk\u0259n&nbsp; f\u0259riql\u0259ndiyin\u0259 g\u00f6r\u0259 &#171;H\u018fRB\u0130 X\u0130DM\u018fTL\u018fR\u018f G\u00d6R\u018f&#187; medal\u0131 il\u0259 t\u0259ltif olunub.<\/p>\n\n\n\n<p><strong>DO\u011eUM G\u00dcN\u00dcN M\u00dcBAR\u018fK OLSUN, \u0130LHAM B\u018fY!<\/strong><\/p>\n\n\n\n<p><strong>ALLAH H\u018fR ZAMAN Q\u018fLB\u0130N\u0130 SIXINTIDAN, B\u018fDB\u0130NL\u0130KD\u018fN QORUSUN!<\/strong><\/p>\n\n\n\n<p><strong>B\u00dcT\u00dcN ARZULARIN \u00c7\u0130N OLSUN!<\/strong><\/p>\n\n\n\n<p><strong>H\u018fM\u0130\u015e\u018f \u00dcZ\u00dcN G\u00dcLS\u00dcN, \u00dcR\u018fY\u0130N SEV\u0130NS\u0130N!<\/strong><\/p>\n\n\n\n<p><strong>DA\u0130MA XO\u015eB\u018fXT YA\u015eA, \u00d6MR\u00dcN UZUN OLSUN!<\/strong><\/p>\n\n\n\n<p><strong>H\u00f6rm\u0259tl\u0259,<\/strong> <strong>Az\u0259rbaycan V\u0259t\u0259n M\u00fcharib\u0259si Veteranlar\u0131 \u0130ctimai Birliyinin s\u0259dr m\u00fcavini polkovnik Salman Musayev<\/strong><\/p>\n\n\n\n<figure class=\"wp-block-gallery columns-2 is-cropped wp-block-gallery-3 is-layout-flex wp-block-gallery-is-layout-flex\"><ul class=\"blocks-gallery-grid\"><li class=\"blocks-gallery-item\"><figure><img loading=\"lazy\" decoding=\"async\" width=\"705\" height=\"747\" src=\"https:\/\/fedai.az\/wp-content\/uploads\/2021\/12\/20211219_162813.jpg\" alt=\"\" data-id=\"56901\" data-link=\"https:\/\/fedai.az\/?attachment_id=56901\" class=\"wp-image-56901\" srcset=\"https:\/\/fedai.az\/wp-content\/uploads\/2021\/12\/20211219_162813.jpg 705w, https:\/\/fedai.az\/wp-content\/uploads\/2021\/12\/20211219_162813-283x300.jpg 283w, https:\/\/fedai.az\/wp-content\/uploads\/2021\/12\/20211219_162813-142x150.jpg 142w\" sizes=\"auto, (max-width: 705px) 100vw, 705px\" \/><\/figure><\/li><li class=\"blocks-gallery-item\"><figure><img loading=\"lazy\" decoding=\"async\" width=\"600\" height=\"600\" src=\"https:\/\/fedai.az\/wp-content\/uploads\/2021\/12\/8265a327389da9fe4fdc2714b309120e-2-1.jpg\" alt=\"\" data-id=\"56902\" data-full-url=\"https:\/\/fedai.az\/wp-content\/uploads\/2021\/12\/8265a327389da9fe4fdc2714b309120e-2-1.jpg\" data-link=\"https:\/\/fedai.az\/?attachment_id=56902\" class=\"wp-image-56902\" srcset=\"https:\/\/fedai.az\/wp-content\/uploads\/2021\/12\/8265a327389da9fe4fdc2714b309120e-2-1.jpg 600w, https:\/\/fedai.az\/wp-content\/uploads\/2021\/12\/8265a327389da9fe4fdc2714b309120e-2-1-300x300.jpg 300w, https:\/\/fedai.az\/wp-content\/uploads\/2021\/12\/8265a327389da9fe4fdc2714b309120e-2-1-150x150.jpg 150w, https:\/\/fedai.az\/wp-content\/uploads\/2021\/12\/8265a327389da9fe4fdc2714b309120e-2-1-215x215.jpg 215w\" sizes=\"auto, (max-width: 600px) 100vw, 600px\" \/><\/figure><\/li><\/ul><\/figure>\n","protected":false},"excerpt":{"rendered":"<p>&nbsp;&nbsp;&nbsp;&nbsp;&nbsp;&nbsp; Y\u00fcks\u0259k pe\u015f\u0259karl\u0131\u011f\u0131 v\u0259 humanistliyi il\u0259, n\u0259z\u0259ri&nbsp; v\u0259 praktiki biliyi il\u0259 (t\u0259c\u00fcrb\u0259si il\u0259) i\u015fg\u00fczar v\u0259 m\u0259n\u0259vi keyfiyy\u0259ti il\u0259, d\u0259qiqliyi v\u0259 t\u0259mkinliyi il\u0259, sad\u0259liyi v\u0259<\/p>\n","protected":false},"author":2,"featured_media":56904,"comment_status":"closed","ping_status":"closed","sticky":false,"template":"","format":"standard","meta":{"footnotes":""},"categories":[5],"tags":[],"class_list":["post-56893","post","type-post","status-publish","format-standard","has-post-thumbnail","hentry","category-veteran"],"aioseo_notices":[],"_links":{"self":[{"href":"https:\/\/fedai.az\/index.php?rest_route=\/wp\/v2\/posts\/56893","targetHints":{"allow":["GET"]}}],"collection":[{"href":"https:\/\/fedai.az\/index.php?rest_route=\/wp\/v2\/posts"}],"about":[{"href":"https:\/\/fedai.az\/index.php?rest_route=\/wp\/v2\/types\/post"}],"author":[{"embeddable":true,"href":"https:\/\/fedai.az\/index.php?rest_route=\/wp\/v2\/users\/2"}],"replies":[{"embeddable":true,"href":"https:\/\/fedai.az\/index.php?rest_route=%2Fwp%2Fv2%2Fcomments&post=56893"}],"version-history":[{"count":2,"href":"https:\/\/fedai.az\/index.php?rest_route=\/wp\/v2\/posts\/56893\/revisions"}],"predecessor-version":[{"id":56905,"href":"https:\/\/fedai.az\/index.php?rest_route=\/wp\/v2\/posts\/56893\/revisions\/56905"}],"wp:featuredmedia":[{"embeddable":true,"href":"https:\/\/fedai.az\/index.php?rest_route=\/wp\/v2\/media\/56904"}],"wp:attachment":[{"href":"https:\/\/fedai.az\/index.php?rest_route=%2Fwp%2Fv2%2Fmedia&parent=56893"}],"wp:term":[{"taxonomy":"category","embeddable":true,"href":"https:\/\/fedai.az\/index.php?rest_route=%2Fwp%2Fv2%2Fcategories&post=56893"},{"taxonomy":"post_tag","embeddable":true,"href":"https:\/\/fedai.az\/index.php?rest_route=%2Fwp%2Fv2%2Ftags&post=56893"}],"curies":[{"name":"wp","href":"https:\/\/api.w.org\/{rel}","templated":true}]}}