{"id":56909,"date":"2021-12-20T00:55:51","date_gmt":"2021-12-19T20:55:51","guid":{"rendered":"https:\/\/fedai.az\/?p=56909"},"modified":"2021-12-20T00:55:54","modified_gmt":"2021-12-19T20:55:54","slug":"iki-h%c9%99rbcimiz-%c9%99sir-dusm%c9%99si-ir%c9%99vana-aparilmasi-bar%c9%99d%c9%99-erm%c9%99ni-m%c9%99nb%c9%99l%c9%99ri-m%c9%99lumat-yayib","status":"publish","type":"post","link":"https:\/\/fedai.az\/?p=56909","title":{"rendered":"\u0130ki h\u0259rb\u00e7imiz \u0259sir d\u00fc\u015fm\u0259si, \u0130r\u0259vana apar\u0131lmas\u0131 bar\u0259d\u0259 erm\u0259ni m\u0259nb\u0259l\u0259ri m\u0259lumat yay\u0131b"},"content":{"rendered":"\n<p><strong>Sputnik Armeniya erm\u0259ni Teleqram kanallar\u0131na istinadla iki az\u0259rbaycanl\u0131 \u0259sg\u0259rin \u0259sir d\u00fc\u015fd\u00fcy\u00fc haqda m\u0259lumat yay\u0131b.<\/strong><br><br>Erm\u0259ni Teleqram kanallar\u0131nda Az\u0259rbaycan \u0259sg\u0259rinin formas\u0131nda oldu\u011fu g\u00f6r\u00fcn\u0259n \u0259li sko\u00e7la ba\u011flanm\u0131\u015f iki \u0259sg\u0259rin ma\u015f\u0131nda fotosu da payla\u015f\u0131l\u0131b.<\/p>\n\n\n\n<figure class=\"wp-block-gallery columns-2 is-cropped wp-block-gallery-1 is-layout-flex wp-block-gallery-is-layout-flex\"><ul class=\"blocks-gallery-grid\"><li class=\"blocks-gallery-item\"><figure><img loading=\"lazy\" decoding=\"async\" width=\"512\" height=\"640\" src=\"https:\/\/fedai.az\/wp-content\/uploads\/2021\/12\/269618116_135076935601019_6244969687419660539_n.jpg\" alt=\"\" data-id=\"56910\" data-link=\"https:\/\/fedai.az\/?attachment_id=56910\" class=\"wp-image-56910\" srcset=\"https:\/\/fedai.az\/wp-content\/uploads\/2021\/12\/269618116_135076935601019_6244969687419660539_n.jpg 512w, https:\/\/fedai.az\/wp-content\/uploads\/2021\/12\/269618116_135076935601019_6244969687419660539_n-240x300.jpg 240w, https:\/\/fedai.az\/wp-content\/uploads\/2021\/12\/269618116_135076935601019_6244969687419660539_n-120x150.jpg 120w\" sizes=\"auto, (max-width: 512px) 100vw, 512px\" \/><\/figure><\/li><li class=\"blocks-gallery-item\"><figure><img loading=\"lazy\" decoding=\"async\" width=\"512\" height=\"640\" src=\"https:\/\/fedai.az\/wp-content\/uploads\/2021\/12\/269715866_135076728934373_2314372725162739337_n.jpg\" alt=\"\" data-id=\"56911\" data-full-url=\"https:\/\/fedai.az\/wp-content\/uploads\/2021\/12\/269715866_135076728934373_2314372725162739337_n.jpg\" data-link=\"https:\/\/fedai.az\/?attachment_id=56911\" class=\"wp-image-56911\" srcset=\"https:\/\/fedai.az\/wp-content\/uploads\/2021\/12\/269715866_135076728934373_2314372725162739337_n.jpg 512w, https:\/\/fedai.az\/wp-content\/uploads\/2021\/12\/269715866_135076728934373_2314372725162739337_n-240x300.jpg 240w, https:\/\/fedai.az\/wp-content\/uploads\/2021\/12\/269715866_135076728934373_2314372725162739337_n-120x150.jpg 120w\" sizes=\"auto, (max-width: 512px) 100vw, 512px\" \/><\/figure><\/li><\/ul><\/figure>\n\n\n\n<p><br>Onlar\u0131n \u0130r\u0259vana apar\u0131ld\u0131\u011f\u0131 iddia edilib.<br><br>\u018fdal\u0259tli Erm\u0259nistan Partiyas\u0131n\u0131n lideri Norayr Norikyan da iki az\u0259rbaycanl\u0131 \u0259sg\u0259rin \u0259sir g\u00f6t\u00fcr\u00fcld\u00fcy\u00fcn\u00fc bildirib. Onun s\u00f6z\u00fcn\u0259 g\u00f6r\u0259, hadis\u0259 18 dekabrda, Cermux istiqam\u0259tind\u0259 olub. \u018fsir g\u00f6t\u00fcr\u00fcl\u0259nl\u0259rd\u0259n birinin kapitan r\u00fctb\u0259su da\u015f\u0131d\u0131\u011f\u0131 iddia edilib.<\/p>\n\n\n\n<p>Erm\u0259nistan MN hadis\u0259ni \u015f\u0259rh etm\u0259yib.<\/p>\n\n\n\n<p>Xat\u0131rladaq ki, Az\u0259rbaycan bu g\u00fcn 16 noyabrda \u0259sir g\u00f6t\u00fcr\u00fcl\u0259n daha 10 erm\u0259ni \u0259sg\u0259ri geri qaytar\u0131b. Bunun qar\u015f\u0131l\u0131\u011f\u0131nda d\u00fcn\u0259n \u0259sir g\u00f6t\u00fcr\u00fcld\u00fcy\u00fc iddia edil\u0259n iki az\u0259rbaycanl\u0131 h\u0259rb\u00e7inin geri verilib-verilm\u0259diyi bilinmir.<\/p>\n\n\n\n<p><br>Az\u0259rbaycan MN hadis\u0259 il\u0259 ba\u011fl\u0131 he\u00e7 bir r\u0259smi a\u00e7\u0131qlama yaymay\u0131b.<\/p>\n","protected":false},"excerpt":{"rendered":"<p>Sputnik Armeniya erm\u0259ni Teleqram kanallar\u0131na istinadla iki az\u0259rbaycanl\u0131 \u0259sg\u0259rin \u0259sir d\u00fc\u015fd\u00fcy\u00fc haqda m\u0259lumat yay\u0131b. Erm\u0259ni Teleqram kanallar\u0131nda Az\u0259rbaycan \u0259sg\u0259rinin formas\u0131nda oldu\u011fu g\u00f6r\u00fcn\u0259n \u0259li sko\u00e7la<\/p>\n","protected":false},"author":2,"featured_media":56912,"comment_status":"closed","ping_status":"closed","sticky":false,"template":"","format":"standard","meta":{"footnotes":""},"categories":[4],"tags":[],"class_list":["post-56909","post","type-post","status-publish","format-standard","has-post-thumbnail","hentry","category-qarabag"],"aioseo_notices":[],"_links":{"self":[{"href":"https:\/\/fedai.az\/index.php?rest_route=\/wp\/v2\/posts\/56909","targetHints":{"allow":["GET"]}}],"collection":[{"href":"https:\/\/fedai.az\/index.php?rest_route=\/wp\/v2\/posts"}],"about":[{"href":"https:\/\/fedai.az\/index.php?rest_route=\/wp\/v2\/types\/post"}],"author":[{"embeddable":true,"href":"https:\/\/fedai.az\/index.php?rest_route=\/wp\/v2\/users\/2"}],"replies":[{"embeddable":true,"href":"https:\/\/fedai.az\/index.php?rest_route=%2Fwp%2Fv2%2Fcomments&post=56909"}],"version-history":[{"count":1,"href":"https:\/\/fedai.az\/index.php?rest_route=\/wp\/v2\/posts\/56909\/revisions"}],"predecessor-version":[{"id":56913,"href":"https:\/\/fedai.az\/index.php?rest_route=\/wp\/v2\/posts\/56909\/revisions\/56913"}],"wp:featuredmedia":[{"embeddable":true,"href":"https:\/\/fedai.az\/index.php?rest_route=\/wp\/v2\/media\/56912"}],"wp:attachment":[{"href":"https:\/\/fedai.az\/index.php?rest_route=%2Fwp%2Fv2%2Fmedia&parent=56909"}],"wp:term":[{"taxonomy":"category","embeddable":true,"href":"https:\/\/fedai.az\/index.php?rest_route=%2Fwp%2Fv2%2Fcategories&post=56909"},{"taxonomy":"post_tag","embeddable":true,"href":"https:\/\/fedai.az\/index.php?rest_route=%2Fwp%2Fv2%2Ftags&post=56909"}],"curies":[{"name":"wp","href":"https:\/\/api.w.org\/{rel}","templated":true}]}}