{"id":56914,"date":"2021-12-20T00:58:40","date_gmt":"2021-12-19T20:58:40","guid":{"rendered":"https:\/\/fedai.az\/?p=56914"},"modified":"2021-12-20T00:58:46","modified_gmt":"2021-12-19T20:58:46","slug":"prezidentl%c9%99r-ilham-%c9%99liyevd%c9%99n-danisdilar-yubiley-filmi","status":"publish","type":"post","link":"https:\/\/fedai.az\/?p=56914","title":{"rendered":"Prezidentl\u0259r \u0130lham \u018fliyevd\u0259n dan\u0131\u015fd\u0131lar &#8212; Yubiley filmi"},"content":{"rendered":"\n<p><strong>Prezident \u0130lham \u018fliyevin 60 illik yubileyin\u0259 h\u0259sr olunan \u201cPREZ\u0130DENT. T\u0259krars\u0131z diplomatiya\u201d adl\u0131 s\u0259n\u0259dli film haz\u0131rlan\u0131b.<\/strong><br><br>Filmd\u0259 T\u00fcrkiy\u0259 Prezidenti R\u0259c\u0259b Tayyib \u018frdo\u011fan, Rusiya Prezidenti Vladimir Putin, Qazax\u0131stan\u0131n birinci Prezidenti Nursultan Nazarbayev, G\u00fcrc\u00fcstan\u0131n Ba\u015f naziri \u0130rakli Qariba\u015fvili, Patriarx Kirill v\u0259 dig\u0259rl\u0259rinin m\u00fcsahib\u0259l\u0259ri yer al\u0131b.\u00a0<\/p>\n\n\n\n<p>S\u0259n\u0259dli film dekabr\u0131n 24-d\u0259 Az\u0259rbaycan D\u00f6vl\u0259t Televiziyas\u0131nda (AzTV) n\u00fcmayi\u015f olunacaq.\u00a0<\/p>\n\n\n\n<figure class=\"wp-block-embed is-type-video is-provider-youtube wp-block-embed-youtube wp-embed-aspect-16-9 wp-has-aspect-ratio\"><div class=\"wp-block-embed__wrapper\">\n<iframe loading=\"lazy\" title=\"Prezidentl\u0259r \u0130lham \u018fliyevd\u0259n dan\u0131\u015fd\u0131lar. Yubiley filmi\" width=\"715\" height=\"402\" src=\"https:\/\/www.youtube.com\/embed\/AEWo5Fw3PC4?feature=oembed\" frameborder=\"0\" allow=\"accelerometer; autoplay; clipboard-write; encrypted-media; gyroscope; picture-in-picture\" allowfullscreen><\/iframe>\n<\/div><\/figure>\n","protected":false},"excerpt":{"rendered":"<p>Prezident \u0130lham \u018fliyevin 60 illik yubileyin\u0259 h\u0259sr olunan \u201cPREZ\u0130DENT. T\u0259krars\u0131z diplomatiya\u201d adl\u0131 s\u0259n\u0259dli film haz\u0131rlan\u0131b. Filmd\u0259 T\u00fcrkiy\u0259 Prezidenti R\u0259c\u0259b Tayyib \u018frdo\u011fan, Rusiya Prezidenti Vladimir<\/p>\n","protected":false},"author":2,"featured_media":56915,"comment_status":"closed","ping_status":"closed","sticky":false,"template":"","format":"standard","meta":{"footnotes":""},"categories":[3],"tags":[],"class_list":["post-56914","post","type-post","status-publish","format-standard","has-post-thumbnail","hentry","category-gundm"],"aioseo_notices":[],"_links":{"self":[{"href":"https:\/\/fedai.az\/index.php?rest_route=\/wp\/v2\/posts\/56914","targetHints":{"allow":["GET"]}}],"collection":[{"href":"https:\/\/fedai.az\/index.php?rest_route=\/wp\/v2\/posts"}],"about":[{"href":"https:\/\/fedai.az\/index.php?rest_route=\/wp\/v2\/types\/post"}],"author":[{"embeddable":true,"href":"https:\/\/fedai.az\/index.php?rest_route=\/wp\/v2\/users\/2"}],"replies":[{"embeddable":true,"href":"https:\/\/fedai.az\/index.php?rest_route=%2Fwp%2Fv2%2Fcomments&post=56914"}],"version-history":[{"count":1,"href":"https:\/\/fedai.az\/index.php?rest_route=\/wp\/v2\/posts\/56914\/revisions"}],"predecessor-version":[{"id":56916,"href":"https:\/\/fedai.az\/index.php?rest_route=\/wp\/v2\/posts\/56914\/revisions\/56916"}],"wp:featuredmedia":[{"embeddable":true,"href":"https:\/\/fedai.az\/index.php?rest_route=\/wp\/v2\/media\/56915"}],"wp:attachment":[{"href":"https:\/\/fedai.az\/index.php?rest_route=%2Fwp%2Fv2%2Fmedia&parent=56914"}],"wp:term":[{"taxonomy":"category","embeddable":true,"href":"https:\/\/fedai.az\/index.php?rest_route=%2Fwp%2Fv2%2Fcategories&post=56914"},{"taxonomy":"post_tag","embeddable":true,"href":"https:\/\/fedai.az\/index.php?rest_route=%2Fwp%2Fv2%2Ftags&post=56914"}],"curies":[{"name":"wp","href":"https:\/\/api.w.org\/{rel}","templated":true}]}}