{"id":56917,"date":"2021-12-20T01:01:12","date_gmt":"2021-12-19T21:01:12","guid":{"rendered":"https:\/\/fedai.az\/?p=56917"},"modified":"2021-12-20T01:01:14","modified_gmt":"2021-12-19T21:01:14","slug":"movlud-cavusoglu-turkiy%c9%99-rusiya-il%c9%99-%c9%99m%c9%99kdasligi-davam-etdirm%c9%99kd%c9%99-q%c9%99rarlidir","status":"publish","type":"post","link":"https:\/\/fedai.az\/?p=56917","title":{"rendered":"M\u00f6vlud \u00c7avu\u015fo\u011flu: \u201cT\u00fcrkiy\u0259 Rusiya il\u0259 \u0259m\u0259kda\u015fl\u0131\u011f\u0131 davam etdirm\u0259kd\u0259 q\u0259rarl\u0131d\u0131r&#187;"},"content":{"rendered":"\n<p><strong>\u201cT\u00fcrkiy\u0259 Rusiya il\u0259 h\u0259r sah\u0259d\u0259 \u0259m\u0259kda\u015fl\u0131\u011f\u0131 davam etdirm\u0259kd\u0259 q\u0259rarl\u0131d\u0131r\u201d.<\/strong><\/p>\n\n\n\n<p><strong>Bunu T\u00fcrkiy\u0259nin Xarici \u0130\u015fl\u0259r naziri M\u00f6vlud \u00c7avu\u015fo\u011flu \u018ffqan\u0131standak\u0131 humanitar v\u0259ziyy\u0259tl\u0259 ba\u011fl\u0131 \u0130slam \u018fm\u0259kda\u015fl\u0131q T\u0259\u015fkilat\u0131 \u00f6lk\u0259l\u0259rinin Xarici \u0130\u015fl\u0259r Nazirl\u0259ri \u015euras\u0131n\u0131n \u0130slamabadda ke\u00e7iril\u0259n f\u00f6vq\u0259lad\u0259 iclas\u0131ndan sonra xarici jurnalistl\u0259rin suallar\u0131n\u0131 cavabland\u0131rark\u0259n bildirib.<\/strong><\/p>\n\n\n\n<p>Silahl\u0131 h\u00fccum n\u0259tic\u0259sind\u0259 q\u0259tl\u0259 yetiril\u0259n Rusiyan\u0131n Ankaradak\u0131 s\u0259firi Andrey Karlovun v\u0259fat\u0131n\u0131n 5-ci ild\u00f6n\u00fcm\u00fcnd\u0259 T\u00fcrkiy\u0259 il\u0259 Rusiya aras\u0131ndak\u0131 m\u00fcnasib\u0259tl\u0259ri d\u0259y\u0259rl\u0259ndir\u0259n M\u00f6vlud \u00c7avu\u015fo\u011flu deyib ki, A.Karlov \u00e7\u0259tin bir d\u00f6vrd\u0259 T\u00fcrkiy\u0259-Rusiya \u0259laq\u0259l\u0259rinin inki\u015faf\u0131nda m\u00fch\u00fcm xidm\u0259tl\u0259r g\u00f6st\u0259rib, iki \u00f6lk\u0259 aras\u0131ndak\u0131 \u0259laq\u0259l\u0259r\u0259 t\u00f6hf\u0259 ver\u0259n \u0259n t\u0259cr\u00fcb\u0259li diplomat olub: \u201cOnun itkisi rus xalq\u0131 q\u0259d\u0259r bizim xalq\u0131m\u0131z\u0131 da d\u0259rind\u0259n k\u0259d\u0259rl\u0259ndirdi&#187;.<\/p>\n\n\n\n<p>A.Karlova qar\u015f\u0131 t\u00f6r\u0259dil\u0259n \u0259m\u0259lin terror akt\u0131 oldu\u011funu vur\u011fulayan M. \u00c7avu\u015fo\u011flu bu h\u00fccumu h\u0259m d\u0259 T\u00fcrkiy\u0259-Rusiya dostlu\u011funa qar\u015f\u0131 y\u00f6n\u0259lmi\u015f h\u0259r\u0259k\u0259t kimi qiym\u0259tl\u0259ndirib: \u201cAncaq T\u00fcrkiy\u0259 v\u0259 Rusiya bu fitvaya getm\u0259di. Karlova h\u00fccum T\u00fcrkiy\u0259-Rusiya \u0259m\u0259kda\u015fl\u0131\u011f\u0131na x\u0259l\u0259l g\u0259tirm\u0259k ist\u0259y\u0259n bir \u00e7ox g\u00fcc m\u0259rk\u0259zl\u0259rinin m\u00f6vcudlu\u011funu ortaya \u00e7\u0131xard\u0131. Bu m\u0259nada bizim dostlu\u011fumuzu pozmaq ist\u0259y\u0259nl\u0259ri m\u0259yus etdik. Yax\u0131n ke\u00e7mi\u015fd\u0259 diplomatlar\u0131n\u0131 v\u0259 s\u0259firl\u0259rini terrora \u0259n \u00e7ox qurban ver\u0259n T\u00fcrkiy\u0259 bu a\u011fr\u0131n\u0131n n\u0259 oldu\u011funu yax\u015f\u0131 bilir. T\u00fcrkiy\u0259nin xarici i\u015fl\u0259r naziri olaraq 5 il \u00f6nc\u0259 m\u0259n Moskvada \u201cVnukova\u201d hava liman\u0131nda h\u0259mkar\u0131m Sergey Lavrovla onun c\u0259naz\u0259sini qar\u015f\u0131lama m\u0259rasimind\u0259 i\u015ftirak etdim v\u0259 k\u0259d\u0259rli ail\u0259sin\u0259 ba\u015fsa\u011fl\u0131\u011f\u0131 verdim. Buradan bir daha ba\u015fda ail\u0259si, yax\u0131nlar\u0131 olmaq \u00fczr\u0259 Rusiya xalq\u0131na v\u0259 d\u00f6vl\u0259tin\u0259 ba\u015fsa\u011fl\u0131\u011f\u0131 verir\u0259m\u201d.<\/p>\n\n\n\n<p>H\u0259m d\u0259 regional m\u0259s\u0259l\u0259l\u0259rd\u0259 Rusiya il\u0259 yax\u0131n dialoq quruldu\u011funu vur\u011fulayan M.\u00c7avu\u015fo\u011flu iki \u00f6lk\u0259 aras\u0131nda f\u0259rqli bax\u0131\u015flar\u0131n oldu\u011fu m\u0259s\u0259l\u0259l\u0259rd\u0259 bel\u0259, regionda s\u00fclh v\u0259 rifah\u0131n \u00f6n plana \u00e7\u0131xmas\u0131n\u0131n n\u0259z\u0259r\u0259 al\u0131naraq probleml\u0259r\u0259 m\u0259suliyy\u0259tl\u0259 yana\u015f\u0131ld\u0131\u011f\u0131n\u0131 deyib: \u201cRusiya il\u0259 qar\u015f\u0131l\u0131ql\u0131 h\u00f6rm\u0259t v\u0259 \u00fcmumi maraqlar\u0131m\u0131z \u0259sas\u0131nda s\u0259m\u0259r\u0259li \u0259m\u0259kda\u015fl\u0131\u011f\u0131 davam etdirm\u0259y\u0259 q\u0259rarl\u0131y\u0131q&#187;.<\/p>\n","protected":false},"excerpt":{"rendered":"<p>\u201cT\u00fcrkiy\u0259 Rusiya il\u0259 h\u0259r sah\u0259d\u0259 \u0259m\u0259kda\u015fl\u0131\u011f\u0131 davam etdirm\u0259kd\u0259 q\u0259rarl\u0131d\u0131r\u201d. Bunu T\u00fcrkiy\u0259nin Xarici \u0130\u015fl\u0259r naziri M\u00f6vlud \u00c7avu\u015fo\u011flu \u018ffqan\u0131standak\u0131 humanitar v\u0259ziyy\u0259tl\u0259 ba\u011fl\u0131 \u0130slam \u018fm\u0259kda\u015fl\u0131q T\u0259\u015fkilat\u0131 \u00f6lk\u0259l\u0259rinin<\/p>\n","protected":false},"author":2,"featured_media":56918,"comment_status":"closed","ping_status":"closed","sticky":false,"template":"","format":"standard","meta":{"footnotes":""},"categories":[1],"tags":[],"class_list":["post-56917","post","type-post","status-publish","format-standard","has-post-thumbnail","hentry","category-siyast"],"aioseo_notices":[],"_links":{"self":[{"href":"https:\/\/fedai.az\/index.php?rest_route=\/wp\/v2\/posts\/56917","targetHints":{"allow":["GET"]}}],"collection":[{"href":"https:\/\/fedai.az\/index.php?rest_route=\/wp\/v2\/posts"}],"about":[{"href":"https:\/\/fedai.az\/index.php?rest_route=\/wp\/v2\/types\/post"}],"author":[{"embeddable":true,"href":"https:\/\/fedai.az\/index.php?rest_route=\/wp\/v2\/users\/2"}],"replies":[{"embeddable":true,"href":"https:\/\/fedai.az\/index.php?rest_route=%2Fwp%2Fv2%2Fcomments&post=56917"}],"version-history":[{"count":1,"href":"https:\/\/fedai.az\/index.php?rest_route=\/wp\/v2\/posts\/56917\/revisions"}],"predecessor-version":[{"id":56919,"href":"https:\/\/fedai.az\/index.php?rest_route=\/wp\/v2\/posts\/56917\/revisions\/56919"}],"wp:featuredmedia":[{"embeddable":true,"href":"https:\/\/fedai.az\/index.php?rest_route=\/wp\/v2\/media\/56918"}],"wp:attachment":[{"href":"https:\/\/fedai.az\/index.php?rest_route=%2Fwp%2Fv2%2Fmedia&parent=56917"}],"wp:term":[{"taxonomy":"category","embeddable":true,"href":"https:\/\/fedai.az\/index.php?rest_route=%2Fwp%2Fv2%2Fcategories&post=56917"},{"taxonomy":"post_tag","embeddable":true,"href":"https:\/\/fedai.az\/index.php?rest_route=%2Fwp%2Fv2%2Ftags&post=56917"}],"curies":[{"name":"wp","href":"https:\/\/api.w.org\/{rel}","templated":true}]}}