{"id":56920,"date":"2021-12-20T01:16:29","date_gmt":"2021-12-19T21:16:29","guid":{"rendered":"https:\/\/fedai.az\/?p=56920"},"modified":"2021-12-20T01:32:21","modified_gmt":"2021-12-19T21:32:21","slug":"t%c9%99brik-orucov-yav%c9%99r-sultan-oglu-55","status":"publish","type":"post","link":"https:\/\/fedai.az\/?p=56920","title":{"rendered":"T\u018fBR\u0130K: ORUCOV YAV\u018fR SULTAN O\u011eLU &#8212; 55"},"content":{"rendered":"\n<p><strong>AVMV\u0130B R\u0259hb\u0259rliyi v\u0259 Az\u0259rbaycan V\u0259t\u0259n M\u00fcharib\u0259si Veteranlar\u0131 \u0130ctimai Birliyinin s\u0259dr m\u00fcavini polkovnik Salman Musayev m\u00fcharib\u0259 veteran\u0131, ehtiyyatda olan palkovnik-leytenant Orucov Yav\u0259r Sultan o\u011flunu do\u011fum g\u00fcn\u00fc m\u00fcnasib\u0259til\u0259 s\u0259mimi q\u0259lbd\u0259n t\u0259brik edir, h\u0259yatda insan \u00fc\u00e7\u00fcn \u0259n \u015firin nem\u0259t olan m\u00f6hk\u0259m can sa\u011fl\u0131\u011f\u0131, ail\u0259 s\u0259ad\u0259ti v\u0259 h\u0259yat yollar\u0131nda bitib &#8212; t\u00fck\u0259nm\u0259y\u0259n nailiyy\u0259tl\u0259r arzulay\u0131r.<\/strong><\/p>\n\n\n\n<p><strong>&nbsp;&nbsp;&nbsp;&nbsp; Qoy ya\u015f\u0131n\u0131n \u00fcst\u0259 g\u0259l\u0259n bu ya\u015f ona sevinc dolu g\u00fcnl\u0259r b\u0259x\u015f etsin v\u0259 h\u0259r yeni g\u00fcn\u00fc is\u0259 \u00f6t\u0259n g\u00fcnl\u0259rd\u0259n daha g\u00f6z\u0259l ist\u0259kl\u0259rin\u0259 uy\u011fun onu xo\u015fb\u0259xt ed\u0259c\u0259k \u015f\u0259kild\u0259 ke\u00e7sin. Amin!<\/strong><\/p>\n\n\n\n<figure class=\"wp-block-gallery columns-3 is-cropped wp-block-gallery-1 is-layout-flex wp-block-gallery-is-layout-flex\"><ul class=\"blocks-gallery-grid\"><li class=\"blocks-gallery-item\"><figure><img loading=\"lazy\" decoding=\"async\" width=\"723\" height=\"1024\" src=\"https:\/\/fedai.az\/wp-content\/uploads\/2021\/12\/20211219_200542-723x1024.jpg\" alt=\"\" data-id=\"56922\" data-link=\"https:\/\/fedai.az\/?attachment_id=56922\" class=\"wp-image-56922\" srcset=\"https:\/\/fedai.az\/wp-content\/uploads\/2021\/12\/20211219_200542-723x1024.jpg 723w, https:\/\/fedai.az\/wp-content\/uploads\/2021\/12\/20211219_200542-212x300.jpg 212w, https:\/\/fedai.az\/wp-content\/uploads\/2021\/12\/20211219_200542-106x150.jpg 106w, https:\/\/fedai.az\/wp-content\/uploads\/2021\/12\/20211219_200542-768x1088.jpg 768w, https:\/\/fedai.az\/wp-content\/uploads\/2021\/12\/20211219_200542.jpg 802w\" sizes=\"auto, (max-width: 723px) 100vw, 723px\" \/><\/figure><\/li><li class=\"blocks-gallery-item\"><figure><img loading=\"lazy\" decoding=\"async\" width=\"415\" height=\"578\" src=\"https:\/\/fedai.az\/wp-content\/uploads\/2021\/12\/20211219_200440.jpg\" alt=\"\" data-id=\"56921\" data-link=\"https:\/\/fedai.az\/?attachment_id=56921\" class=\"wp-image-56921\" srcset=\"https:\/\/fedai.az\/wp-content\/uploads\/2021\/12\/20211219_200440.jpg 415w, https:\/\/fedai.az\/wp-content\/uploads\/2021\/12\/20211219_200440-215x300.jpg 215w, https:\/\/fedai.az\/wp-content\/uploads\/2021\/12\/20211219_200440-108x150.jpg 108w\" sizes=\"auto, (max-width: 415px) 100vw, 415px\" \/><\/figure><\/li><li class=\"blocks-gallery-item\"><figure><img loading=\"lazy\" decoding=\"async\" width=\"429\" height=\"763\" src=\"https:\/\/fedai.az\/wp-content\/uploads\/2021\/12\/20211219_200047.jpg\" alt=\"\" data-id=\"56923\" data-full-url=\"https:\/\/fedai.az\/wp-content\/uploads\/2021\/12\/20211219_200047.jpg\" data-link=\"https:\/\/fedai.az\/?attachment_id=56923\" class=\"wp-image-56923\" srcset=\"https:\/\/fedai.az\/wp-content\/uploads\/2021\/12\/20211219_200047.jpg 429w, https:\/\/fedai.az\/wp-content\/uploads\/2021\/12\/20211219_200047-169x300.jpg 169w, https:\/\/fedai.az\/wp-content\/uploads\/2021\/12\/20211219_200047-84x150.jpg 84w\" sizes=\"auto, (max-width: 429px) 100vw, 429px\" \/><\/figure><\/li><\/ul><\/figure>\n\n\n\n<p>&nbsp;&nbsp;&nbsp;&nbsp;&nbsp; M\u00fcharib\u0259 Veteran\u0131 ehtiyatda olan polkovnik- leytenant&nbsp; Orucov Yav\u0259r Sultan&nbsp; o\u011flu&nbsp; 20 dekabr 1966- ci ild\u0259&nbsp;&nbsp; Z\u0259ng\u0259zur mahal\u0131n\u0131n Qafan rayonun A\u015fa\u011f\u0131&nbsp; G\u00f6d\u0259kli k\u0259ndind\u0259 d\u00fcnyaya g\u00f6z a\u00e7\u0131b. O, Z\u0259ng\u0259zur mahal\u0131n\u0131n A\u015fa\u011f\u0131 G\u00f6d\u0259kli&nbsp; k\u0259nd orta m\u0259kt\u0259bini, Bak\u0131 \u015f\u0259h\u0259r D\u0259mir Yolu Texnikomunu,M\u00fcdafi\u0259 Nazirliyinin v\u0259 Daxili Qo\u015funlar\u0131n zabitl\u0259rin t\u0259hkiml\u0259\u015fdirm\u0259 kurslar\u0131n\u0131 y\u00fcks\u0259k g\u00f6st\u0259ricil\u0259rl\u0259 bitirib. O,Daxili Qo\u015funlarda xidm\u0259t etdiyi ill\u0259r \u0259rzind\u0259 bir \u00e7ox metodiki- t\u0259lim toplan\u0131\u015flarlarda, t\u0259liml\u0259rd\u0259, seminar v\u0259 konfranslarda f\u0259al i\u015ftirak edib.<\/p>\n\n\n\n<p>&nbsp;&nbsp;&nbsp;&nbsp; Orucov Yav\u0259r Sultan o\u011flu 1985-1987-ci ill\u0259rd\u0259&nbsp; Sovet Ordusunun&nbsp; Zabaykal h\u0259rbi dair\u0259sind\u0259&nbsp; h\u0259qqi h\u0259rbi xidm\u0259td\u0259 olub. 1991 -2015-ci ill\u0259rd\u0259 Daxili \u0130\u015fl\u0259r Nazirliyinin Daxili Qo\u015funlar\u0131n A\u011fdam, F\u00fczuli, X\u0259tai, Quba v\u0259 X\u0259z\u0259r rayonlarnda yerl\u0259\u015f\u0259n&nbsp; h\u0259rbi hiss\u0259l\u0259rind\u0259&nbsp;&nbsp; minaatan taq\u0131m komandiri,&nbsp; Minaatan batareya komandiri, Artilleriya r\u0259isi, Silahland\u0131rma xidm\u0259tinin r\u0259isi, Daxili Qo\u015funlar\u0131n &nbsp;Ali h\u0259rbi m\u0259kt\u0259bind\u0259 ba\u015f m\u00fc\u0259llim,Daxili&nbsp; Qo\u015funlar\u0131n Bas \u0130dar\u0259sinin Maddi &#8212; texniki t\u0259minat idar\u0259sind\u0259 is\u0259 Silahland\u0131rma xidm\u0259tinin r\u0259is m\u00fcavini v\u0259zif\u0259l\u0259rind\u0259 V\u0259t\u0259n\u0259 D\u00f6vl\u0259t\u0259 v\u0259 Xalqa s\u0259daq\u0259tl\u0259 etm\u0259\u015fdir.<\/p>\n\n\n\n<figure class=\"wp-block-image size-large\"><img loading=\"lazy\" decoding=\"async\" width=\"1024\" height=\"761\" src=\"https:\/\/fedai.az\/wp-content\/uploads\/2021\/12\/20211219_200354-1024x761.jpg\" alt=\"\" class=\"wp-image-56924\" srcset=\"https:\/\/fedai.az\/wp-content\/uploads\/2021\/12\/20211219_200354-1024x761.jpg 1024w, https:\/\/fedai.az\/wp-content\/uploads\/2021\/12\/20211219_200354-300x223.jpg 300w, https:\/\/fedai.az\/wp-content\/uploads\/2021\/12\/20211219_200354-150x111.jpg 150w, https:\/\/fedai.az\/wp-content\/uploads\/2021\/12\/20211219_200354-768x571.jpg 768w, https:\/\/fedai.az\/wp-content\/uploads\/2021\/12\/20211219_200354-rotated.jpg 1048w\" sizes=\"auto, (max-width: 1024px) 100vw, 1024px\" \/><\/figure>\n\n\n\n<p>&nbsp;&nbsp;&nbsp;&nbsp; M\u00fcst\u0259qil Az\u0259rbaycan\u0131n Daxili \u0130\u015fl\u0259r Nazirliyinin &nbsp;Daxili Qo\u015funlar\u0131nda xidm\u0259t etdiyi ill\u0259r \u0259rzind\u0259,Az\u0259rbaycan Respublikas\u0131n\u0131n Konstitusiyas\u0131na v\u0259 qanunlar\u0131na \u0259m\u0259l etm\u0259kd\u0259, h\u0259rbi and\u0131n,&nbsp; h\u0259rbi nizamnam\u0259l\u0259rin v\u0259 dig\u0259r h\u00fcquqi- normativ aktlar\u0131n&nbsp; t\u0259l\u0259bl\u0259rin\u0259, el\u0259cd\u0259 v\u0259zif\u0259 borclar\u0131n\u0131n icrasna m\u0259suliyy\u0259tl\u0259 yana\u015fm\u0131\u015f, qar\u015f\u0131ya qoyulmu\u015f&nbsp; xidm\u0259ti&nbsp; tap\u015f\u0131r\u0131qlar\u0131 m\u00fcv\u0259ff\u0259qiyy\u0259tl\u0259 yerin\u0259 yetirilm\u0259si \u00fc\u00e7\u00fcn \u00f6z \u0259m\u0259yini \u0259sirg\u0259m\u0259mi\u015f, \u015f\u0259xsi n\u00fcmun\u0259si il\u0259&nbsp; bir cox&nbsp; h\u0259rbi qulluq\u00e7ular\u0131 f\u0259dakar h\u0259rbi xidm\u0259t\u0259<\/p>\n\n\n\n<p>&nbsp;&nbsp;&nbsp;&nbsp; O, Daxili Qo\u015funlarda xidm\u0259t etdiyi ill\u0259r \u0259rzind\u0259 \u00f6zun\u00fc u\u015faq vaxtlar\u0131ndan, g\u00f6z\u0259l ail\u0259 v\u0259 m\u0259kt\u0259b t\u0259rbiy\u0259si il\u0259 b\u00f6y\u00fcm\u00fc\u015f, \u0259xlaq\u0131 t\u0259rbiy\u0259si yerind\u0259 olan, nizam v\u0259 intizaml\u0131 h\u0259rbi\u00e7i kimi g\u00f6st\u0259rmi\u015fdir.O i\u015fl\u0259diyi v\u0259 oxudu\u011fu&nbsp;&nbsp; t\u0259hsil m\u00fc\u0259ssis\u0259l\u0259rind\u0259,ya\u015fad\u0131\u011f\u0131 \u0259razid\u0259&nbsp; kollektiv aras\u0131nda h\u0259mi\u015f\u0259 m\u00fcsb\u0259t m\u0259nada se\u00e7il\u0259r\u0259k, ba\u015fqalar\u0131 \u00fc\u00e7\u00fcn&nbsp; n\u00fcmun\u0259 olmu\u015fdur.<\/p>\n\n\n\n<p>&nbsp;&nbsp;&nbsp;&nbsp; Polkovnik leytenant Yav\u0259r Orucov pe\u015f\u0259karl\u0131\u011f\u0131 v\u0259 humanistliyi il\u0259 se\u00e7il\u0259n \u00f6mr\u00fcn\u00fcn&nbsp; \u0259n m\u0259hsuldar d\u00f6vr\u00fcn\u00fcn 24 ild\u0259n \u00e7ox \u015f\u0259r\u0259fli xidm\u0259ti yolunu h\u0259rbi xidm\u0259td\u0259 ke\u00e7ir\u0259r\u0259k Az\u0259rbaycan \u0259razi b\u00fct\u00f6vl\u00fcy\u00fc u\u011frunda ged\u0259n d\u00f6y\u00fc\u015fl\u0259rd\u0259 f\u0259al&nbsp; i\u015ftirak edib.<\/p>\n\n\n\n<figure class=\"wp-block-image size-large\"><img loading=\"lazy\" decoding=\"async\" width=\"1024\" height=\"736\" src=\"https:\/\/fedai.az\/wp-content\/uploads\/2021\/12\/20211219_200323-1024x736.jpg\" alt=\"\" class=\"wp-image-56925\" srcset=\"https:\/\/fedai.az\/wp-content\/uploads\/2021\/12\/20211219_200323-1024x736.jpg 1024w, https:\/\/fedai.az\/wp-content\/uploads\/2021\/12\/20211219_200323-300x216.jpg 300w, https:\/\/fedai.az\/wp-content\/uploads\/2021\/12\/20211219_200323-150x108.jpg 150w, https:\/\/fedai.az\/wp-content\/uploads\/2021\/12\/20211219_200323-768x552.jpg 768w, https:\/\/fedai.az\/wp-content\/uploads\/2021\/12\/20211219_200323.jpg 1067w\" sizes=\"auto, (max-width: 1024px) 100vw, 1024px\" \/><\/figure>\n\n\n\n<p>O, Daxili Qo\u015funlarda xidm\u0259t etdiyi ill\u0259r \u0259rzind\u0259 \u00f6z\u00fcn\u00fc qorxmaz, saxav\u0259tli, insap\u0259rv\u0259r, \u0259lia\u00e7\u0131q, z\u0259hm\u0259tke\u015f&nbsp; zabit kimi g\u00f6st\u0259rmi\u015fdir. O, ist\u0259r anadan oldu\u011fu v\u0259 ya\u015fad\u0131\u011f\u0131 \u0259razid\u0259, oxudu\u011fu orta v\u0259 ali t\u0259hsil m\u00fc\u0259s\u0259l\u0259rind\u0259, ist\u0259rs\u0259d\u0259 xidm\u0259t etdiyi v\u0259 i\u015fl\u0259diyi kollektivl\u0259rd\u0259, dost-tan\u0131\u015f ,qohum-\u0259qr\u0259ba aras\u0131nda \u00f6z\u00fcn\u0259 layiq h\u00f6rm\u0259t qazanm\u0131\u015fd\u0131r.<\/p>\n\n\n\n<p>&nbsp;&nbsp;&nbsp; O, Az\u0259rbaycan Respublikas\u0131nda ictimai qaydan\u0131n v\u0259 ictimai t\u0259hl\u00fck\u0259sizliyin qorunmasnda, \u015f\u0259h\u0259rd\u0259, ya\u015fay\u0131\u015f m\u0259nt\u0259q\u0259l\u0259rind\u0259 v\u0259 c\u0259za\u00e7\u0259km\u0259 m\u00fc\u0259ssis\u0259l\u0259rind\u0259 ba\u015f vermi\u015f k\u00fctl\u0259vi ixti\u015fa\u015flar\u0131n qar\u015f\u0131s\u0131n\u0131n al\u0131nmas\u0131nda, M\u00fct\u0259\u015f\u0259kkil cinay\u0259tkarl\u0131\u011fa qar\u015f\u0131 m\u00fcbariz\u0259d\u0259,qanunsuz silahl\u0131 d\u0259st\u0259l\u0259rin axtar\u0131\u015f\u0131nda v\u0259 z\u0259r\u0259rsizl\u0259\u015fdirilm\u0259sind\u0259, F\u00f6vqal\u0259d\u0259 v\u0259ziyy\u0259t zaman\u0131 h\u00fcquqi rejimin t\u0259min olunmas\u0131nda,&nbsp; d\u00f6vl\u0259tin \u0259razi b\u00fct\u00f6vl\u00fcy\u00fcn\u00fcn t\u0259min edilm\u0259sind\u0259 \u00fcz\u0259rin\u0259 d\u00fcs\u0259n v\u0259zif\u0259 v\u0259 tap\u015f\u0131r\u0131qlar\u0131 m\u0259suliyy\u0259t v\u0259 \u015f\u0259r\u0259f hissi il\u0259&nbsp;&nbsp; yer\u0131n\u0259 yetirmi\u015fdir.<\/p>\n\n\n\n<p>&nbsp;&nbsp;&nbsp;&nbsp; H\u0259rbi&nbsp; xidm\u0259ti v\u0259zif\u0259l\u0259rin icras\u0131 zaman\u0131 y\u00fcks\u0259k m\u0259n\u0259vi- d\u00f6y\u00fc\u015f keyfiyy\u0259tl\u0259ri&nbsp;&nbsp;&nbsp; g\u00f6st\u0259rdiyin\u0259 g\u00f6r\u0259,&nbsp; d\u00f6y\u00fc\u015f v\u0259 ictimai siyasi haz\u0131rl\u0131\u011f\u0131nda, h\u0259rbi intizam\u0131n m\u00f6hk\u0259ml\u0259ndirilm\u0259sind\u0259 y\u00fcks\u0259k g\u00f6st\u0259ricil\u0259r\u0259 nail oldu\u011funa&nbsp; v\u0259 n\u00fcmun\u0259vi xidm\u0259tin\u0259 g\u00f6r\u0259 Daxili \u0130\u015fl\u0259r Nazirinin, Daxili Qo\u015funlar Komandan\u0131n v\u0259 onun m\u00fcavinl\u0259rinin,&nbsp; Ali h\u0259rbi m\u0259kt\u0259b r\u0259isinin, h\u0259rbi hiss\u0259 komandirinin v\u0259 onun m\u00fcavinl\u0259rinin m\u00fcvafiq \u0259mrl\u0259ri il\u0259 \u0259la xidm\u0259tl\u0259r\u0259 g\u00f6r\u0259 d\u00f6\u015f v\u0259 yubiley ni\u015fanlar\u0131 il\u0259, pul m\u00fckafatlar\u0131 il\u0259, f\u0259xri f\u0259rmanlarla v\u0259 qiym\u0259tli h\u0259diy\u0259l\u0259rl\u0259 m\u00fckafatland\u0131rl\u0131b v\u0259 ona t\u0259\u015f\u0259kk\u00fcr elan edilib.<\/p>\n\n\n\n<figure class=\"wp-block-image size-large\"><img loading=\"lazy\" decoding=\"async\" width=\"1022\" height=\"820\" src=\"https:\/\/fedai.az\/wp-content\/uploads\/2021\/12\/20211219_203939-rotated.jpg\" alt=\"\" class=\"wp-image-56926\" srcset=\"https:\/\/fedai.az\/wp-content\/uploads\/2021\/12\/20211219_203939-rotated.jpg 1022w, https:\/\/fedai.az\/wp-content\/uploads\/2021\/12\/20211219_203939-300x241.jpg 300w, https:\/\/fedai.az\/wp-content\/uploads\/2021\/12\/20211219_203939-150x120.jpg 150w, https:\/\/fedai.az\/wp-content\/uploads\/2021\/12\/20211219_203939-768x616.jpg 768w\" sizes=\"auto, (max-width: 1022px) 100vw, 1022px\" \/><\/figure>\n\n\n\n<p>D\u00f6y\u00fc\u015f haz\u0131rl\u0131\u011f\u0131ndak\u0131 \u0259la g\u00f6st\u0259ricil\u0259r\u0259 g\u00f6r\u0259, t\u0259liml\u0259rd\u0259&nbsp;&nbsp; d\u00f6y\u00fc\u015f v\u0259 x\u00fcsusi \u0259m\u0259liyyatlarda, d\u00f6y\u00fc\u015f xidm\u0259tind\u0259 v\u0259 d\u00f6y\u00fc\u015f n\u00f6vb\u0259sind\u0259 x\u00fcsusi&nbsp; f\u0259riql\u0259ndiyin\u0259 g\u00f6r\u0259 &#171;Qusrsuz xidm\u0259tl\u0259r\u0259 g\u00f6r\u0259 &#187; 1-ci, 2-ci v\u0259 3-c\u00fc d\u0259r\u0259c\u0259li, &#171;Silahl\u0131 Q\u00fcvv\u0259l\u0259rin yaranmas\u0131n\u0131n&#187; 10-illiyi , 90- illyi v\u0259 95-iliyi yubley medalar\u0131 il\u0259 t\u0259ltif olunub.<\/p>\n\n\n\n<p>Az\u0259rbaycan Respublikas\u0131n\u0131n Prez\u0131dent\u0131n\u0131n&nbsp; 30 iyun 2002 ci il tarixli 725 sayl\u0131 s\u0259r\u0259ncam\u0131 il\u0259&nbsp; Az\u0259rbaycan Respublikas\u0131n\u0131nda ictimai qaydan\u0131n v\u0259 ictimai t\u0259hl\u00fck\u0259sizliyin qorunmasnda, m\u00fct\u0259\u015f\u0259kkil cinay\u0259tkarl\u0131\u011fa,terror\u00e7\u00fclu\u011fa&nbsp; v\u0259 di\u011f\u0259r&nbsp; cinay\u0259tl\u0259r\u0259 qar\u015f\u0131 m\u00fcbariz\u0259d\u0259,&nbsp;&nbsp;&nbsp; qanunsuz&nbsp; silahl\u0131 d\u0259st\u0259l\u0259rin z\u0259r\u0259rsizl\u0259\u015fdirilm\u0259sind\u0259&nbsp; x\u00fcs\u00fcsi il\u0259 f\u0259riql\u0259ndiyin\u0259&nbsp; Polkovnik-leytenant Yav\u0259r Orucov &#171;V\u018fT\u018fN U\u011eRUNDA&#187; medal\u0131 il\u0259 t\u0259ltif olunub<\/p>\n\n\n\n<p><strong>DO\u011eUM G\u00dcN\u00dcN M\u00dcBAR\u018fK OLSUN, YAV\u018fR M\u00dc\u018fLL\u0130M!<\/strong><\/p>\n\n\n\n<p><strong>ALLAH H\u018fR ZAMAN Q\u018fLB\u0130N\u0130 SIXINTIDAN, B\u018fDB\u0130NL\u0130KD\u018fN QORUSUN!<\/strong><\/p>\n\n\n\n<p><strong>B\u00dcT\u00dcN ARZULARIN \u00c7\u0130N OLSUN!<\/strong><\/p>\n\n\n\n<p><strong>H\u018fM\u0130\u015e\u018f \u00dcZ\u00dcN G\u00dcLS\u00dcN, \u00dcR\u018fY\u0130N SEV\u0130NS\u0130N!<\/strong><\/p>\n\n\n\n<p><strong>DA\u0130MA XO\u015eB\u018fXT YA\u015eA, \u00d6MR\u00dcN UZUN OLSUN!<\/strong><\/p>\n\n\n\n<p><strong>D\u0259rin h\u00f6rm\u0259tl\u0259, Az\u0259rbaycan V\u0259t\u0259n m\u00fcharib\u0259si Veteranlar\u0131 \u0130ctimai&nbsp; Birliyinin s\u0259dr m\u00fcavini polkovnik Salman Musayev<\/strong><\/p>\n\n\n\n<figure class=\"wp-block-gallery columns-2 is-cropped wp-block-gallery-2 is-layout-flex wp-block-gallery-is-layout-flex\"><ul class=\"blocks-gallery-grid\"><li class=\"blocks-gallery-item\"><figure><img loading=\"lazy\" decoding=\"async\" width=\"378\" height=\"576\" src=\"https:\/\/fedai.az\/wp-content\/uploads\/2021\/12\/20211219_200120.jpg\" alt=\"\" data-id=\"56927\" data-full-url=\"https:\/\/fedai.az\/wp-content\/uploads\/2021\/12\/20211219_200120.jpg\" data-link=\"https:\/\/fedai.az\/?attachment_id=56927\" class=\"wp-image-56927\" srcset=\"https:\/\/fedai.az\/wp-content\/uploads\/2021\/12\/20211219_200120.jpg 378w, https:\/\/fedai.az\/wp-content\/uploads\/2021\/12\/20211219_200120-197x300.jpg 197w, https:\/\/fedai.az\/wp-content\/uploads\/2021\/12\/20211219_200120-98x150.jpg 98w\" sizes=\"auto, (max-width: 378px) 100vw, 378px\" \/><\/figure><\/li><li class=\"blocks-gallery-item\"><figure><img loading=\"lazy\" decoding=\"async\" width=\"600\" height=\"600\" src=\"https:\/\/fedai.az\/wp-content\/uploads\/2021\/12\/8265a327389da9fe4fdc2714b309120e-2-1.jpg\" alt=\"\" data-id=\"56902\" data-full-url=\"https:\/\/fedai.az\/wp-content\/uploads\/2021\/12\/8265a327389da9fe4fdc2714b309120e-2-1.jpg\" data-link=\"https:\/\/fedai.az\/?attachment_id=56902\" class=\"wp-image-56902\" srcset=\"https:\/\/fedai.az\/wp-content\/uploads\/2021\/12\/8265a327389da9fe4fdc2714b309120e-2-1.jpg 600w, https:\/\/fedai.az\/wp-content\/uploads\/2021\/12\/8265a327389da9fe4fdc2714b309120e-2-1-300x300.jpg 300w, https:\/\/fedai.az\/wp-content\/uploads\/2021\/12\/8265a327389da9fe4fdc2714b309120e-2-1-150x150.jpg 150w, https:\/\/fedai.az\/wp-content\/uploads\/2021\/12\/8265a327389da9fe4fdc2714b309120e-2-1-215x215.jpg 215w\" sizes=\"auto, (max-width: 600px) 100vw, 600px\" \/><\/figure><\/li><\/ul><\/figure>\n","protected":false},"excerpt":{"rendered":"<p>AVMV\u0130B R\u0259hb\u0259rliyi v\u0259 Az\u0259rbaycan V\u0259t\u0259n M\u00fcharib\u0259si Veteranlar\u0131 \u0130ctimai Birliyinin s\u0259dr m\u00fcavini polkovnik Salman Musayev m\u00fcharib\u0259 veteran\u0131, ehtiyyatda olan palkovnik-leytenant Orucov Yav\u0259r Sultan o\u011flunu do\u011fum<\/p>\n","protected":false},"author":2,"featured_media":56928,"comment_status":"closed","ping_status":"closed","sticky":false,"template":"","format":"standard","meta":{"footnotes":""},"categories":[5],"tags":[],"class_list":["post-56920","post","type-post","status-publish","format-standard","has-post-thumbnail","hentry","category-veteran"],"aioseo_notices":[],"_links":{"self":[{"href":"https:\/\/fedai.az\/index.php?rest_route=\/wp\/v2\/posts\/56920","targetHints":{"allow":["GET"]}}],"collection":[{"href":"https:\/\/fedai.az\/index.php?rest_route=\/wp\/v2\/posts"}],"about":[{"href":"https:\/\/fedai.az\/index.php?rest_route=\/wp\/v2\/types\/post"}],"author":[{"embeddable":true,"href":"https:\/\/fedai.az\/index.php?rest_route=\/wp\/v2\/users\/2"}],"replies":[{"embeddable":true,"href":"https:\/\/fedai.az\/index.php?rest_route=%2Fwp%2Fv2%2Fcomments&post=56920"}],"version-history":[{"count":2,"href":"https:\/\/fedai.az\/index.php?rest_route=\/wp\/v2\/posts\/56920\/revisions"}],"predecessor-version":[{"id":56936,"href":"https:\/\/fedai.az\/index.php?rest_route=\/wp\/v2\/posts\/56920\/revisions\/56936"}],"wp:featuredmedia":[{"embeddable":true,"href":"https:\/\/fedai.az\/index.php?rest_route=\/wp\/v2\/media\/56928"}],"wp:attachment":[{"href":"https:\/\/fedai.az\/index.php?rest_route=%2Fwp%2Fv2%2Fmedia&parent=56920"}],"wp:term":[{"taxonomy":"category","embeddable":true,"href":"https:\/\/fedai.az\/index.php?rest_route=%2Fwp%2Fv2%2Fcategories&post=56920"},{"taxonomy":"post_tag","embeddable":true,"href":"https:\/\/fedai.az\/index.php?rest_route=%2Fwp%2Fv2%2Ftags&post=56920"}],"curies":[{"name":"wp","href":"https:\/\/api.w.org\/{rel}","templated":true}]}}