{"id":56937,"date":"2021-12-20T01:37:19","date_gmt":"2021-12-19T21:37:19","guid":{"rendered":"https:\/\/fedai.az\/?p=56937"},"modified":"2021-12-20T01:37:24","modified_gmt":"2021-12-19T21:37:24","slug":"h%c9%99rbcil%c9%99rimiz-susadaki-erm%c9%99ni-tankinin-uz%c9%99rind%c9%99ki-bayragin-s%c9%99klini-sildil%c9%99r","status":"publish","type":"post","link":"https:\/\/fedai.az\/?p=56937","title":{"rendered":"H\u0259rb\u00e7il\u0259rimiz \u015eu\u015fadak\u0131 erm\u0259ni tank\u0131n\u0131n \u00fcz\u0259rind\u0259ki \u201cbayra\u011f\u201d\u0131n \u015f\u0259klini sildil\u0259r"},"content":{"rendered":"\n<p><strong>M\u0259lum oldu\u011fu kimi, \u015eu\u015fa \u015f\u0259h\u0259rinin yax\u0131nl\u0131\u011f\u0131nda erm\u0259ni tank\u0131n\u0131n \u201cabid\u0259si\u201d var.<\/strong><\/p>\n\n\n\n<p><strong> JAMAZ.\u0130NFO x\u0259b\u0259r verir ki, h\u0259min tank \u015eu\u015fa i\u015f\u011fal olunan g\u00fcn \u015f\u0259h\u0259r\u0259 gir\u0259n ilk texnika oldu\u011fu \u00fc\u00e7\u00fcn erm\u0259nil\u0259r onu \u201cabid\u0259l\u0259\u015fdirib\u201dl\u0259r.<\/strong><\/p>\n\n\n\n<p>Qeyd ed\u0259k ki, V\u0259t\u0259n M\u00fcharib\u0259si zaman\u0131 \u015eu\u015fa \u015f\u0259h\u0259ri i\u015f\u011faldan azad edils\u0259 d\u0259, tank\u0131n yerl\u0259\u015fdiyi \u0259razi erm\u0259nil\u0259rd\u0259 qalm\u0131\u015fd\u0131. Onun \u00fcz\u0259rind\u0259 is\u0259 Qaraba\u011fdak\u0131 separat\u00e7\u0131lar\u0131n \u0259ski par\u00e7as\u0131n\u0131n \u015f\u0259kili \u0259ks olunmu\u015fdu. D\u00fcn\u0259n Az\u0259rbaycan h\u0259rb\u00e7il\u0259ri n\u00fcmayi\u015fkaran\u0259 \u015f\u0259kild\u0259 h\u0259min tank\u0131n yan\u0131na ged\u0259r\u0259k, onun \u00fcz\u0259rind\u0259 \u0259ks olunmu\u015f \u0259ski par\u00e7as\u0131n\u0131n \u015f\u0259klini silibl\u0259r. V\u0259 x\u0259rb\u0259rdarl\u0131q edibl\u0259r ki, bir daha bel\u0259 hal ya\u015fanmas\u0131n.<\/p>\n\n\n\n<p>Erm\u0259nistan parlamentinin \u00fczv\u00fc Tiqran Abramyan bu bar\u0259d\u0259 deyib ki, hadis\u0259nin Az\u0259rbaycan h\u0259rb\u00e7il\u0259ri t\u0259r\u0259find\u0259n t\u00f6r\u0259dilm\u0259si \u015f\u00fcbh\u0259sizdir. Onun s\u00f6zl\u0259rin\u0259 g\u00f6r\u0259, bu hadis\u0259 ba\u015f ver\u0259n zaman orada olan erm\u0259nil\u0259rin reaksiya verm\u0259m\u0259sin\u0259 t\u0259\u0259cc\u00fcb edir. \u201cAyd\u0131n m\u0259s\u0259l\u0259dir ki, bu i\u015fi Az\u0259rbaycan h\u0259rb\u00e7il\u0259ri g\u00f6r\u00fcbl\u0259r. Onlar\u0131n yerl\u0259\u015fdiyi postla tank aras\u0131nda m\u0259saf\u0259 he\u00e7 d\u0259 \u00e7ox deyil. Sad\u0259c\u0259, m\u0259n\u0259 maraql\u0131d\u0131r ki, bu add\u0131m\u0131 atark\u0259n orada olan erm\u0259ni \u0259sg\u0259rl\u0259r niy\u0259 reaksiya verm\u0259yibl\u0259r\u201d.<\/p>\n\n\n\n<p>Abramyan deyib ki, Az\u0259rbaycan \u0259sg\u0259rinin bu h\u0259r\u0259k\u0259ti Qaraba\u011fda ya\u015fayan erm\u0259nil\u0259ri t\u0259hqir etm\u0259kdir. \u201cBu h\u0259m d\u0259 Qaraba\u011fl\u0131n t\u0259hl\u00fck\u0259sizliyinin z\u0259ifliyini g\u00f6st\u0259rir. \u00c7\u00fcnki hadis\u0259 Xank\u0259ndi-\u015eu\u015fa yolunun \u00fcst\u00fcnd\u0259, erm\u0259ni h\u0259rb\u00e7il\u0259rinin g\u00f6z\u00fc qar\u015f\u0131s\u0131nda ba\u015f verib\u201d.<\/p>\n\n\n\n<figure class=\"wp-block-image size-large is-resized\"><img loading=\"lazy\" decoding=\"async\" src=\"https:\/\/fedai.az\/wp-content\/uploads\/2021\/12\/1-137-300x169-1.jpg\" alt=\"\" class=\"wp-image-56938\" width=\"911\" height=\"513\" srcset=\"https:\/\/fedai.az\/wp-content\/uploads\/2021\/12\/1-137-300x169-1.jpg 300w, https:\/\/fedai.az\/wp-content\/uploads\/2021\/12\/1-137-300x169-1-150x85.jpg 150w\" sizes=\"auto, (max-width: 911px) 100vw, 911px\" \/><\/figure>\n","protected":false},"excerpt":{"rendered":"<p>M\u0259lum oldu\u011fu kimi, \u015eu\u015fa \u015f\u0259h\u0259rinin yax\u0131nl\u0131\u011f\u0131nda erm\u0259ni tank\u0131n\u0131n \u201cabid\u0259si\u201d var. JAMAZ.\u0130NFO x\u0259b\u0259r verir ki, h\u0259min tank \u015eu\u015fa i\u015f\u011fal olunan g\u00fcn \u015f\u0259h\u0259r\u0259 gir\u0259n ilk texnika<\/p>\n","protected":false},"author":2,"featured_media":56939,"comment_status":"closed","ping_status":"closed","sticky":false,"template":"","format":"standard","meta":{"footnotes":""},"categories":[4],"tags":[],"class_list":["post-56937","post","type-post","status-publish","format-standard","has-post-thumbnail","hentry","category-qarabag"],"aioseo_notices":[],"_links":{"self":[{"href":"https:\/\/fedai.az\/index.php?rest_route=\/wp\/v2\/posts\/56937","targetHints":{"allow":["GET"]}}],"collection":[{"href":"https:\/\/fedai.az\/index.php?rest_route=\/wp\/v2\/posts"}],"about":[{"href":"https:\/\/fedai.az\/index.php?rest_route=\/wp\/v2\/types\/post"}],"author":[{"embeddable":true,"href":"https:\/\/fedai.az\/index.php?rest_route=\/wp\/v2\/users\/2"}],"replies":[{"embeddable":true,"href":"https:\/\/fedai.az\/index.php?rest_route=%2Fwp%2Fv2%2Fcomments&post=56937"}],"version-history":[{"count":1,"href":"https:\/\/fedai.az\/index.php?rest_route=\/wp\/v2\/posts\/56937\/revisions"}],"predecessor-version":[{"id":56940,"href":"https:\/\/fedai.az\/index.php?rest_route=\/wp\/v2\/posts\/56937\/revisions\/56940"}],"wp:featuredmedia":[{"embeddable":true,"href":"https:\/\/fedai.az\/index.php?rest_route=\/wp\/v2\/media\/56939"}],"wp:attachment":[{"href":"https:\/\/fedai.az\/index.php?rest_route=%2Fwp%2Fv2%2Fmedia&parent=56937"}],"wp:term":[{"taxonomy":"category","embeddable":true,"href":"https:\/\/fedai.az\/index.php?rest_route=%2Fwp%2Fv2%2Fcategories&post=56937"},{"taxonomy":"post_tag","embeddable":true,"href":"https:\/\/fedai.az\/index.php?rest_route=%2Fwp%2Fv2%2Ftags&post=56937"}],"curies":[{"name":"wp","href":"https:\/\/api.w.org\/{rel}","templated":true}]}}