{"id":56941,"date":"2021-12-20T01:41:04","date_gmt":"2021-12-19T21:41:04","guid":{"rendered":"https:\/\/fedai.az\/?p=56941"},"modified":"2021-12-20T01:41:07","modified_gmt":"2021-12-19T21:41:07","slug":"stoltenberq-rusiya-il%c9%99-yeni-t%c9%99sir-sferalari-bar%c9%99d%c9%99-konfransin-kecirilm%c9%99sin%c9%99-qarsidir","status":"publish","type":"post","link":"https:\/\/fedai.az\/?p=56941","title":{"rendered":"Stoltenberq Rusiya il\u0259 yeni t\u0259sir sferalar\u0131 bar\u0259d\u0259 konfrans\u0131n ke\u00e7irilm\u0259sin\u0259 qar\u015f\u0131d\u0131r"},"content":{"rendered":"\n<p><strong>NATO-nun ba\u015f katibi Yens Stoltenberq Rusiya il\u0259 t\u0259sir dair\u0259l\u0259ri \u00fczr\u0259 dialoq ideyas\u0131n\u0131 r\u0259dd edib. O, \u201cJournal de Dimanche\u201d q\u0259zetin\u0259 m\u00fcsahib\u0259sind\u0259 bel\u0259 bir konfrans\u0131n ke\u00e7irilm\u0259sinin geriy\u0259 add\u0131m oldu\u011funu bildirib.<\/strong><\/p>\n\n\n\n<p><br>&#171;B\u00f6y\u00fck d\u00f6vl\u0259tl\u0259rin qon\u015fular\u0131n\u0131n n\u0259 ed\u0259 v\u0259 n\u0259 ed\u0259 bilm\u0259y\u0259c\u0259yin\u0259 n\u0259zar\u0259t ed\u0259 bil\u0259c\u0259yi t\u0259sir sah\u0259l\u0259rini yenid\u0259n m\u00fczakir\u0259 etdiyimiz yeni konfrans ideyas\u0131 bizi geri \u00e7\u0259kilm\u0259y\u0259 m\u0259cbur ed\u0259r v\u0259 bu tamamil\u0259 yanl\u0131\u015f istiqam\u0259tdir&#187; dey\u0259 bildirib.<\/p>\n\n\n\n<p><br>Dig\u0259r t\u0259r\u0259fd\u0259n, NATO Rusiya il\u0259 etimad t\u0259dbirl\u0259rinin, silahlara n\u0259zar\u0259tin, t\u0259liml\u0259rin \u015f\u0259ffafl\u0131\u011f\u0131n\u0131n, g\u0259rginliyin azald\u0131lmas\u0131n\u0131n v\u0259 \u201cm\u00fcnasib\u0259tl\u0259ri yax\u015f\u0131la\u015fd\u0131ra bil\u0259c\u0259k h\u0259r \u015feyin\u201d m\u00fczakir\u0259 edilm\u0259sinin t\u0259r\u0259fdar\u0131d\u0131r.<\/p>\n\n\n\n<p>&#171;Ancaq bunlar bizim fundamental prinsipl\u0259rimizi pozmaq hesab\u0131na olmal\u0131 deyil&#187;, &#8212; Stoltenberq vur\u011fulay\u0131b.<\/p>\n\n\n\n<p><br>NATO-nun ba\u015f katibi deyib ki, Moskva \u201cde-fakto Ukraynan\u0131n Rusiyan\u0131n t\u0259sir dair\u0259sin\u0259 qay\u0131tmas\u0131n\u0131 t\u0259l\u0259b edir\u201d v\u0259 Ukrayna \u0259razisin\u0259 m\u00fcdaxil\u0259 olarsa, \u201cb\u00f6y\u00fck b\u0259d\u0259l\u201d \u00f6d\u0259m\u0259li olacaq.<\/p>\n\n\n\n<p><br>Stoltenberq dekabr\u0131n 16-da bildirib ki, NATO h\u0259rbi alyans\u0131 Rusiyan\u0131n etirazlar\u0131na baxmayaraq, geni\u015fl\u0259nm\u0259 prosesini davam etdirir.<\/p>\n\n\n\n<p>\u201cNATO geni\u015fl\u0259nm\u0259 prosesini davam etdirir. Biz Rusiyan\u0131n etirazlar\u0131na baxmayaraq, art\u0131q Monteneqro v\u0259 \u015eimali Makedoniyan\u0131 s\u0131ralar\u0131m\u0131za q\u0259bul etmi\u015fik\u201d, &#8212; Stoltenberq bildirib.<\/p>\n\n\n\n<p><br>O qeyd edib ki, alyans 2008-ci ilin aprelind\u0259 Buxarestd\u0259 NATO sammitind\u0259 alyans\u0131n Ukrayna v\u0259 G\u00fcrc\u00fcstan\u0131 &#171;n\u0259hay\u0259t q\u0259bul ed\u0259c\u0259yi&#187; v\u0259din\u0259 yenid\u0259n bax\u0131lmas\u0131n\u0131 t\u0259l\u0259b ed\u0259n Rusiyaya g\u00fcz\u0259\u015ft\u0259 getm\u0259y\u0259c\u0259k.<\/p>\n\n\n\n<p><br>Dekabr\u0131n 17-d\u0259 Rusiya Xarici \u0130\u015fl\u0259r Nazirliyi AB\u015e-la m\u00fcqavil\u0259 layih\u0259sini v\u0259 NATO h\u0259rbi alyans\u0131 il\u0259 z\u0259man\u0259tl\u0259r v\u0259 t\u0259hl\u00fck\u0259sizlik haqq\u0131nda sazi\u015fi d\u0259rc edib. X\u00fcsusil\u0259, s\u0259n\u0259dl\u0259r onun \u0259razisind\u0259n k\u0259narda orta v\u0259 daha q\u0131sa m\u0259nzilli yer\u00fcst\u00fc raketl\u0259rin yerl\u0259\u015fdirilm\u0259sind\u0259n imtinan\u0131 v\u0259 NATO h\u0259rbi blokunun \u015f\u0259rq\u0259 do\u011fru geni\u015fl\u0259ndirilm\u0259sind\u0259n imtinan\u0131 n\u0259z\u0259rd\u0259 tutur.<\/p>\n","protected":false},"excerpt":{"rendered":"<p>NATO-nun ba\u015f katibi Yens Stoltenberq Rusiya il\u0259 t\u0259sir dair\u0259l\u0259ri \u00fczr\u0259 dialoq ideyas\u0131n\u0131 r\u0259dd edib. O, \u201cJournal de Dimanche\u201d q\u0259zetin\u0259 m\u00fcsahib\u0259sind\u0259 bel\u0259 bir konfrans\u0131n ke\u00e7irilm\u0259sinin<\/p>\n","protected":false},"author":2,"featured_media":56942,"comment_status":"closed","ping_status":"closed","sticky":false,"template":"","format":"standard","meta":{"footnotes":""},"categories":[1],"tags":[],"class_list":["post-56941","post","type-post","status-publish","format-standard","has-post-thumbnail","hentry","category-siyast"],"aioseo_notices":[],"_links":{"self":[{"href":"https:\/\/fedai.az\/index.php?rest_route=\/wp\/v2\/posts\/56941","targetHints":{"allow":["GET"]}}],"collection":[{"href":"https:\/\/fedai.az\/index.php?rest_route=\/wp\/v2\/posts"}],"about":[{"href":"https:\/\/fedai.az\/index.php?rest_route=\/wp\/v2\/types\/post"}],"author":[{"embeddable":true,"href":"https:\/\/fedai.az\/index.php?rest_route=\/wp\/v2\/users\/2"}],"replies":[{"embeddable":true,"href":"https:\/\/fedai.az\/index.php?rest_route=%2Fwp%2Fv2%2Fcomments&post=56941"}],"version-history":[{"count":1,"href":"https:\/\/fedai.az\/index.php?rest_route=\/wp\/v2\/posts\/56941\/revisions"}],"predecessor-version":[{"id":56943,"href":"https:\/\/fedai.az\/index.php?rest_route=\/wp\/v2\/posts\/56941\/revisions\/56943"}],"wp:featuredmedia":[{"embeddable":true,"href":"https:\/\/fedai.az\/index.php?rest_route=\/wp\/v2\/media\/56942"}],"wp:attachment":[{"href":"https:\/\/fedai.az\/index.php?rest_route=%2Fwp%2Fv2%2Fmedia&parent=56941"}],"wp:term":[{"taxonomy":"category","embeddable":true,"href":"https:\/\/fedai.az\/index.php?rest_route=%2Fwp%2Fv2%2Fcategories&post=56941"},{"taxonomy":"post_tag","embeddable":true,"href":"https:\/\/fedai.az\/index.php?rest_route=%2Fwp%2Fv2%2Ftags&post=56941"}],"curies":[{"name":"wp","href":"https:\/\/api.w.org\/{rel}","templated":true}]}}