{"id":56944,"date":"2021-12-20T01:55:39","date_gmt":"2021-12-19T21:55:39","guid":{"rendered":"https:\/\/fedai.az\/?p=56944"},"modified":"2021-12-20T01:55:42","modified_gmt":"2021-12-19T21:55:42","slug":"kecmis-prezident-pasinyani-uzunqulaq-erm%c9%99nil%c9%99ri-qoyun-adlandirdi","status":"publish","type":"post","link":"https:\/\/fedai.az\/?p=56944","title":{"rendered":"KE\u00c7M\u0130\u015e PREZ\u0130DENT PA\u015e\u0130NYANI &#171;UZUNQULAQ&#187;, ERM\u018fN\u0130L\u018fR\u0130 &#171;QOYUN&#187; ADLANDIRDI"},"content":{"rendered":"\n<p><strong>Erm\u0259nistan\u0131n sabiq Prezidenti Serj Sarqsyan r\u0259hb\u0259rlik etdiyi Respublika\u00e7\u0131lar partiyas\u0131n\u0131n qurultay\u0131nda \u00e7\u0131x\u0131\u015f ed\u0259r\u0259k, bir s\u0131ra qalmaqall\u0131 fikirl\u0259r s\u00f6yl\u0259yib.<\/strong><\/p>\n\n\n\n<p>Erm\u0259nistan m\u0259tbuat\u0131 x\u0259b\u0259r verir ki, sabiq Prezident \u00f6lk\u0259d\u0259 yaranm\u0131\u015f a\u011f\u0131r demoqrafik duruma g\u00f6r\u0259 indiki hakimiyy\u0259ti s\u0259rt t\u0259nqid edib v\u0259 bildirib ki, \u00f6t\u0259n il \u0259rzind\u0259 \u00f6lk\u0259d\u0259 yeni do\u011fulanlarla \u00f6l\u0259nl\u0259rin say\u0131 b\u0259rab\u0259rl\u0259\u015fib. Bu is\u0259 demoqrafik f\u0259lak\u0259t dem\u0259kdir. Bundan \u0259lav\u0259, \u00f6lk\u0259ni bird\u0259f\u0259lik t\u0259rk ed\u0259n erm\u0259nil\u0259rin d\u0259 say\u0131n\u0131n g\u00fcnb\u0259g\u00fcn artd\u0131\u011f\u0131n\u0131 n\u0259z\u0259r\u0259 ald\u0131qda, v\u0259ziyy\u0259tin n\u0259 yerd\u0259 oldu\u011fu ayd\u0131n g\u00f6r\u00fcn\u00fcr. Ancaq erm\u0259ni m\u0259tbuat\u0131nda Sarqsyan\u0131n s\u00f6yl\u0259dikl\u0259ril\u0259 ba\u011fl\u0131 d\u0259rc edil\u0259n \u015f\u0259rhl\u0259rd\u0259 g\u00f6st\u0259rilir ki, he\u00e7 sabiq Prezidentin d\u00f6vr\u00fcnd\u0259 d\u0259 v\u0259ziyy\u0259t indikind\u0259n f\u0259rql\u0259nmirdi v\u0259 Erm\u0259nistan\u0131n bo\u015falmas\u0131 prosesi art\u0131q uzun ill\u0259rdir ki, davam edir.<\/p>\n\n\n\n<p>Qurultaydak\u0131 \u00e7\u0131x\u0131\u015f\u0131nda Sarqsyan hakimiyy\u0259td\u0259 olark\u0259n yol verdiyi s\u0259hvl\u0259r\u0259 d\u0259 toxunub v\u0259 b\u0259zi etiraflar edib:\u00a0<strong>\u201cM\u0259nim \u00f6z g\u00fcnahlar\u0131m\u0131 ba\u015fqalar\u0131n\u0131n \u00fcz\u0259rin\u0259 atmaq h\u0259d\u0259fim yoxdur. M\u0259nim idar\u0259\u00e7iliyim d\u00f6vr\u00fcnd\u0259 \u00e7oxlu probleml\u0259r olub &#8212; \u0259dal\u0259tsizlik, y\u00fcks\u0259k s\u0259viyy\u0259li korrupsiya. Bizim ad\u0131m\u0131zdan istifad\u0259 edib var-d\u00f6vl\u0259t y\u0131\u011fanlara qar\u015f\u0131 kifay\u0259t q\u0259d\u0259r s\u0259rt, xalqla kifay\u0259t q\u0259d\u0259r a\u00e7\u0131q olmam\u0131\u015fam. D\u00f6vl\u0259tin t\u0259hl\u00fck\u0259sizliyi m\u0259s\u0259l\u0259l\u0259ril\u0259 m\u0259\u015f\u011ful oldu\u011fumdan, bir \u00e7ox daxili probleml\u0259r\u0259 \u0259h\u0259miyy\u0259t verm\u0259mi\u015f\u0259m.\u201d<\/strong><\/p>\n\n\n\n<p>Sarqsyan qeyd edib ki, onun partiyas\u0131na xeyli sayda \u201cetibar etm\u0259y\u0259 layiq olmayan\u201d \u015f\u0259xsl\u0259r q\u0259bul olunub v\u0259 hakimiyy\u0259t d\u0259yi\u015f\u0259n kimi, partiyan\u0131 ilk t\u0259rk ed\u0259nl\u0259r d\u0259 onlar olub.<\/p>\n\n\n\n<p>Daha sonra Sarqsyan ad \u00e7\u0259km\u0259s\u0259 d\u0259 \u0259halinin Nikol Pa\u015finyan\u0131 hakimiyy\u0259t\u0259 g\u0259tir\u0259n v\u0259 ona s\u0259s ver\u0259n k\u0259simini, y\u0259ni erm\u0259nil\u0259rin b\u00f6y\u00fck \u0259ks\u0259riyy\u0259tini n\u0259z\u0259rd\u0259 tutaraq, deyib:\u00a0\u201c\u00d6z s\u0259hvl\u0259rinizi m\u0259nim \u00fcst\u00fcm\u0259 yazmay\u0131n. M\u0259n sizi bu avant\u00fcrada i\u015ftirak etm\u0259y\u0259, sonra is\u0259 gedib s\u00fcr\u00fcd\u0259 \u0259n ucadan \u00e7\u0131\u011f\u0131ran uzunqula\u011f\u0131n aln\u0131ndan \u00f6pm\u0259y\u0259 m\u0259cbur etm\u0259mi\u015fdim.\u201d<\/p>\n\n\n\n<p>Sabiq Prezidentin \u201cs\u00fcr\u00fc\u201d dey\u0259rk\u0259n erm\u0259ni toplumunu, \u201cuzunqulaq\u201d dey\u0259rk\u0259n is\u0259 Pa\u015finyan\u0131 n\u0259z\u0259rd\u0259 tutdu\u011fu \u015f\u00fcbh\u0259 do\u011furmur. H\u0259r halda, bu, Erm\u0259nistana uzun m\u00fcdd\u0259t r\u0259hb\u0259rlik etmi\u015f \u015f\u0259xsin fikridir v\u0259 y\u0259qin ki, \u00f6z xalq\u0131n\u0131 Sarqsyan q\u0259d\u0259r tan\u0131yan adam az tap\u0131lar&#8230;<\/p>\n\n\n\n<p>Onu da qeyd ed\u0259k ki, bu, Erm\u0259nistan\u0131n \u0259vv\u0259lki hakimiyy\u0259tini v\u0259 indiki m\u00fcxalif\u0259ti t\u0259msil ed\u0259nl\u0259rin erm\u0259ni xalq\u0131n\u0131 t\u0259hqir etm\u0259sin\u0259 dair ilk v\u0259 yegan\u0259 fakt deyil. G\u00f6r\u00fcn\u00fcr ki, 44 g\u00fcnl\u00fck m\u00fcharib\u0259d\u0259ki ac\u0131 m\u0259\u011flubiyy\u0259t\u0259 v\u0259 \u00f6lk\u0259d\u0259ki a\u011f\u0131r duruma r\u0259\u011fm\u0259n erm\u0259nil\u0259rin he\u00e7 c\u00fcr Ko\u00e7aryan-Sarqsyan d\u00f6n\u0259min\u0259 geri d\u00f6nm\u0259k ist\u0259m\u0259m\u0259si v\u0259 son se\u00e7kid\u0259 yen\u0259 Pa\u015finyana s\u0259s verm\u0259si bu q\u00fcvv\u0259l\u0259ri \u00f6z xalq\u0131n\u0131 t\u0259hqir ed\u0259c\u0259k h\u0259dd\u0259 q\u0259d\u0259r \u00f6z\u00fcnd\u0259n \u00e7\u0131xar\u0131b.<\/p>\n\n\n\n<p>M\u0259nb\u0259: Azpolitika.info<\/p>\n","protected":false},"excerpt":{"rendered":"<p>Erm\u0259nistan\u0131n sabiq Prezidenti Serj Sarqsyan r\u0259hb\u0259rlik etdiyi Respublika\u00e7\u0131lar partiyas\u0131n\u0131n qurultay\u0131nda \u00e7\u0131x\u0131\u015f ed\u0259r\u0259k, bir s\u0131ra qalmaqall\u0131 fikirl\u0259r s\u00f6yl\u0259yib. Erm\u0259nistan m\u0259tbuat\u0131 x\u0259b\u0259r verir ki, sabiq Prezident<\/p>\n","protected":false},"author":2,"featured_media":56945,"comment_status":"closed","ping_status":"closed","sticky":false,"template":"","format":"standard","meta":{"footnotes":""},"categories":[15],"tags":[],"class_list":["post-56944","post","type-post","status-publish","format-standard","has-post-thumbnail","hentry","category-atmaca"],"aioseo_notices":[],"_links":{"self":[{"href":"https:\/\/fedai.az\/index.php?rest_route=\/wp\/v2\/posts\/56944","targetHints":{"allow":["GET"]}}],"collection":[{"href":"https:\/\/fedai.az\/index.php?rest_route=\/wp\/v2\/posts"}],"about":[{"href":"https:\/\/fedai.az\/index.php?rest_route=\/wp\/v2\/types\/post"}],"author":[{"embeddable":true,"href":"https:\/\/fedai.az\/index.php?rest_route=\/wp\/v2\/users\/2"}],"replies":[{"embeddable":true,"href":"https:\/\/fedai.az\/index.php?rest_route=%2Fwp%2Fv2%2Fcomments&post=56944"}],"version-history":[{"count":1,"href":"https:\/\/fedai.az\/index.php?rest_route=\/wp\/v2\/posts\/56944\/revisions"}],"predecessor-version":[{"id":56946,"href":"https:\/\/fedai.az\/index.php?rest_route=\/wp\/v2\/posts\/56944\/revisions\/56946"}],"wp:featuredmedia":[{"embeddable":true,"href":"https:\/\/fedai.az\/index.php?rest_route=\/wp\/v2\/media\/56945"}],"wp:attachment":[{"href":"https:\/\/fedai.az\/index.php?rest_route=%2Fwp%2Fv2%2Fmedia&parent=56944"}],"wp:term":[{"taxonomy":"category","embeddable":true,"href":"https:\/\/fedai.az\/index.php?rest_route=%2Fwp%2Fv2%2Fcategories&post=56944"},{"taxonomy":"post_tag","embeddable":true,"href":"https:\/\/fedai.az\/index.php?rest_route=%2Fwp%2Fv2%2Ftags&post=56944"}],"curies":[{"name":"wp","href":"https:\/\/api.w.org\/{rel}","templated":true}]}}