{"id":56964,"date":"2021-12-20T12:23:09","date_gmt":"2021-12-20T08:23:09","guid":{"rendered":"https:\/\/fedai.az\/?p=56964"},"modified":"2021-12-20T21:28:56","modified_gmt":"2021-12-20T17:28:56","slug":"abbas-huseynlinin-v%c9%99fatindan-1-il-otdu","status":"publish","type":"post","link":"https:\/\/fedai.az\/?p=56964","title":{"rendered":"Abbas H\u00fcseynlinin v\u0259fat\u0131ndan 1 il \u00f6td\u00fc"},"content":{"rendered":"\n<p><strong>Az\u0259rbaycan V\u0259t\u0259n M\u00fcharib\u0259si Veteranlar\u0131 \u0130ctimai Birliyi (AVMV\u0130B) r\u0259hb\u0259rliyi v\u0259 &#171;Turan ell\u0259ri&#187; Qrupu Az\u0259rbaycan V\u0259t\u0259n M\u00fcharib\u0259si Veteranlar\u0131 \u0130ctimai Birliyi (AVMV\u0130B) s\u0259drinin h\u00fcquqi m\u0259s\u0259l\u0259l\u0259r \u00fczr\u0259 m\u00fcavini Abbas H\u00fcseynlinin il m\u0259rasimind\u0259 i\u015ftirak edibl\u0259r.<\/strong><\/p>\n\n\n\n<p><br>Abbas H\u00fcseynlini COV\u0130D 19 virusu vaxts\u0131z s\u0131ralar\u0131m\u0131zdan ay\u0131rd\u0131. O, A\u011fd\u0259r\u0259 v\u0259 A\u011fdam rayonlar\u0131 u\u011frunda d\u00f6y\u00fc\u015fl\u0259rd\u0259 i\u015ftirak edib. A\u011fd\u0259r\u0259 rayonunda sah\u0259 m\u00fcv\u0259kkili kimi f\u0259aliyyt\u0259 ba\u015flayaraq yerli \u0259halinin m\u00fcdafi\u0259sind\u0259 misilsiz xidm\u0259tl\u0259ri olub. At\u0259\u015fk\u0259s d\u00f6vr\u00fcnd\u0259 Bak\u0131 \u015f\u0259h\u0259rinin m\u00fcxt\u0259lif rayonlar\u0131nda polis \u015f\u00f6b\u0259l\u0259rind\u0259 i\u015fl\u0259yib.<\/p>\n\n\n\n<figure class=\"wp-block-gallery columns-2 is-cropped wp-block-gallery-1 is-layout-flex wp-block-gallery-is-layout-flex\"><ul class=\"blocks-gallery-grid\"><li class=\"blocks-gallery-item\"><figure><img loading=\"lazy\" decoding=\"async\" width=\"526\" height=\"701\" src=\"https:\/\/fedai.az\/wp-content\/uploads\/2021\/12\/269293544_135068902268489_7954945418531366569_n.jpg\" alt=\"\" data-id=\"56966\" data-full-url=\"https:\/\/fedai.az\/wp-content\/uploads\/2021\/12\/269293544_135068902268489_7954945418531366569_n.jpg\" data-link=\"https:\/\/fedai.az\/?attachment_id=56966\" class=\"wp-image-56966\" srcset=\"https:\/\/fedai.az\/wp-content\/uploads\/2021\/12\/269293544_135068902268489_7954945418531366569_n.jpg 526w, https:\/\/fedai.az\/wp-content\/uploads\/2021\/12\/269293544_135068902268489_7954945418531366569_n-225x300.jpg 225w, https:\/\/fedai.az\/wp-content\/uploads\/2021\/12\/269293544_135068902268489_7954945418531366569_n-113x150.jpg 113w\" sizes=\"auto, (max-width: 526px) 100vw, 526px\" \/><\/figure><\/li><li class=\"blocks-gallery-item\"><figure><img loading=\"lazy\" decoding=\"async\" width=\"526\" height=\"701\" src=\"https:\/\/fedai.az\/wp-content\/uploads\/2021\/12\/269290556_135068925601820_3235805302761581026_n.jpg\" alt=\"\" data-id=\"56965\" data-link=\"https:\/\/fedai.az\/?attachment_id=56965\" class=\"wp-image-56965\" srcset=\"https:\/\/fedai.az\/wp-content\/uploads\/2021\/12\/269290556_135068925601820_3235805302761581026_n.jpg 526w, https:\/\/fedai.az\/wp-content\/uploads\/2021\/12\/269290556_135068925601820_3235805302761581026_n-225x300.jpg 225w, https:\/\/fedai.az\/wp-content\/uploads\/2021\/12\/269290556_135068925601820_3235805302761581026_n-113x150.jpg 113w\" sizes=\"auto, (max-width: 526px) 100vw, 526px\" \/><\/figure><\/li><\/ul><\/figure>\n\n\n\n<p><br>Az\u0259rbaycan V\u0259t\u0259n M\u00fcharib\u0259si Veteranlar\u0131 \u0130ctimai Birliyi (AVMV\u0130B) \u00fczvl\u0259rin\u0259 h\u00fcquqi yard\u0131mlar ed\u0259r\u0259k, &#171;Veteranlar haqq\u0131nda&#187; Qanun lahiy\u0259ni i\u015fl\u0259yib haz\u0131rlam\u0131\u015fd\u0131.<\/p>\n\n\n\n<p><br>Abbas H\u00fcseynli bir Turan sevdal\u0131s\u0131yd\u0131. Onun bu sah\u0259d\u0259 ciddi ara\u015fd\u0131rmalar\u0131 v\u0259 arzular\u0131 vard\u0131. Bu yolda at\u0131lan h\u0259r bir add\u0131m\u0131 t\u0259qdir edir v\u0259 d\u0259y\u0259rl\u0259ndirm\u0259y\u0259 \u00e7al\u0131\u015fard\u0131. \u018fn b\u00f6y\u00fck ideal\u0131 t\u00fcrk xalqlar\u0131n\u0131n yenid\u0259n bir araya g\u0259tirilm\u0259si, m\u0259d\u0259ni \u0259laq\u0259l\u0259rin, iqtisadi v\u0259 siyasi birliyin qurulmas\u0131 idi.<\/p>\n\n\n\n<figure class=\"wp-block-image size-large is-resized\"><img loading=\"lazy\" decoding=\"async\" src=\"https:\/\/fedai.az\/wp-content\/uploads\/2021\/12\/269339752_135068765601836_6129760099434321064_n.jpg\" alt=\"\" class=\"wp-image-56967\" width=\"916\" height=\"687\" srcset=\"https:\/\/fedai.az\/wp-content\/uploads\/2021\/12\/269339752_135068765601836_6129760099434321064_n.jpg 720w, https:\/\/fedai.az\/wp-content\/uploads\/2021\/12\/269339752_135068765601836_6129760099434321064_n-300x225.jpg 300w, https:\/\/fedai.az\/wp-content\/uploads\/2021\/12\/269339752_135068765601836_6129760099434321064_n-150x113.jpg 150w\" sizes=\"auto, (max-width: 916px) 100vw, 916px\" \/><\/figure>\n\n\n\n<p>Abbas H\u00fcseynlinin il m\u0259rasimind\u0259 Az\u0259rbaycan V\u0259t\u0259n M\u00fcharib\u0259si Veteranlar\u0131 \u0130ctimai Birliyinin (AVMV\u0130B) s\u0259dri F\u00fczuli Rzaquliyev, s\u0259dr m\u00fcavinl\u0259ri Vahid Abdur\u0259hmanov, \u0130slam S\u0259f\u0259rov, NTK s\u0259dri Niyazi Quliyev, AVMV\u0130B s\u0259drinin s\u0259lahiyy\u0259tli n\u00fcmay\u0259nd\u0259si Z\u0259k\u0259riyya R\u0259himov, M\u00fcharib\u0259 Veteran\u0131 Qad\u0131nlarina Sosial Yard\u0131m \u0130ctimai Birliyinin s\u0259dri Rada Abbas, &#171;Turan Ell\u0259ri&#187; Qrupunun \u00fczvl\u0259ri \u0130mran B\u0259dirxanl\u0131, Etibar \u018fhm\u0259dli, Sarvan Abbasov v\u0259 m\u0259rhumun yax\u0131nlar\u0131 i\u015ftirak edibl\u0259r.<\/p>\n\n\n\n<figure class=\"wp-block-gallery columns-2 is-cropped wp-block-gallery-2 is-layout-flex wp-block-gallery-is-layout-flex\"><ul class=\"blocks-gallery-grid\"><li class=\"blocks-gallery-item\"><figure><img loading=\"lazy\" decoding=\"async\" width=\"526\" height=\"701\" src=\"https:\/\/fedai.az\/wp-content\/uploads\/2021\/12\/269265420_135068575601855_7246953863862784017_n.jpg\" alt=\"\" data-id=\"56968\" data-link=\"https:\/\/fedai.az\/?attachment_id=56968\" class=\"wp-image-56968\" srcset=\"https:\/\/fedai.az\/wp-content\/uploads\/2021\/12\/269265420_135068575601855_7246953863862784017_n.jpg 526w, https:\/\/fedai.az\/wp-content\/uploads\/2021\/12\/269265420_135068575601855_7246953863862784017_n-225x300.jpg 225w, https:\/\/fedai.az\/wp-content\/uploads\/2021\/12\/269265420_135068575601855_7246953863862784017_n-113x150.jpg 113w\" sizes=\"auto, (max-width: 526px) 100vw, 526px\" \/><\/figure><\/li><li class=\"blocks-gallery-item\"><figure><img loading=\"lazy\" decoding=\"async\" width=\"526\" height=\"701\" src=\"https:\/\/fedai.az\/wp-content\/uploads\/2021\/12\/269106332_135068622268517_130911629592490602_n.jpg\" alt=\"\" data-id=\"56969\" data-full-url=\"https:\/\/fedai.az\/wp-content\/uploads\/2021\/12\/269106332_135068622268517_130911629592490602_n.jpg\" data-link=\"https:\/\/fedai.az\/?attachment_id=56969\" class=\"wp-image-56969\" srcset=\"https:\/\/fedai.az\/wp-content\/uploads\/2021\/12\/269106332_135068622268517_130911629592490602_n.jpg 526w, https:\/\/fedai.az\/wp-content\/uploads\/2021\/12\/269106332_135068622268517_130911629592490602_n-225x300.jpg 225w, https:\/\/fedai.az\/wp-content\/uploads\/2021\/12\/269106332_135068622268517_130911629592490602_n-113x150.jpg 113w\" sizes=\"auto, (max-width: 526px) 100vw, 526px\" \/><\/figure><\/li><\/ul><\/figure>\n\n\n\n<p><br><strong>Az\u0259rbaycan V\u0259t\u0259n M\u00fcharib\u0259si Veteranlar\u0131 \u0130ctimai Birliyinin (AVMV\u0130B)<\/strong> <strong>s\u0259dri F\u00fczuli Rzaquliyev<\/strong> m\u0259rhuma Allahdan r\u0259hm\u0259t dil\u0259di. AVMV\u0130B s\u0259drinin m\u00fcavini \u0130slam S\u0259f\u0259rov Birlik ad\u0131ndan Abbas H\u00fcseynlinin ke\u00e7diyi \u015f\u0259r\u0259fli d\u00f6y\u00fc\u015f yolundan, ictimai f\u0259aliyy\u0259td\u0259n s\u00f6z a\u00e7d\u0131. Onun ad\u0131n\u0131n h\u0259mi\u015f\u0259 q\u0259lbimizd\u0259 ya\u015fayaca\u011f\u0131n\u0131 qeyd el\u0259di.<\/p>\n\n\n\n<p>M\u0259rhumun m\u0259zar\u0131 ba\u015f\u0131nda dualar oxundu v\u0259 g\u00fcll\u0259r qoyuldu.<\/p>\n\n\n\n<p><strong>Sonda &#171;Turan Ell\u0259ri&#187; Qrupu v\u0259 Az\u0259rbaycan V\u0259t\u0259n M\u00fcharib\u0259si Veteranlar\u0131 \u0130ctimai Birliyinin (AVMV\u0130B)<\/strong> <strong>birg\u0259 n\u0259\u015fr etdirdiyi Abbas H\u00fcseynlinin<\/strong> \u00ab<strong>\u00d6m\u00fcr dediyimiz bir g\u00f6z q\u0131rp\u0131m\u0131<\/strong>\u00bb&nbsp;<strong>adl\u0131 kitab\u0131 ail\u0259sin\u0259 t\u0259qdim edilib. Kaitab haqq\u0131nda kitab\u0131n redaktoru \u0130mran B\u0259dirxanl\u0131 dan\u0131\u015fd\u0131 v\u0259 m\u0259rhumun q\u0259l\u0259mind\u0259n \u00e7\u0131xan avtobioqrafiq \u0259s\u0259r haqq\u0131nda mlumat verdi.<\/strong>&nbsp;<\/p>\n\n\n\n<p><br><strong>Allah r\u0259hm\u0259t el\u0259sin!<\/strong><\/p>\n\n\n\n<p><strong>X. \u018fd\u0259bo\u011flu<br>AVMV\u0130B M\u0259tbuat Xidm\u0259tinin r\u0259hb\u0259ri<\/strong><\/p>\n\n\n\n<figure class=\"wp-block-image size-large is-resized\"><img loading=\"lazy\" decoding=\"async\" src=\"https:\/\/fedai.az\/wp-content\/uploads\/2021\/12\/269156746_135068885601824_7563403747540865777_n.jpg\" alt=\"\" class=\"wp-image-56970\" width=\"916\" height=\"687\" srcset=\"https:\/\/fedai.az\/wp-content\/uploads\/2021\/12\/269156746_135068885601824_7563403747540865777_n.jpg 720w, https:\/\/fedai.az\/wp-content\/uploads\/2021\/12\/269156746_135068885601824_7563403747540865777_n-300x225.jpg 300w, https:\/\/fedai.az\/wp-content\/uploads\/2021\/12\/269156746_135068885601824_7563403747540865777_n-150x113.jpg 150w\" sizes=\"auto, (max-width: 916px) 100vw, 916px\" \/><\/figure>\n","protected":false},"excerpt":{"rendered":"<p>Az\u0259rbaycan V\u0259t\u0259n M\u00fcharib\u0259si Veteranlar\u0131 \u0130ctimai Birliyi (AVMV\u0130B) r\u0259hb\u0259rliyi v\u0259 &#171;Turan ell\u0259ri&#187; Qrupu Az\u0259rbaycan V\u0259t\u0259n M\u00fcharib\u0259si Veteranlar\u0131 \u0130ctimai Birliyi (AVMV\u0130B) s\u0259drinin h\u00fcquqi m\u0259s\u0259l\u0259l\u0259r \u00fczr\u0259 m\u00fcavini<\/p>\n","protected":false},"author":2,"featured_media":56971,"comment_status":"closed","ping_status":"closed","sticky":false,"template":"","format":"standard","meta":{"footnotes":""},"categories":[5],"tags":[],"class_list":["post-56964","post","type-post","status-publish","format-standard","has-post-thumbnail","hentry","category-veteran"],"aioseo_notices":[],"_links":{"self":[{"href":"https:\/\/fedai.az\/index.php?rest_route=\/wp\/v2\/posts\/56964","targetHints":{"allow":["GET"]}}],"collection":[{"href":"https:\/\/fedai.az\/index.php?rest_route=\/wp\/v2\/posts"}],"about":[{"href":"https:\/\/fedai.az\/index.php?rest_route=\/wp\/v2\/types\/post"}],"author":[{"embeddable":true,"href":"https:\/\/fedai.az\/index.php?rest_route=\/wp\/v2\/users\/2"}],"replies":[{"embeddable":true,"href":"https:\/\/fedai.az\/index.php?rest_route=%2Fwp%2Fv2%2Fcomments&post=56964"}],"version-history":[{"count":4,"href":"https:\/\/fedai.az\/index.php?rest_route=\/wp\/v2\/posts\/56964\/revisions"}],"predecessor-version":[{"id":56985,"href":"https:\/\/fedai.az\/index.php?rest_route=\/wp\/v2\/posts\/56964\/revisions\/56985"}],"wp:featuredmedia":[{"embeddable":true,"href":"https:\/\/fedai.az\/index.php?rest_route=\/wp\/v2\/media\/56971"}],"wp:attachment":[{"href":"https:\/\/fedai.az\/index.php?rest_route=%2Fwp%2Fv2%2Fmedia&parent=56964"}],"wp:term":[{"taxonomy":"category","embeddable":true,"href":"https:\/\/fedai.az\/index.php?rest_route=%2Fwp%2Fv2%2Fcategories&post=56964"},{"taxonomy":"post_tag","embeddable":true,"href":"https:\/\/fedai.az\/index.php?rest_route=%2Fwp%2Fv2%2Ftags&post=56964"}],"curies":[{"name":"wp","href":"https:\/\/api.w.org\/{rel}","templated":true}]}}