{"id":56990,"date":"2021-12-21T00:13:48","date_gmt":"2021-12-20T20:13:48","guid":{"rendered":"https:\/\/fedai.az\/?p=56990"},"modified":"2021-12-21T00:14:18","modified_gmt":"2021-12-20T20:14:18","slug":"qazi-deputat-kom%c9%99kcisi-t%c9%99yin-edildi","status":"publish","type":"post","link":"https:\/\/fedai.az\/?p=56990","title":{"rendered":"Qazi deputat k\u00f6m\u0259k\u00e7isi t\u0259yin edildi"},"content":{"rendered":"\n<p><strong>V\u0259t\u0259n m\u00fcharib\u0259si qazisi Milli M\u0259clisin deputat\u0131 Ayd\u0131n Mirz\u0259zad\u0259y\u0259 k\u00f6m\u0259k\u00e7i t\u0259yin edilib.<\/strong><\/p>\n\n\n\n<p><br>Bu bar\u0259d\u0259 Ayd\u0131n Mirz\u0259zad\u0259 \u00f6z\u00fcn\u00fcn &#171;Facebook\u201d hesab\u0131nda m\u0259lumat yay\u0131b.<\/p>\n\n\n\n<p><br>&#171;M\u0259nim t\u0259klifiml\u0259 bu v\u0259zif\u0259y\u0259 Ming\u0259\u00e7evir sakini M\u0259mm\u0259dov P\u0259rvin H\u0259zi o\u011flu t\u0259yin edildi.<\/p>\n\n\n\n<figure class=\"wp-block-image size-large is-resized\"><img loading=\"lazy\" decoding=\"async\" src=\"https:\/\/fedai.az\/wp-content\/uploads\/2021\/12\/1640002899_qazi-1.jpg\" alt=\"\" class=\"wp-image-56991\" width=\"419\" height=\"670\" srcset=\"https:\/\/fedai.az\/wp-content\/uploads\/2021\/12\/1640002899_qazi-1.jpg 369w, https:\/\/fedai.az\/wp-content\/uploads\/2021\/12\/1640002899_qazi-1-188x300.jpg 188w, https:\/\/fedai.az\/wp-content\/uploads\/2021\/12\/1640002899_qazi-1-94x150.jpg 94w\" sizes=\"auto, (max-width: 419px) 100vw, 419px\" \/><\/figure>\n\n\n\n<p><br>Bununla ba\u011fl\u0131 Az\u0259rbaycan Respublikas\u0131 Milli M\u0259clisinin Aparat\u0131 \u00fczr\u0259 \u0259mr imzalan\u0131b\u201d, &#8212; dey\u0259 Ayd\u0131n Mirz\u0259zad\u0259 \u0259lav\u0259 edib.<\/p>\n\n\n\n<p><br>P\u0259rvin M\u0259mm\u0259dov 1980-ci ild\u0259 anadan olub, pe\u015f\u0259kar h\u0259rb\u00e7idir. Bak\u0131 Ali H\u0259rbi M\u0259kt\u0259bini bitirib. 20 ild\u0259n \u00e7ox ordu s\u0131ralar\u0131nda xidm\u0259t edib. V\u0259t\u0259n m\u00fcharib\u0259sind\u0259 tabor komandirinin m\u00fcavini kimi i\u015ftirak edib. Xocav\u0259nd d\u00f6y\u00fc\u015fl\u0259rind\u0259 a\u011f\u0131r yaralan\u0131b, sa\u011f qolundan ciddi z\u0259d\u0259 al\u0131b. Haz\u0131rda ehtiyatdad\u0131r.<\/p>\n\n\n\n<p><br>O, bir s\u0131ra medalla t\u0259ltif edilib.<\/p>\n","protected":false},"excerpt":{"rendered":"<p>V\u0259t\u0259n m\u00fcharib\u0259si qazisi Milli M\u0259clisin deputat\u0131 Ayd\u0131n Mirz\u0259zad\u0259y\u0259 k\u00f6m\u0259k\u00e7i t\u0259yin edilib. Bu bar\u0259d\u0259 Ayd\u0131n Mirz\u0259zad\u0259 \u00f6z\u00fcn\u00fcn &#171;Facebook\u201d hesab\u0131nda m\u0259lumat yay\u0131b. &#171;M\u0259nim t\u0259klifiml\u0259 bu v\u0259zif\u0259y\u0259<\/p>\n","protected":false},"author":2,"featured_media":56992,"comment_status":"closed","ping_status":"closed","sticky":false,"template":"","format":"standard","meta":{"footnotes":""},"categories":[5],"tags":[],"class_list":["post-56990","post","type-post","status-publish","format-standard","has-post-thumbnail","hentry","category-veteran"],"aioseo_notices":[],"_links":{"self":[{"href":"https:\/\/fedai.az\/index.php?rest_route=\/wp\/v2\/posts\/56990","targetHints":{"allow":["GET"]}}],"collection":[{"href":"https:\/\/fedai.az\/index.php?rest_route=\/wp\/v2\/posts"}],"about":[{"href":"https:\/\/fedai.az\/index.php?rest_route=\/wp\/v2\/types\/post"}],"author":[{"embeddable":true,"href":"https:\/\/fedai.az\/index.php?rest_route=\/wp\/v2\/users\/2"}],"replies":[{"embeddable":true,"href":"https:\/\/fedai.az\/index.php?rest_route=%2Fwp%2Fv2%2Fcomments&post=56990"}],"version-history":[{"count":1,"href":"https:\/\/fedai.az\/index.php?rest_route=\/wp\/v2\/posts\/56990\/revisions"}],"predecessor-version":[{"id":56993,"href":"https:\/\/fedai.az\/index.php?rest_route=\/wp\/v2\/posts\/56990\/revisions\/56993"}],"wp:featuredmedia":[{"embeddable":true,"href":"https:\/\/fedai.az\/index.php?rest_route=\/wp\/v2\/media\/56992"}],"wp:attachment":[{"href":"https:\/\/fedai.az\/index.php?rest_route=%2Fwp%2Fv2%2Fmedia&parent=56990"}],"wp:term":[{"taxonomy":"category","embeddable":true,"href":"https:\/\/fedai.az\/index.php?rest_route=%2Fwp%2Fv2%2Fcategories&post=56990"},{"taxonomy":"post_tag","embeddable":true,"href":"https:\/\/fedai.az\/index.php?rest_route=%2Fwp%2Fv2%2Ftags&post=56990"}],"curies":[{"name":"wp","href":"https:\/\/api.w.org\/{rel}","templated":true}]}}