{"id":56997,"date":"2021-12-21T00:24:12","date_gmt":"2021-12-20T20:24:12","guid":{"rendered":"https:\/\/fedai.az\/?p=56997"},"modified":"2021-12-21T00:24:43","modified_gmt":"2021-12-20T20:24:43","slug":"%c9%99rdogandan-lir%c9%99nin-m%c9%99z%c9%99nn%c9%99si-il%c9%99-bagli-aciqlama","status":"publish","type":"post","link":"https:\/\/fedai.az\/?p=56997","title":{"rendered":"\u018frdo\u011fandan lir\u0259nin m\u0259z\u0259nn\u0259si il\u0259 ba\u011fl\u0131 A\u00c7IQLAMA"},"content":{"rendered":"\n<p>\u201cBiz m\u0259z\u0259nn\u0259ni sabitl\u0259\u015fdir\u0259c\u0259yik. \u018fziz mill\u0259tim, biz sizi sevirik, siz\u0259 inan\u0131r\u0131q. 19 il T\u00fcrkiy\u0259nin haradan haraya g\u0259ldiyini siz \u00e7ox yax\u015f\u0131 bilirsiniz, bilirik\u201d.<\/p>\n\n\n\n<p>Bunu T\u00fcrkiy\u0259 Prezidenti R\u0259c\u0259b Tayyib \u018frdo\u011fan\u00a0 Nazirl\u0259r Kabinetinin iclas\u0131ndan sonra ke\u00e7irdiyi m\u0259tbuat konfrans\u0131nda deyib.<\/p>\n\n\n\n<p>O \u0259lav\u0259 edib ki, d\u00fcnyada pul bollu\u011fu x\u0259rcl\u0259ri v\u0259 n\u0259tic\u0259d\u0259 qiym\u0259tl\u0259ri art\u0131rd\u0131:<\/p>\n\n\n\n<p>\u201cBizim iqtisadiyyatda \u201cD\u00fcnya 5-d\u0259n b\u00f6y\u00fckd\u00fcr\u201d dem\u0259yimizin s\u0259b\u0259bi d\u0259 \u00f6zl\u0259rini b\u00f6y\u00fck kimi q\u0259l\u0259m\u0259 ver\u0259n \u00f6lk\u0259l\u0259rin olmas\u0131d\u0131r. Bu oyuna g\u0259lm\u0259y\u0259c\u0259yimizi deyirik. Buna g\u00f6r\u0259 investisiya, m\u0259\u015f\u011fulluq v\u0259 ixracat deyirik. Bu \u00f6lk\u0259 daha idxal c\u0259nn\u0259ti olmayacaq, bu \u00f6lk\u0259 \u00f6z al\u0131n t\u0259ri il\u0259 ba\u015fqalar\u0131n\u0131n rifah\u0131n\u0131 maliyy\u0259l\u0259\u015fdir\u0259n \u00f6lk\u0259 olmayacaq.<\/p>\n\n\n\n<p>Biz v\u0259zif\u0259y\u0259 ba\u015flayanda BVF-y\u0259 23,5 milyard dollar borcumuz var idi. Haz\u0131rda BVF-y\u0259 borcumuz yoxdur. Kamal b\u0259y, (CHP lideri Kamal K\u0131l\u0131\u00e7daro\u011flu \u2013 red.) biz bu borc y\u00fck\u00fcn\u00fc haradan ald\u0131q? Sizd\u0259n ald\u0131q\u201d.<\/p>\n\n\n\n<p>M\u0259nb\u0259: Konkret.az<\/p>\n","protected":false},"excerpt":{"rendered":"<p>\u201cBiz m\u0259z\u0259nn\u0259ni sabitl\u0259\u015fdir\u0259c\u0259yik. \u018fziz mill\u0259tim, biz sizi sevirik, siz\u0259 inan\u0131r\u0131q. 19 il T\u00fcrkiy\u0259nin haradan haraya g\u0259ldiyini siz \u00e7ox yax\u015f\u0131 bilirsiniz, bilirik\u201d. Bunu T\u00fcrkiy\u0259 Prezidenti<\/p>\n","protected":false},"author":2,"featured_media":56998,"comment_status":"closed","ping_status":"closed","sticky":false,"template":"","format":"standard","meta":{"footnotes":""},"categories":[3],"tags":[],"class_list":["post-56997","post","type-post","status-publish","format-standard","has-post-thumbnail","hentry","category-gundm"],"aioseo_notices":[],"_links":{"self":[{"href":"https:\/\/fedai.az\/index.php?rest_route=\/wp\/v2\/posts\/56997","targetHints":{"allow":["GET"]}}],"collection":[{"href":"https:\/\/fedai.az\/index.php?rest_route=\/wp\/v2\/posts"}],"about":[{"href":"https:\/\/fedai.az\/index.php?rest_route=\/wp\/v2\/types\/post"}],"author":[{"embeddable":true,"href":"https:\/\/fedai.az\/index.php?rest_route=\/wp\/v2\/users\/2"}],"replies":[{"embeddable":true,"href":"https:\/\/fedai.az\/index.php?rest_route=%2Fwp%2Fv2%2Fcomments&post=56997"}],"version-history":[{"count":1,"href":"https:\/\/fedai.az\/index.php?rest_route=\/wp\/v2\/posts\/56997\/revisions"}],"predecessor-version":[{"id":56999,"href":"https:\/\/fedai.az\/index.php?rest_route=\/wp\/v2\/posts\/56997\/revisions\/56999"}],"wp:featuredmedia":[{"embeddable":true,"href":"https:\/\/fedai.az\/index.php?rest_route=\/wp\/v2\/media\/56998"}],"wp:attachment":[{"href":"https:\/\/fedai.az\/index.php?rest_route=%2Fwp%2Fv2%2Fmedia&parent=56997"}],"wp:term":[{"taxonomy":"category","embeddable":true,"href":"https:\/\/fedai.az\/index.php?rest_route=%2Fwp%2Fv2%2Fcategories&post=56997"},{"taxonomy":"post_tag","embeddable":true,"href":"https:\/\/fedai.az\/index.php?rest_route=%2Fwp%2Fv2%2Ftags&post=56997"}],"curies":[{"name":"wp","href":"https:\/\/api.w.org\/{rel}","templated":true}]}}