{"id":57003,"date":"2021-12-21T00:38:26","date_gmt":"2021-12-20T20:38:26","guid":{"rendered":"https:\/\/fedai.az\/?p=57003"},"modified":"2021-12-21T00:38:29","modified_gmt":"2021-12-20T20:38:29","slug":"rusiya-qarabagda-yaratdigi-qondarma-rus-icmasina-pasport-paylayacaq-t%c9%99hluk%c9%99li-ssenari-il%c9%99-bagli-aciqlama","status":"publish","type":"post","link":"https:\/\/fedai.az\/?p=57003","title":{"rendered":"\u201cRusiya Qaraba\u011fda yaratd\u0131\u011f\u0131 qondarma &#171;rus icmas\u0131&#187;na pasport paylayacaq\u201d \u2013 T\u0259hl\u00fck\u0259li ssenari il\u0259 ba\u011fl\u0131 a\u00e7\u0131qlama"},"content":{"rendered":"\n<p><strong>&#171;Rusiya\u00a0 h\u0259rbi karvan\u0131\u00a0 La\u00e7\u0131n d\u0259hlizind\u0259n ke\u00e7m\u0259kl\u0259, Qaraba\u011fda etnik erm\u0259nil\u0259r\u0259 n\u00f6vb\u0259ti d\u0259f\u0259 &#171;humanitar&#187; yard\u0131m g\u0259tirib. O, bu yard\u0131mlar\u0131 Ukraynan\u0131n Donbas b\u00f6lg\u0259sin\u0259 d\u0259 edir. N\u0259d\u0259ns\u0259, h\u0259min yard\u0131mlar\u0131n \u0259rzaq deyil, silah v\u0259 sursatlardan ibar\u0259t oldu\u011fu sonradan m\u0259lum olur\u201d.<\/strong><\/p>\n\n\n\n<p><br>Bunu politoloq M\u0259h\u0259mm\u0259d \u018fs\u0259dullazad\u0259 deyib.\u00a0<\/p>\n\n\n\n<p><strong>Politoloqun s\u00f6zl\u0259rin\u0259 g\u00f6r\u0259, n\u0259 q\u0259d\u0259r ki, La\u00e7\u0131n d\u0259hlizind\u0259 n\u0259zar\u0259timiz yoxdur, Rusiya silahl\u0131 erm\u0259ni birl\u0259\u015fm\u0259l\u0259rinin \u0259li il\u0259 Az\u0259rbaycan \u00fc\u00e7\u00fcn ba\u015fa\u011fr\u0131 yaradacaq:<\/strong><\/p>\n\n\n\n<p>\u00a0&#171;Art\u0131q Rusiya Xocal\u0131da xeyli zirehli texnika yerl\u0259\u015fdirib. Prezident \u0130lham \u018fliyevin Br\u00fcsseld\u0259 &#171;La\u00e7\u0131n d\u0259hlizind\u0259 post qoyulmal\u0131d\u0131r\u201d\u00a0 mesaj\u0131\u00a0 t\u0259kc\u0259 Z\u0259ng\u0259zur d\u0259hlizi il\u0259 ba\u011fl\u0131\u00a0deyildi.\u00a0 Bu h\u0259m d\u0259 Rusiyan\u0131n Qaraba\u011fda erm\u0259ni separt\u00e7\u0131lar\u0131n\u0131n silahland\u0131r\u0131lmas\u0131n\u0131n qar\u015f\u0131s\u0131n\u0131 almaqd\u0131r.\u00a0 Dig\u0259r t\u0259r\u0259fd\u0259n Rusiya bir m\u00fcdd\u0259td\u0259n sonra Qaraba\u011fda yaratd\u0131\u011f\u0131 qondarma &#171;rus icmas\u0131na&#187; pasport paylayacaq v\u0259 bu da Az\u0259rbaycan \u00fc\u00e7\u00fcn ciddi problem\u0259 \u00e7evril\u0259 bil\u0259r\u201d.<br><strong>M.\u018fs\u0259dullazad\u0259 qeyd edib ki, Qaraba\u011fda silahl\u0131 erm\u0259nil\u0259rin f\u0259aliyy\u0259tinin qar\u015f\u0131s\u0131n\u0131 almaq \u00fc\u00e7\u00fcn g\u0259l\u0259n ild\u0259n La\u00e7\u0131n d\u0259hlizind\u0259 post qoymal\u0131d\u0131r:<\/strong><br><br>&#171;T\u0259bii ki, Rusiyan\u0131n buna reaksiyas\u0131 m\u0259nfi olacaq. Amma bu \u00f6lk\u0259 haz\u0131rk\u0131 silahl\u0131 erm\u0259ni birl\u0259\u015fm\u0259l\u0259rind\u0259n Az\u0259rbaycan v\u0259 Erm\u0259nistan \u0259laq\u0259l\u0259rinin normalla\u015fmamas\u0131 v\u0259 geosiyasi maraqlar\u0131na uy\u011fun davam etm\u0259si \u00fc\u00e7\u00fcn istifad\u0259 ed\u0259c\u0259k. Ona g\u00f6r\u0259 d\u0259 Az\u0259rbaycan Rusiyan\u0131n reaksiyalar\u0131na r\u0259\u011fm\u0259n, La\u00e7\u0131n d\u0259hlizind\u0259 postun qoyulmas\u0131 istiqam\u0259tind\u0259 add\u0131m atmal\u0131 ya da silahl\u0131 erm\u0259ni birl\u0259\u015fm\u0259l\u0259rinin \u00e7\u0131xar\u0131lmas\u0131 il\u0259 \u0259laq\u0259li Moskva qar\u015f\u0131s\u0131nda t\u0259l\u0259b qoymal\u0131d\u0131r\u201d.<\/p>\n\n\n\n<p><br>\u00a0<strong>G\u00fcnay R\u0259sulq\u0131z\u0131<\/strong><\/p>\n\n\n\n<p>M\u0259nb\u0259: Sfera.az<\/p>\n","protected":false},"excerpt":{"rendered":"<p>&#171;Rusiya\u00a0 h\u0259rbi karvan\u0131\u00a0 La\u00e7\u0131n d\u0259hlizind\u0259n ke\u00e7m\u0259kl\u0259, Qaraba\u011fda etnik erm\u0259nil\u0259r\u0259 n\u00f6vb\u0259ti d\u0259f\u0259 &#171;humanitar&#187; yard\u0131m g\u0259tirib. O, bu yard\u0131mlar\u0131 Ukraynan\u0131n Donbas b\u00f6lg\u0259sin\u0259 d\u0259 edir. N\u0259d\u0259ns\u0259, h\u0259min<\/p>\n","protected":false},"author":2,"featured_media":57004,"comment_status":"closed","ping_status":"closed","sticky":false,"template":"","format":"standard","meta":{"footnotes":""},"categories":[4],"tags":[],"class_list":["post-57003","post","type-post","status-publish","format-standard","has-post-thumbnail","hentry","category-qarabag"],"aioseo_notices":[],"_links":{"self":[{"href":"https:\/\/fedai.az\/index.php?rest_route=\/wp\/v2\/posts\/57003","targetHints":{"allow":["GET"]}}],"collection":[{"href":"https:\/\/fedai.az\/index.php?rest_route=\/wp\/v2\/posts"}],"about":[{"href":"https:\/\/fedai.az\/index.php?rest_route=\/wp\/v2\/types\/post"}],"author":[{"embeddable":true,"href":"https:\/\/fedai.az\/index.php?rest_route=\/wp\/v2\/users\/2"}],"replies":[{"embeddable":true,"href":"https:\/\/fedai.az\/index.php?rest_route=%2Fwp%2Fv2%2Fcomments&post=57003"}],"version-history":[{"count":1,"href":"https:\/\/fedai.az\/index.php?rest_route=\/wp\/v2\/posts\/57003\/revisions"}],"predecessor-version":[{"id":57005,"href":"https:\/\/fedai.az\/index.php?rest_route=\/wp\/v2\/posts\/57003\/revisions\/57005"}],"wp:featuredmedia":[{"embeddable":true,"href":"https:\/\/fedai.az\/index.php?rest_route=\/wp\/v2\/media\/57004"}],"wp:attachment":[{"href":"https:\/\/fedai.az\/index.php?rest_route=%2Fwp%2Fv2%2Fmedia&parent=57003"}],"wp:term":[{"taxonomy":"category","embeddable":true,"href":"https:\/\/fedai.az\/index.php?rest_route=%2Fwp%2Fv2%2Fcategories&post=57003"},{"taxonomy":"post_tag","embeddable":true,"href":"https:\/\/fedai.az\/index.php?rest_route=%2Fwp%2Fv2%2Ftags&post=57003"}],"curies":[{"name":"wp","href":"https:\/\/api.w.org\/{rel}","templated":true}]}}