{"id":57018,"date":"2021-12-21T01:17:02","date_gmt":"2021-12-20T21:17:02","guid":{"rendered":"https:\/\/fedai.az\/?p=57018"},"modified":"2021-12-22T12:08:16","modified_gmt":"2021-12-22T08:08:16","slug":"t%c9%99brik-mayor-%c9%99liyev-%c9%99liyev-tofiq-idris-oglu-61","status":"publish","type":"post","link":"https:\/\/fedai.az\/?p=57018","title":{"rendered":"T\u018fBR\u0130K: MAYOR \u018fL\u0130YEV T\u00d6F\u0130Q \u0130DR\u0130S O\u011eLU &#8212; 61"},"content":{"rendered":"\n<p><strong>&nbsp;&nbsp;&nbsp;<span class=\"has-inline-color has-vivid-red-color\"> Y\u00fcks\u0259k pe\u015f\u0259karl\u0131\u011f\u0131 v\u0259 humanistliyi il\u0259,n\u0259z\u0259ri&nbsp; v\u0259 praktiki biliyi il\u0259, (t\u0259c\u00fcrb\u0259si il\u0259) i\u015fg\u00fczar v\u0259 m\u0259n\u0259vi keyfiyy\u0259ti il\u0259, d\u0259qiqliyi v\u0259 t\u0259mkinliyi il\u0259, sad\u0259liyi v\u0259 s\u0259mimiyy\u0259ti&nbsp; il\u0259, se\u00e7il\u0259n \u00f6mr\u00fcn\u00fcn&nbsp; \u0259n m\u0259hsuldar d\u00f6vr\u00fcn\u00fcn 13 ild\u0259n \u00e7ox \u015f\u0259r\u0259fli xidm\u0259ti yolunu h\u0259rbi xidm\u0259td\u0259 m\u00fcxt\u0259lif v\u0259zif\u0259l\u0259rd\u0259&nbsp; ke\u00e7ir\u0259n&nbsp; M\u00fcharib\u0259 Veteran\u0131 ehtiyatda olan mayor \u018fliyev T\u00f6fiq \u0130dris o\u011flunu 61 ya\u015f\u0131 tamam oldu.<\/span><\/strong><\/p>\n\n\n\n<p><strong> \u00a0\u00a0\u00a0\u00a0\u00a0B\u00fc g\u00fcn m\u00fcnasib\u0259til\u0259 AVMV\u0130B R\u0259hb\u0259rliyi v\u0259 Az\u0259rbaycan V\u0259t\u0259n M\u00fcharib\u0259si Veteranlar\u0131 \u0130ctimai birliyinin s\u0259dr m\u00fcavini polkovnik Salman Musayev ehtiyatda olan mayor \u018fliyev T\u00f6fiq \u0130dris o\u011flunu d\u00f6\u011fum g\u00fcn\u00fc m\u00fcnasib\u0259til\u0259 s\u0259mimi q\u0259lbd\u0259n t\u0259brik edir, h\u0259yatda insan \u00fc\u00e7\u00fcn \u0259n \u015firin nem\u0259t olan m\u00f6hk\u0259m can sa\u011fl\u0131\u011f\u0131 v\u0259 h\u0259yat yollar\u0131nda bitib &#8212; t\u00fck\u0259nm\u0259y\u0259n nailiyy\u0259tl\u0259r arzulay\u0131r.<\/strong><\/p>\n\n\n\n<p><strong>&nbsp;&nbsp;&nbsp;&nbsp;&nbsp;&nbsp; Qoy ya\u015f\u0131n\u0131n \u00fcst\u0259 g\u0259l\u0259n bu ya\u015f ona sevinc dolu g\u00fcnl\u0259r b\u0259x\u015f etsin v\u0259 h\u0259r yeni g\u00fcn\u00fc is\u0259 \u00f6t\u0259n g\u00fcnl\u0259rd\u0259n daha g\u00f6z\u0259l ist\u0259kl\u0259rin\u0259 uy\u011fun onu xo\u015fb\u0259xt ed\u0259c\u0259k \u015f\u0259kild\u0259 ke\u00e7sin. Amin!<\/strong><\/p>\n\n\n\n<figure class=\"wp-block-gallery columns-3 is-cropped wp-block-gallery-1 is-layout-flex wp-block-gallery-is-layout-flex\"><ul class=\"blocks-gallery-grid\"><li class=\"blocks-gallery-item\"><figure><img loading=\"lazy\" decoding=\"async\" width=\"391\" height=\"508\" src=\"https:\/\/fedai.az\/wp-content\/uploads\/2021\/12\/20211220_223259.jpg\" alt=\"\" data-id=\"57019\" data-link=\"https:\/\/fedai.az\/?attachment_id=57019\" class=\"wp-image-57019\" srcset=\"https:\/\/fedai.az\/wp-content\/uploads\/2021\/12\/20211220_223259.jpg 391w, https:\/\/fedai.az\/wp-content\/uploads\/2021\/12\/20211220_223259-231x300.jpg 231w, https:\/\/fedai.az\/wp-content\/uploads\/2021\/12\/20211220_223259-115x150.jpg 115w\" sizes=\"auto, (max-width: 391px) 100vw, 391px\" \/><\/figure><\/li><li class=\"blocks-gallery-item\"><figure><img loading=\"lazy\" decoding=\"async\" width=\"643\" height=\"1024\" src=\"https:\/\/fedai.az\/wp-content\/uploads\/2021\/12\/20211220_191453-643x1024.jpg\" alt=\"\" data-id=\"57020\" data-link=\"https:\/\/fedai.az\/?attachment_id=57020\" class=\"wp-image-57020\" srcset=\"https:\/\/fedai.az\/wp-content\/uploads\/2021\/12\/20211220_191453-643x1024.jpg 643w, https:\/\/fedai.az\/wp-content\/uploads\/2021\/12\/20211220_191453-189x300.jpg 189w, https:\/\/fedai.az\/wp-content\/uploads\/2021\/12\/20211220_191453-94x150.jpg 94w, https:\/\/fedai.az\/wp-content\/uploads\/2021\/12\/20211220_191453.jpg 656w\" sizes=\"auto, (max-width: 643px) 100vw, 643px\" \/><\/figure><\/li><li class=\"blocks-gallery-item\"><figure><img loading=\"lazy\" decoding=\"async\" width=\"135\" height=\"194\" src=\"https:\/\/fedai.az\/wp-content\/uploads\/2021\/12\/20211220_203727.jpg\" alt=\"\" data-id=\"57021\" data-full-url=\"https:\/\/fedai.az\/wp-content\/uploads\/2021\/12\/20211220_203727.jpg\" data-link=\"https:\/\/fedai.az\/?attachment_id=57021\" class=\"wp-image-57021\" srcset=\"https:\/\/fedai.az\/wp-content\/uploads\/2021\/12\/20211220_203727.jpg 135w, https:\/\/fedai.az\/wp-content\/uploads\/2021\/12\/20211220_203727-104x150.jpg 104w\" sizes=\"auto, (max-width: 135px) 100vw, 135px\" \/><\/figure><\/li><\/ul><\/figure>\n\n\n\n<p>&nbsp;&nbsp;&nbsp;&nbsp;&nbsp; M\u00fcharib\u0259 Veteran\u0131 ehtiyatda olan \u018fliyev T\u00f6fiq \u0130dris o\u011flu 1960- c\u0131 ild\u0259 G\u0259d\u0259b\u0259y rayonunun&nbsp;&nbsp; Novo-\u0130vanovka k\u0259ndind\u0259 anadan olub.<\/p>\n\n\n\n<p>&nbsp;&nbsp;&nbsp;&nbsp; \u018fliyev T\u00f6fiq \u0130dris o\u011flu&nbsp;&nbsp; 1977- ci ild\u0259 G\u0259d\u0259b\u0259y rayonunun Novo -\u0130vanovka&nbsp; k\u0259nd orta m\u0259kt\u0259bini, 1984-ci ild\u0259&nbsp; Bak\u0131 S\u0259neye Texnikomunu, 1988-ci ild\u0259 Q.F.Morozov&nbsp; ad\u0131na Voronej&nbsp; Me\u015f\u0259 Texniki \u00dcnverstetini&nbsp; bitrib.<\/p>\n\n\n\n<p>&nbsp;&nbsp;&nbsp;&nbsp;&nbsp;&nbsp; Tofiq \u018fliyev&nbsp; 1979-1981-ci ill\u0259rd\u0259 Sovet ordusunun G\u00fcrc\u00fcstan Respublikas\u0131n\u0131n Laqodexi rayonunda yerl\u0259\u015f\u0259n Desant birqadas\u0131nda b\u00f6l\u00fcy\u00fcn ba\u015f cavu\u015fu (star\u015f\u0131na) v\u0259zf\u0259sind\u0259 m\u00fcddd\u0259tli h\u0259qqi h\u0259rbi xidm\u0259td\u0259 olub.&nbsp; 1981 -1991- ci ill\u0259rd\u0259 Az\u0259r Mebel fabrikind\u0259 m\u00fch\u0259ndis&nbsp; v\u0259zif\u0259sind\u0259 i\u015fl\u0259yib.&nbsp; 1991- 200 -ci ill\u0259rd\u0259 i\u015f\u0259&nbsp; Daxili Qo\u015funlar\u0131n Bas \u0130dar\u0259sinin Komendant xidm\u0259tinin r\u0259isi v\u0259zif\u0259l\u0259rind\u0259 V\u0259t\u0259n\u0259 D\u00f6vl\u0259t\u0259 v\u0259 xalqa s\u0259daq\u0259tl\u0259 xidm\u0259t ed\u0259r\u0259k, Az\u0259rbaycan\u0131n \u0259razi b\u00fct\u00f6vl\u00fcy\u00fc (A\u011fdam, A\u011fd\u0259r\u0259, F\u00fczuli, C\u0259bray\u0131l rayonlar\u0131) u\u011frunda ged\u0259n d\u00f6y\u00fc\u015fl\u0259rd\u0259 f\u0259al i\u015ftirak edib.<\/p>\n\n\n\n<figure class=\"wp-block-gallery columns-2 is-cropped wp-block-gallery-2 is-layout-flex wp-block-gallery-is-layout-flex\"><ul class=\"blocks-gallery-grid\"><li class=\"blocks-gallery-item\"><figure><img loading=\"lazy\" decoding=\"async\" width=\"1024\" height=\"768\" src=\"https:\/\/fedai.az\/wp-content\/uploads\/2021\/12\/IMG-20211220-WA0043-1024x768.jpg\" alt=\"\" data-id=\"57022\" data-link=\"https:\/\/fedai.az\/?attachment_id=57022\" class=\"wp-image-57022\" srcset=\"https:\/\/fedai.az\/wp-content\/uploads\/2021\/12\/IMG-20211220-WA0043-1024x768.jpg 1024w, https:\/\/fedai.az\/wp-content\/uploads\/2021\/12\/IMG-20211220-WA0043-300x225.jpg 300w, https:\/\/fedai.az\/wp-content\/uploads\/2021\/12\/IMG-20211220-WA0043-150x113.jpg 150w, https:\/\/fedai.az\/wp-content\/uploads\/2021\/12\/IMG-20211220-WA0043-768x576.jpg 768w, https:\/\/fedai.az\/wp-content\/uploads\/2021\/12\/IMG-20211220-WA0043-rotated.jpg 1280w\" sizes=\"auto, (max-width: 1024px) 100vw, 1024px\" \/><\/figure><\/li><li class=\"blocks-gallery-item\"><figure><img loading=\"lazy\" decoding=\"async\" width=\"1024\" height=\"768\" src=\"https:\/\/fedai.az\/wp-content\/uploads\/2021\/12\/IMG-20211220-WA0047-1024x768.jpg\" alt=\"\" data-id=\"57023\" data-full-url=\"https:\/\/fedai.az\/wp-content\/uploads\/2021\/12\/IMG-20211220-WA0047-rotated.jpg\" data-link=\"https:\/\/fedai.az\/?attachment_id=57023\" class=\"wp-image-57023\" srcset=\"https:\/\/fedai.az\/wp-content\/uploads\/2021\/12\/IMG-20211220-WA0047-1024x768.jpg 1024w, https:\/\/fedai.az\/wp-content\/uploads\/2021\/12\/IMG-20211220-WA0047-300x225.jpg 300w, https:\/\/fedai.az\/wp-content\/uploads\/2021\/12\/IMG-20211220-WA0047-150x113.jpg 150w, https:\/\/fedai.az\/wp-content\/uploads\/2021\/12\/IMG-20211220-WA0047-768x576.jpg 768w, https:\/\/fedai.az\/wp-content\/uploads\/2021\/12\/IMG-20211220-WA0047-rotated.jpg 1280w\" sizes=\"auto, (max-width: 1024px) 100vw, 1024px\" \/><\/figure><\/li><\/ul><\/figure>\n\n\n\n<p>&nbsp;&nbsp;&nbsp;&nbsp; O, Daxili Qo\u015funlarda xidm\u0259t etdiyi ill\u0259r \u0259rzind\u0259 \u00f6zun\u00fc u\u015faq vaxtlar\u0131ndan, g\u00f6z\u0259l ail\u0259 v\u0259 m\u0259kt\u0259b t\u0259rbiy\u0259si il\u0259 b\u00f6y\u00fcm\u00fc\u015f, \u0259xlaq\u0131 t\u0259rbiy\u0259si yerind\u0259 olan, nizam v\u0259 intizaml\u0131 h\u0259rbi\u00e7i kimi g\u00f6st\u0259rmi\u015fdir. O i\u015fl\u0259diyi v\u0259 oxudu\u011fu t\u0259hsil m\u00fc\u0259ssis\u0259l\u0259rind\u0259, ya\u015fad\u0131\u011f\u0131 \u0259razid\u0259&nbsp; kollektiv aras\u0131nda h\u0259mi\u015f\u0259 m\u00fcsb\u0259t m\u0259nada se\u00e7il\u0259r\u0259k, ba\u015fqalar\u0131 \u00fc\u00e7\u00fcn&nbsp; n\u00fcmun\u0259 olmu\u015fdur.<\/p>\n\n\n\n<p>&nbsp;&nbsp;&nbsp;&nbsp;&nbsp; O, Daxili Qo\u015funlarda xidm\u0259t etdiyi ill\u0259r \u0259rzind\u0259 \u00f6z\u00fcn\u00fc qorxmaz, sxav\u0259tli, insap\u0259rv\u0259r, \u0259lia\u00e7\u0131q, z\u0259hm\u0259tke\u015f&nbsp; zabit kimi g\u00f6st\u0259rmi\u015fdir. O, ist\u0259r anadan oldu\u011fu v\u0259 ya\u015fad\u0131\u011f\u0131 \u0259razid\u0259, oxudu\u011fu orta v\u0259 ali t\u0259hsil m\u00fc\u0259s\u0259l\u0259rind\u0259, ist\u0259rs\u0259 d\u0259 xidm\u0259t etdiyi v\u0259 i\u015fl\u0259diyi kolektivl\u0259rd\u0259, dost-tan\u0131\u015f ,qohum-\u0259qr\u0259ba aras\u0131nda \u00f6z\u00fcn\u0259 layiq h\u00f6rm\u0259t qazanm\u0131\u015fd\u0131r.<\/p>\n\n\n\n<figure class=\"wp-block-gallery columns-2 is-cropped wp-block-gallery-3 is-layout-flex wp-block-gallery-is-layout-flex\"><ul class=\"blocks-gallery-grid\"><li class=\"blocks-gallery-item\"><figure><img loading=\"lazy\" decoding=\"async\" width=\"583\" height=\"1024\" src=\"https:\/\/fedai.az\/wp-content\/uploads\/2021\/12\/IMG-20211220-WA0040-583x1024.jpg\" alt=\"\" data-id=\"57025\" data-link=\"https:\/\/fedai.az\/?attachment_id=57025\" class=\"wp-image-57025\" srcset=\"https:\/\/fedai.az\/wp-content\/uploads\/2021\/12\/IMG-20211220-WA0040-583x1024.jpg 583w, https:\/\/fedai.az\/wp-content\/uploads\/2021\/12\/IMG-20211220-WA0040-171x300.jpg 171w, https:\/\/fedai.az\/wp-content\/uploads\/2021\/12\/IMG-20211220-WA0040-85x150.jpg 85w, https:\/\/fedai.az\/wp-content\/uploads\/2021\/12\/IMG-20211220-WA0040.jpg 592w\" sizes=\"auto, (max-width: 583px) 100vw, 583px\" \/><\/figure><\/li><li class=\"blocks-gallery-item\"><figure><img loading=\"lazy\" decoding=\"async\" width=\"1024\" height=\"768\" src=\"https:\/\/fedai.az\/wp-content\/uploads\/2021\/12\/IMG-20211220-WA0045-1024x768.jpg\" alt=\"\" data-id=\"57026\" data-full-url=\"https:\/\/fedai.az\/wp-content\/uploads\/2021\/12\/IMG-20211220-WA0045-rotated.jpg\" data-link=\"https:\/\/fedai.az\/?attachment_id=57026\" class=\"wp-image-57026\" srcset=\"https:\/\/fedai.az\/wp-content\/uploads\/2021\/12\/IMG-20211220-WA0045-1024x768.jpg 1024w, https:\/\/fedai.az\/wp-content\/uploads\/2021\/12\/IMG-20211220-WA0045-300x225.jpg 300w, https:\/\/fedai.az\/wp-content\/uploads\/2021\/12\/IMG-20211220-WA0045-150x113.jpg 150w, https:\/\/fedai.az\/wp-content\/uploads\/2021\/12\/IMG-20211220-WA0045-768x576.jpg 768w, https:\/\/fedai.az\/wp-content\/uploads\/2021\/12\/IMG-20211220-WA0045-rotated.jpg 1280w\" sizes=\"auto, (max-width: 1024px) 100vw, 1024px\" \/><\/figure><\/li><\/ul><\/figure>\n\n\n\n<p>&nbsp;&nbsp;&nbsp;&nbsp; M\u00fcst\u0259qil Az\u0259rbaycan\u0131n Daxili \u0130\u015fl\u0259r Nazirliyinin&nbsp; Daxili Qo\u015funlar\u0131nda xidm\u0259t etdiyi ill\u0259r \u0259rzind\u0259,Az\u0259rbaycan Respublikas\u0131n\u0131n Konstitusiyas\u0131na v\u0259 qanunlar\u0131na \u0259m\u0259l etm\u0259kd\u0259, h\u0259rbi and\u0131n,&nbsp; h\u0259rbi nizam\u0259l\u0259rin v\u0259 dig\u0259r h\u00fcquqi- normativ aktlar\u0131n&nbsp; t\u0259l\u0259bl\u0259rin\u0259, el\u0259cd\u0259 v\u0259zif\u0259 borclar\u0131n\u0131n icrasna m\u0259suliyy\u0259tl\u0259 yana\u015fm\u0131\u015f, qar\u015f\u0131ya qoyulmu\u015f&nbsp; xidm\u0259ti&nbsp; tap\u015f\u0131r\u0131qlar\u0131 m\u00fcv\u0259ff\u0259qiyy\u0259tl\u0259 yerin\u0259 yetirilm\u0259si \u00fc\u00e7\u00fcn \u00f6z \u0259m\u0259yini \u0259sirg\u0259m\u0259mi\u015f, \u015f\u0259xsi n\u00fcmun\u0259si il\u0259&nbsp; bir cox&nbsp; h\u0259rbi qulluq\u00e7ular\u0131 f\u0259dakar h\u0259rbi xidm\u0259t\u0259 ruhland\u0131rm\u0131\u015fd\u0131r.<\/p>\n\n\n\n<figure class=\"wp-block-image size-large\"><img loading=\"lazy\" decoding=\"async\" width=\"1024\" height=\"768\" src=\"https:\/\/fedai.az\/wp-content\/uploads\/2021\/12\/IMG-20211220-WA0055-1024x768.jpg\" alt=\"\" class=\"wp-image-57029\" srcset=\"https:\/\/fedai.az\/wp-content\/uploads\/2021\/12\/IMG-20211220-WA0055-1024x768.jpg 1024w, https:\/\/fedai.az\/wp-content\/uploads\/2021\/12\/IMG-20211220-WA0055-300x225.jpg 300w, https:\/\/fedai.az\/wp-content\/uploads\/2021\/12\/IMG-20211220-WA0055-150x113.jpg 150w, https:\/\/fedai.az\/wp-content\/uploads\/2021\/12\/IMG-20211220-WA0055-768x576.jpg 768w, https:\/\/fedai.az\/wp-content\/uploads\/2021\/12\/IMG-20211220-WA0055-rotated.jpg 1280w\" sizes=\"auto, (max-width: 1024px) 100vw, 1024px\" \/><\/figure>\n\n\n\n<p>&nbsp;&nbsp;&nbsp;&nbsp;&nbsp;&nbsp;&nbsp; Az\u0259rbaycan Respublikas\u0131nda ictimai qaydan\u0131n v\u0259 ictimai t\u0259hl\u00fck\u0259sizliyin qorunmasnda, \u015f\u0259h\u0259rd\u0259, ya\u015fay\u0131\u015f m\u0259nt\u0259q\u0259l\u0259rind\u0259 v\u0259 c\u0259za\u00e7\u0259km\u0259 m\u00fc\u0259ssis\u0259l\u0259rind\u0259 ba\u015f vermi\u015f k\u00fctl\u0259vi ixti\u015fa\u015flar\u0131n qar\u015fls\u0131n\u0131n al\u0131nmas\u0131nda, M\u00fct\u0259\u015f\u0259kkil cinay\u0259tkarl\u0131\u011fa qar\u015f\u0131 m\u00fcbariz\u0259d\u0259,qanunsuz silahl\u0131 d\u0259st\u0259l\u0259rin axtar\u0131\u015f\u0131nda v\u0259 z\u0259r\u0259rsizl\u0259\u015fdirilm\u0259sind\u0259, F\u00f6vqalad\u0259 v\u0259ziyy\u0259t zaman\u0131 h\u00fcquqi rejimin t\u0259min olunmas\u0131nda,&nbsp; d\u00f6vl\u0259tin \u0259razi b\u00fct\u00f6vl\u00fcy\u00fcn\u00fcn t\u0259min edilm\u0259sind\u0259 \u00fcz\u0259rin\u0259 d\u00fc\u015f\u0259n v\u0259zif\u0259 v\u0259 tap\u015f\u0131r\u0131qlar\u0131 m\u0259suliyy\u0259t v\u0259 \u015f\u0259r\u0259f hissi il\u0259&nbsp;&nbsp; yer\u0131n\u0259 yetirmi\u015fdir.<\/p>\n\n\n\n<figure class=\"wp-block-image size-large\"><img loading=\"lazy\" decoding=\"async\" width=\"1024\" height=\"768\" src=\"https:\/\/fedai.az\/wp-content\/uploads\/2021\/12\/IMG-20211220-WA0048-1024x768.jpg\" alt=\"\" class=\"wp-image-57024\" srcset=\"https:\/\/fedai.az\/wp-content\/uploads\/2021\/12\/IMG-20211220-WA0048-1024x768.jpg 1024w, https:\/\/fedai.az\/wp-content\/uploads\/2021\/12\/IMG-20211220-WA0048-300x225.jpg 300w, https:\/\/fedai.az\/wp-content\/uploads\/2021\/12\/IMG-20211220-WA0048-150x113.jpg 150w, https:\/\/fedai.az\/wp-content\/uploads\/2021\/12\/IMG-20211220-WA0048-768x576.jpg 768w, https:\/\/fedai.az\/wp-content\/uploads\/2021\/12\/IMG-20211220-WA0048-rotated.jpg 1280w\" sizes=\"auto, (max-width: 1024px) 100vw, 1024px\" \/><\/figure>\n\n\n\n<p>&nbsp;&nbsp;&nbsp;&nbsp; Mayor \u018fliyev T\u00f6fiq \u0130dris o\u011flu H\u0259rb\u0131 xidm\u0259ti v\u0259zif\u0259l\u0259rinin icras\u0131 zaman\u0131 y\u00fcks\u0259k m\u0259n\u0259vi-d\u00f6y\u00fcs keyfiyy\u0259tl\u0259ri g\u00f6st\u0259rdiyin\u0259 g\u00f6r\u0259, d\u00f6y\u00fc\u015f v\u0259 ictimai siyas\u0131 haz\u0131rl\u0131\u011f\u0131nda, h\u0259rbi intizam\u0131n m\u00f6hk\u0259ml\u0259ndirilm\u0259sind\u0259 y\u00fcks\u0259k g\u00f6st\u0259ricil\u0259r\u0259 nail oldu\u011funa v\u0259 n\u00fcmun\u0259vi xidm\u0259tin\u0259 g\u00f6r\u0259 Daxili \u0130\u015fl\u0259r Nazirinin, Daxili Qo\u015funlar\u0131n Komandan\u0131n v\u0259 onun m\u00fcavinl\u0259rinin, xidm\u0259t etdiyi h\u0259rbi hiss\u0259nin komandirinin m\u00fcvaf\u0131q \u0259mrl\u0259ri bir ne\u00e7\u0259 Medalarla, &#171;\u018fla xidm\u0259tl\u0259r\u0259 g\u00f6r\u0259 d\u00f6\u015f, yubiley v\u0259 idman d\u0259r\u0259c\u0259si&nbsp; ni\u015fan\u0131 il\u0259, pul m\u00fckafatlar\u0131 il\u0259, f\u0259xr\u0131 f\u0259rmanlarla, qiym\u0259tli h\u0259diyy\u0259l\u0259rl\u0259 m\u00fckafatland\u0131rl\u0131b v\u0259 ona t\u0259\u015f\u0259kk\u00fcr elan edilib.<\/p>\n\n\n\n<figure class=\"wp-block-image size-large\"><img loading=\"lazy\" decoding=\"async\" width=\"1024\" height=\"768\" src=\"https:\/\/fedai.az\/wp-content\/uploads\/2021\/12\/IMG-20211220-WA0046-1024x768.jpg\" alt=\"\" class=\"wp-image-57027\" srcset=\"https:\/\/fedai.az\/wp-content\/uploads\/2021\/12\/IMG-20211220-WA0046-1024x768.jpg 1024w, https:\/\/fedai.az\/wp-content\/uploads\/2021\/12\/IMG-20211220-WA0046-300x225.jpg 300w, https:\/\/fedai.az\/wp-content\/uploads\/2021\/12\/IMG-20211220-WA0046-150x113.jpg 150w, https:\/\/fedai.az\/wp-content\/uploads\/2021\/12\/IMG-20211220-WA0046-768x576.jpg 768w, https:\/\/fedai.az\/wp-content\/uploads\/2021\/12\/IMG-20211220-WA0046-rotated.jpg 1280w\" sizes=\"auto, (max-width: 1024px) 100vw, 1024px\" \/><\/figure>\n\n\n\n<p><strong>DO\u011eUM G\u00dcN\u00dcN M\u00dcBAR\u018fK OLSUN,TOF\u0130K M\u00dc\u018fLL\u0130M!<\/strong><\/p>\n\n\n\n<p><strong>ALLAH H\u018fR ZAMAN Q\u018fLB\u0130N\u0130 SIXINTIDAN, B\u018fDB\u0130NL\u0130KD\u018fN QORUSUN!<\/strong><\/p>\n\n\n\n<p><strong>B\u00dcT\u00dcN ARZULARIN \u00c7\u0130N OLSUN!<\/strong><\/p>\n\n\n\n<p><strong>DA\u0130MA XO\u015eB\u018fXT YA\u015eA, \u00d6MR\u00dcN UZUN OLSUN!<\/strong><\/p>\n\n\n\n<p><strong>H\u018fM\u0130\u015e\u018f \u00dcZ\u00dcN G\u00dcLS\u00dcN, \u00dcR\u018fY\u0130N SEV\u0130NS\u0130N!<\/strong><\/p>\n\n\n\n<p><strong>D\u0259rin h\u00f6rm\u0259tl\u0259, Az\u0259rbaycan V\u0259t\u0259n m\u00fcharib\u0259si Veteranlar\u0131 \u0130ctimai&nbsp; Birliyinin s\u0259dr m\u00fcavini polkovnik Salman Musayev<\/strong><\/p>\n\n\n\n<figure class=\"wp-block-gallery columns-2 is-cropped wp-block-gallery-4 is-layout-flex wp-block-gallery-is-layout-flex\"><ul class=\"blocks-gallery-grid\"><li class=\"blocks-gallery-item\"><figure><img loading=\"lazy\" decoding=\"async\" width=\"600\" height=\"600\" src=\"https:\/\/fedai.az\/wp-content\/uploads\/2021\/12\/8265a327389da9fe4fdc2714b309120e-1.jpg\" alt=\"\" data-id=\"55947\" data-full-url=\"https:\/\/fedai.az\/wp-content\/uploads\/2021\/12\/8265a327389da9fe4fdc2714b309120e-1.jpg\" data-link=\"https:\/\/fedai.az\/?attachment_id=55947\" class=\"wp-image-55947\" srcset=\"https:\/\/fedai.az\/wp-content\/uploads\/2021\/12\/8265a327389da9fe4fdc2714b309120e-1.jpg 600w, https:\/\/fedai.az\/wp-content\/uploads\/2021\/12\/8265a327389da9fe4fdc2714b309120e-1-300x300.jpg 300w, https:\/\/fedai.az\/wp-content\/uploads\/2021\/12\/8265a327389da9fe4fdc2714b309120e-1-150x150.jpg 150w, https:\/\/fedai.az\/wp-content\/uploads\/2021\/12\/8265a327389da9fe4fdc2714b309120e-1-215x215.jpg 215w\" sizes=\"auto, (max-width: 600px) 100vw, 600px\" \/><\/figure><\/li><li class=\"blocks-gallery-item\"><figure><img loading=\"lazy\" decoding=\"async\" width=\"135\" height=\"194\" src=\"https:\/\/fedai.az\/wp-content\/uploads\/2021\/12\/20211220_203727-1.jpg\" alt=\"\" data-id=\"57028\" data-full-url=\"https:\/\/fedai.az\/wp-content\/uploads\/2021\/12\/20211220_203727-1.jpg\" data-link=\"https:\/\/fedai.az\/?attachment_id=57028\" class=\"wp-image-57028\" srcset=\"https:\/\/fedai.az\/wp-content\/uploads\/2021\/12\/20211220_203727-1.jpg 135w, https:\/\/fedai.az\/wp-content\/uploads\/2021\/12\/20211220_203727-1-104x150.jpg 104w\" sizes=\"auto, (max-width: 135px) 100vw, 135px\" \/><\/figure><\/li><\/ul><\/figure>\n","protected":false},"excerpt":{"rendered":"<p>&nbsp;&nbsp;&nbsp; Y\u00fcks\u0259k pe\u015f\u0259karl\u0131\u011f\u0131 v\u0259 humanistliyi il\u0259,n\u0259z\u0259ri&nbsp; v\u0259 praktiki biliyi il\u0259, (t\u0259c\u00fcrb\u0259si il\u0259) i\u015fg\u00fczar v\u0259 m\u0259n\u0259vi keyfiyy\u0259ti il\u0259, d\u0259qiqliyi v\u0259 t\u0259mkinliyi il\u0259, sad\u0259liyi v\u0259 s\u0259mimiyy\u0259ti&nbsp;<\/p>\n","protected":false},"author":2,"featured_media":57030,"comment_status":"closed","ping_status":"closed","sticky":false,"template":"","format":"standard","meta":{"footnotes":""},"categories":[5],"tags":[],"class_list":["post-57018","post","type-post","status-publish","format-standard","has-post-thumbnail","hentry","category-veteran"],"aioseo_notices":[],"_links":{"self":[{"href":"https:\/\/fedai.az\/index.php?rest_route=\/wp\/v2\/posts\/57018","targetHints":{"allow":["GET"]}}],"collection":[{"href":"https:\/\/fedai.az\/index.php?rest_route=\/wp\/v2\/posts"}],"about":[{"href":"https:\/\/fedai.az\/index.php?rest_route=\/wp\/v2\/types\/post"}],"author":[{"embeddable":true,"href":"https:\/\/fedai.az\/index.php?rest_route=\/wp\/v2\/users\/2"}],"replies":[{"embeddable":true,"href":"https:\/\/fedai.az\/index.php?rest_route=%2Fwp%2Fv2%2Fcomments&post=57018"}],"version-history":[{"count":3,"href":"https:\/\/fedai.az\/index.php?rest_route=\/wp\/v2\/posts\/57018\/revisions"}],"predecessor-version":[{"id":57184,"href":"https:\/\/fedai.az\/index.php?rest_route=\/wp\/v2\/posts\/57018\/revisions\/57184"}],"wp:featuredmedia":[{"embeddable":true,"href":"https:\/\/fedai.az\/index.php?rest_route=\/wp\/v2\/media\/57030"}],"wp:attachment":[{"href":"https:\/\/fedai.az\/index.php?rest_route=%2Fwp%2Fv2%2Fmedia&parent=57018"}],"wp:term":[{"taxonomy":"category","embeddable":true,"href":"https:\/\/fedai.az\/index.php?rest_route=%2Fwp%2Fv2%2Fcategories&post=57018"},{"taxonomy":"post_tag","embeddable":true,"href":"https:\/\/fedai.az\/index.php?rest_route=%2Fwp%2Fv2%2Ftags&post=57018"}],"curies":[{"name":"wp","href":"https:\/\/api.w.org\/{rel}","templated":true}]}}