{"id":57039,"date":"2021-12-21T01:39:32","date_gmt":"2021-12-20T21:39:32","guid":{"rendered":"https:\/\/fedai.az\/?p=57039"},"modified":"2021-12-21T01:40:03","modified_gmt":"2021-12-20T21:40:03","slug":"rusiyanin-plani-turkiy%c9%99-v%c9%99-iran-islam-dunyasinin-liderl%c9%99ridir-amma-moskva-onlara-n%c9%99zar%c9%99t-edir","status":"publish","type":"post","link":"https:\/\/fedai.az\/?p=57039","title":{"rendered":"Rusiyan\u0131n plan\u0131: T\u00fcrkiy\u0259 v\u0259 \u0130ran \u0130slam d\u00fcnyas\u0131n\u0131n liderl\u0259ridir, amma Moskva onlara n\u0259zar\u0259t edir"},"content":{"rendered":"\n<p><strong>Rusiyan\u0131n Yax\u0131n \u015e\u0259rql\u0259 ba\u011fl\u0131 plan\u0131 sad\u0259 v\u0259 regional g\u00fccl\u0259r \u00fc\u00e7\u00fcn ba\u015fa d\u00fc\u015f\u00fcl\u0259ndir. Ona g\u00f6r\u0259 d\u0259 n\u0259inki ona d\u0259st\u0259k oldular, h\u0259tta bu m\u0259s\u0259l\u0259d\u0259 t\u0259\u015f\u0259bb\u00fcs g\u00f6st\u0259rdil\u0259r. Onun sirri sad\u0259dir. Bulan\u0131q Yax\u0131n \u015e\u0259rq sular\u0131nda bal\u0131q tutma\u011fa \u00f6yr\u0259\u015fmi\u015f AB\u015e v\u0259 bir s\u0131ra dig\u0259r \u00f6lk\u0259l\u0259r istisna olmaqla, ham\u0131 \u00fc\u00e7\u00fcn faydal\u0131d\u0131r.<\/strong><\/p>\n\n\n\n<p><br>Bu g\u00fcnl\u0259rd\u0259 T\u00fcrkiy\u0259 prezidenti R\u0259c\u0259b \u018frdo\u011fan \u0259lam\u0259tdar b\u0259yanatla \u00e7\u0131x\u0131\u015f edib. O, x\u0259b\u0259rdarl\u0131q edib ki, Donald Tramp Q\u00fcds\u00fc \u0130srailin paytaxt\u0131 kimi tan\u0131sa, Ankara \u0130sraill\u0259 m\u00fcnasib\u0259tl\u0259ri k\u0259s\u0259 bil\u0259r:\u201cQ\u00fcds m\u00fcs\u0259lmanlar \u00fc\u00e7\u00fcn q\u0131rm\u0131z\u0131 x\u0259ttdir. Bel\u0259 bir q\u0259rar b\u00fct\u00fcn b\u0259\u015f\u0259riyy\u0259t\u0259 a\u011f\u0131r z\u0259rb\u0259 olacaq. Biz onu t\u0259k qoymayaca\u011f\u0131q\u201d.<\/p>\n\n\n\n<figure class=\"wp-block-image size-large is-resized\"><img loading=\"lazy\" decoding=\"async\" src=\"https:\/\/fedai.az\/wp-content\/uploads\/2021\/12\/\u0411\u0435\u0437-\u043d\u0430\u0437\u0432\u0430\u043d\u0438\u044f-3-2.jpg\" alt=\"\" class=\"wp-image-57040\" width=\"918\" height=\"590\" srcset=\"https:\/\/fedai.az\/wp-content\/uploads\/2021\/12\/\u0411\u0435\u0437-\u043d\u0430\u0437\u0432\u0430\u043d\u0438\u044f-3-2.jpg 280w, https:\/\/fedai.az\/wp-content\/uploads\/2021\/12\/\u0411\u0435\u0437-\u043d\u0430\u0437\u0432\u0430\u043d\u0438\u044f-3-2-150x96.jpg 150w, https:\/\/fedai.az\/wp-content\/uploads\/2021\/12\/\u0411\u0435\u0437-\u043d\u0430\u0437\u0432\u0430\u043d\u0438\u044f-3-2-115x73.jpg 115w\" sizes=\"auto, (max-width: 918px) 100vw, 918px\" \/><\/figure>\n\n\n\n<p><br>\u018frdo\u011fan\u0131n m\u0259ntiqi \u201cq\u00fcsursuzdur\u201d: AB\u015e n\u0259s\u0259 ets\u0259, o, \u0130srailin h\u0259r\u0259k\u0259tini \u201cqanunsuz\u201d elan ed\u0259c\u0259k. 1914-c\u00fc il avqustun ilk g\u00fcnl\u0259rind\u0259 Rusiyaya m\u00fcharib\u0259 elan ed\u0259n Almaniya \u00f6z qo\u015funlar\u0131n\u0131 (s\u0259f\u0259rb\u0259rlik plan\u0131na uy\u011fun olaraq) Fransa s\u0259rh\u0259dind\u0259 c\u0259ml\u0259\u015fdirm\u0259y\u0259 ba\u015flayanda t\u0259xmin\u0259n bu, avropal\u0131 siyas\u0259t\u00e7il\u0259rin m\u0259ntiqi d\u0259 bel\u0259 idi.<\/p>\n\n\n\n<p>Biz ba\u015fa d\u00fc\u015fm\u0259liyik ki, AB\u015e-\u0131n diplomatik missiyas\u0131n\u0131n Q\u00fcds\u0259 m\u00fcmk\u00fcn transferi il\u0259 ba\u011fl\u0131 b\u0259yanat\u0131 Ankaran\u0131n \u00f6z\u00fcn\u00fc s\u00fcnni d\u00fcnyas\u0131n\u0131n lideri elan etm\u0259si \u00fc\u00e7\u00fcn sad\u0259c\u0259 \u0259lveri\u015fli b\u0259han\u0259dir. N\u0259 \u00fc\u00e7\u00fcn? Sonra \u0130ran \u015fi\u0259 d\u00fcnyas\u0131n\u0131n m\u0259rk\u0259zin\u0259 \u00e7evrildiyi kimi, yeni Yax\u0131n \u015e\u0259rq qurmaq \u00fc\u00e7\u00fcn T\u00fcrkiy\u0259 d\u0259 bel\u0259 bir m\u0259rk\u0259z\u0259 \u00e7evrilm\u0259lidir. V\u0259 bu d\u00fcnyada, ideal olaraq, o zaman Va\u015finqtona v\u0259 onun intriqalar\u0131na yer qalmayacaq.<\/p>\n\n\n\n<p><br><strong>AB\u015e strategiyas\u0131: ixtilaflar\u0131n \u0130slam\u0131<\/strong><\/p>\n\n\n\n<p><br>\u018fg\u0259r y\u00fcz il \u0259vv\u0259l kims\u0259 \u0130slam d\u00fcnyas\u0131nda hans\u0131 ehtiraslar\u0131n olaca\u011f\u0131n\u0131 des\u0259ydi, he\u00e7 kim ona inanmazd\u0131. B\u0259li, \u0130slam par\u00e7aland\u0131, amma ilahiyyat\u00e7\u0131lar\u0131n \u015f\u00f6vq\u00fc \u00e7oxdan s\u00f6nm\u00fc\u015fd\u00fc v\u0259 \u0259n \u0259sas\u0131 yerli \u0259hali \u00fc\u00e7\u00fcn ke\u00e7mi\u015fi q\u0131z\u0131\u015fd\u0131rma\u011f\u0131n m\u0259nas\u0131 yox idi. Yax\u0131n \u015e\u0259rq xalqlar\u0131 \u00e7oxdan sivilizasiyan\u0131n m\u0259rk\u0259zind\u0259n tamamil\u0259 xarici irad\u0259y\u0259 tabe olan soyumu\u015f reliktl\u0259r\u0259 \u00e7evrilibl\u0259r.<\/p>\n\n\n\n<figure class=\"wp-block-image size-large is-resized\"><img loading=\"lazy\" decoding=\"async\" src=\"https:\/\/fedai.az\/wp-content\/uploads\/2021\/12\/6345c33edc02081d6eaba515ae68a.jpg\" alt=\"\" class=\"wp-image-57041\" width=\"912\" height=\"548\" srcset=\"https:\/\/fedai.az\/wp-content\/uploads\/2021\/12\/6345c33edc02081d6eaba515ae68a.jpg 448w, https:\/\/fedai.az\/wp-content\/uploads\/2021\/12\/6345c33edc02081d6eaba515ae68a-300x180.jpg 300w, https:\/\/fedai.az\/wp-content\/uploads\/2021\/12\/6345c33edc02081d6eaba515ae68a-150x90.jpg 150w\" sizes=\"auto, (max-width: 912px) 100vw, 912px\" \/><\/figure>\n\n\n\n<p>B\u00f6lg\u0259d\u0259 n\u0259h\u0259ng neft ehtiyatlar\u0131 a\u015fkarlananda h\u0259r \u015fey d\u0259yi\u015fdi. D\u0259rhal \u0259r\u0259bl\u0259r v\u0259 farslar (b\u00f6lg\u0259nin dig\u0259r xalqlar\u0131) \u00f6z b\u00f6y\u00fck ke\u00e7mi\u015fl\u0259rini xat\u0131rlad\u0131lar v\u0259 kafirl\u0259r\u0259 ita\u0259t etm\u0259k h\u0259qiqi m\u00f6minl\u0259r\u0259 yara\u015fmaz. \u00d6z\u00fcn\u00fcd\u0259rk 20-ci \u0259srd\u0259 g\u00fccl\u0259ndi v\u0259 onun ikinci yar\u0131s\u0131nda b\u00f6lg\u0259 \u0259sl barIt \u00e7\u0259ll\u0259yin\u0259 \u00e7evrildi. Radikal t\u0259riq\u0259tl\u0259r g\u00f6b\u0259l\u0259k kimi do\u011fulub bir-birini \u0259v\u0259z edirdi. D\u00fcny\u0259vi m\u00f6t\u0259dil rejiml\u0259r, ya \u00f6zl\u0259rini radikalla\u015fd\u0131rma\u011fa m\u0259cbur oldular, ya da \u201chadis\u0259l\u0259rin d\u00f6nm\u0259z m\u0259ntiqi\u201d il\u0259 da\u011f\u0131d\u0131ld\u0131lar.<\/p>\n\n\n\n<p><br>Q\u0259rib\u0259 d\u0259 olsa, ilk bax\u0131\u015fdan g\u00f6r\u00fcn\u00fcr, b\u00fct\u00fcn bu xaosda \u00f6z nizam\u0131 v\u0259 qanunauy\u011funlu\u011fu \u0130L\u018f n\u0259z\u0259r\u0259 \u00e7arp\u0131rd\u0131. \u0130stehsal\u0131n ba\u015f direktoru (\u0259vv\u0259lc\u0259 \u0130ngilt\u0259r\u0259, sonra AB\u015e) h\u0259r \u015fey\u0259 n\u0259zar\u0259t edir v\u0259 b\u00f6lg\u0259nin qeyri-sabitliyind\u0259n daim istifad\u0259 edirdi.<\/p>\n\n\n\n<p>M\u0259hz Yax\u0131n \u015e\u0259rqd\u0259ki ixtilaf &#171;anqlosakson demokratiyalar\u0131&#187;na tam \u015f\u0259kild\u0259 n\u0259zar\u0259t etm\u0259y\u0259 imkan verirdi. Bu plan onillikl\u0259r \u0259rzind\u0259 i\u015fl\u0259yir. Da\u011f\u0131nt\u0131lar o vaxt ba\u015flad\u0131 ki, regionun qalan d\u00fcny\u0259vi rejiml\u0259ri uzun onillikl\u0259r \u0259rzind\u0259 \u00f6z aralar\u0131nda m\u00fcbariz\u0259 apararaq, \u00f6z aralar\u0131nda raz\u0131l\u0131\u011fa g\u0259lm\u0259k, \u00fcmumi maraqlar v\u0259 bir n\u00f6v \u00fcmumi strategiya \u00fcz\u0259rind\u0259 d\u00fc\u015f\u00fcnm\u0259k laz\u0131m oldu\u011fu q\u0259na\u0259tin\u0259 g\u0259ldil\u0259r.<br>Liviya lideri M\u00fc\u0259mm\u0259r Q\u0259ddafi bu ideyalar\u0131n b\u00f6y\u00fck d\u0259st\u0259k\u00e7isi v\u0259 h\u0259tta t\u0259\u015f\u0259bb\u00fcskar\u0131 idi.<\/p>\n\n\n\n<p><br>Bu, onlar\u0131n t\u0259l\u0259sik q\u0259rar\u0131 idi v\u0259 bu, Va\u015finqtonun fikrin\u0259 g\u00f6r\u0259, regionu tamamil\u0259 yenid\u0259n formatla\u015fd\u0131rmal\u0131 olan \u201c\u018fr\u0259b bahar\u0131\u201d il\u0259 n\u0259tic\u0259l\u0259ndi.<\/p>\n\n\n\n<p>N\u0259tic\u0259d\u0259, Yax\u0131n \u015e\u0259rqd\u0259 onillikl\u0259r \u0259rzind\u0259 qeyri-sabitlik n\u00f6qt\u0259l\u0259rin\u0259 \u00e7evril\u0259c\u0259k yeni birl\u0259\u015fm\u0259l\u0259r meydana \u00e7\u0131xmal\u0131 idi. Eyni zamanda, Birl\u0259\u015fmi\u015f \u015etatlar onlar\u0131n ham\u0131s\u0131n\u0131 \u201cbar\u0131\u015fd\u0131rma\u011fa\u201d v\u0259 iqtisadi v\u0259 siyasi dividendl\u0259rini alma\u011fa davam etm\u0259li \u0130di.<\/p>\n\n\n\n<p><br><strong>T\u00fcrkiy\u0259 v\u0259 S\u0259udiyy\u0259 \u018fr\u0259bistan\u0131<\/strong><\/p>\n\n\n\n<p><br>Va\u015finqton \u00fc\u00e7\u00fcn h\u0259r \u015fey yax\u015f\u0131 ba\u015flad\u0131. Liviya v\u0259 Misird\u0259ki rejiml\u0259r da\u011f\u0131d\u0131ld\u0131, \u0130raq d\u00f6vl\u0259t kimi sars\u0131ld\u0131 v\u0259 Suriya, dey\u0259s\u0259n, qalibl\u0259rin ayaqlar\u0131 alt\u0131na d\u00fc\u015f\u0259c\u0259kdi v\u0259 onlar t\u0259r\u0259find\u0259n par\u00e7alanacaqd\u0131.<\/p>\n\n\n\n<p><br>Amma \u201c\u0259la\u201d planda b\u00f6y\u00fck bir problem var idi. Bu ilk b\u00f6y\u00fck problem Rusiya deyildi.<\/p>\n\n\n\n<p><br>1980-ci ill\u0259rd\u0259n ba\u015flayan yeni osmanl\u0131\u00e7\u0131l\u0131q ideyalar\u0131 T\u00fcrkiy\u0259nin siyasi elitas\u0131n\u0131 getdikc\u0259 daha \u00e7ox \u0259l\u0259 ke\u00e7irdi. T\u0259dric\u0259n onun t\u0259r\u0259fdarlar\u0131 hakimiyy\u0259t\u0259 g\u0259ldi v\u0259 art\u0131q 2000-ci ill\u0259rd\u0259 \u201cyeni osmanl\u0131lar\u201d \u00f6lk\u0259nin regiondak\u0131 n\u00fcfuzunu qaytarma\u011fa haz\u0131r oldu\u011funu b\u0259yan edirdil\u0259r. Onlar \u0259lveri\u015fli an\u0131 g\u00f6zl\u0259yirdil\u0259r v\u0259 g\u00f6r\u00fcn\u00fcrd\u00fc ki, Yax\u0131n \u015e\u0259rqd\u0259 ba\u015flayan xaos onlar\u0131n saat\u0131n\u0131 yax\u0131nla\u015fd\u0131rd\u0131.<\/p>\n\n\n\n<p><br>Unudanlar varsa, t\u00fcrk \u201cimperializminin\u201d ilk qurban\u0131 he\u00e7 d\u0259 Suriya deyil, \u0130srail olub. Suriya v\u0259t\u0259nda\u015f m\u00fcharib\u0259sind\u0259n \u0259vv\u0259l i\u015f\u011fal olunmu\u015f F\u0259l\u0259stin torpaqlar\u0131nda v\u0259ziyy\u0259tin g\u0259rginl\u0259\u015fm\u0259sin\u0259 sponsorluq ed\u0259n Ankara idi v\u0259 f\u0259l\u0259stinlil\u0259rin b\u00fct\u00fcn anti-\u0130srail h\u0259r\u0259k\u0259tl\u0259rinin arxas\u0131nda m\u0259hz o dayan\u0131rd\u0131. Sonra Suriyadak\u0131 m\u00fcharib\u0259l\u0259rin fonunda b\u00fct\u00fcn bunlar arxa plana ke\u00e7di, indi yenid\u0259n \u00fcz\u0259 \u00e7\u0131xd\u0131.<br>Suriya m\u00fcharib\u0259sinin \u00fc\u00e7\u00fcnc\u00fc ilind\u0259 Ankara q\u0259fild\u0259n \u00f6z\u00fc \u00fc\u00e7\u00fcn anlad\u0131 ki, onun Yax\u0131n \u015e\u0259rqd\u0259ki planlar\u0131 il\u0259 AB\u015e-\u0131n planlar\u0131 n\u0259inki bir-birini tamamlay\u0131r, \u0259ksin\u0259, \u0259sasl\u0131 \u015f\u0259kild\u0259 ziddiyy\u0259t t\u0259\u015fkil edir. V\u0259 bu ziddiyy\u0259tin ad\u0131 K\u00fcrd\u00fcstand\u0131r.<\/p>\n\n\n\n<p><br>Bu zaman \u018frdo\u011fana Rusiya prezidenti Vladimir Putin h\u0259r iki t\u0259r\u0259fin maraqlar\u0131n\u0131 n\u0259z\u0259r\u0259 alan tamam ba\u015fqa plan t\u0259klif etdi. Daha do\u011frusu, dem\u0259k olar ki, h\u0259r k\u0259sin mara\u011f\u0131 t\u0259min olunurdu.<\/p>\n\n\n\n<figure class=\"wp-block-gallery columns-2 is-cropped wp-block-gallery-1 is-layout-flex wp-block-gallery-is-layout-flex\"><ul class=\"blocks-gallery-grid\"><li class=\"blocks-gallery-item\"><figure><img loading=\"lazy\" decoding=\"async\" width=\"720\" height=\"409\" src=\"https:\/\/fedai.az\/wp-content\/uploads\/2021\/12\/1512556510_v_sochi_startoval_sammit_putin___ruhani___jerdogan.jpg\" alt=\"\" data-id=\"57042\" data-link=\"https:\/\/fedai.az\/?attachment_id=57042\" class=\"wp-image-57042\" srcset=\"https:\/\/fedai.az\/wp-content\/uploads\/2021\/12\/1512556510_v_sochi_startoval_sammit_putin___ruhani___jerdogan.jpg 720w, https:\/\/fedai.az\/wp-content\/uploads\/2021\/12\/1512556510_v_sochi_startoval_sammit_putin___ruhani___jerdogan-300x170.jpg 300w, https:\/\/fedai.az\/wp-content\/uploads\/2021\/12\/1512556510_v_sochi_startoval_sammit_putin___ruhani___jerdogan-150x85.jpg 150w\" sizes=\"auto, (max-width: 720px) 100vw, 720px\" \/><\/figure><\/li><li class=\"blocks-gallery-item\"><figure><img loading=\"lazy\" decoding=\"async\" width=\"800\" height=\"499\" src=\"https:\/\/fedai.az\/wp-content\/uploads\/2021\/12\/1512555855_14987351505954e22ec5d841.44590053.jpg\" alt=\"\" data-id=\"57043\" data-full-url=\"https:\/\/fedai.az\/wp-content\/uploads\/2021\/12\/1512555855_14987351505954e22ec5d841.44590053.jpg\" data-link=\"https:\/\/fedai.az\/?attachment_id=57043\" class=\"wp-image-57043\" srcset=\"https:\/\/fedai.az\/wp-content\/uploads\/2021\/12\/1512555855_14987351505954e22ec5d841.44590053.jpg 800w, https:\/\/fedai.az\/wp-content\/uploads\/2021\/12\/1512555855_14987351505954e22ec5d841.44590053-300x187.jpg 300w, https:\/\/fedai.az\/wp-content\/uploads\/2021\/12\/1512555855_14987351505954e22ec5d841.44590053-150x94.jpg 150w, https:\/\/fedai.az\/wp-content\/uploads\/2021\/12\/1512555855_14987351505954e22ec5d841.44590053-768x479.jpg 768w, https:\/\/fedai.az\/wp-content\/uploads\/2021\/12\/1512555855_14987351505954e22ec5d841.44590053-115x73.jpg 115w\" sizes=\"auto, (max-width: 800px) 100vw, 800px\" \/><\/figure><\/li><\/ul><\/figure>\n\n\n\n<p><br>Rusiyan\u0131n plan\u0131n\u0131n mahiyy\u0259ti bel\u0259 idi. Moskva yax\u015f\u0131 bilirdi ki, onun Yax\u0131n \u015e\u0259rq\u0259 ciddi n\u0259zar\u0259t etm\u0259k g\u00fcc\u00fc yoxdur v\u0259 he\u00e7 zaman olmayacaq. Bu o dem\u0259kdir ki, o, \u00f6z n\u00f6vb\u0259sind\u0259 Rusiya t\u0259r\u0259find\u0259n idar\u0259 oluna bil\u0259nl\u0259rin n\u0259zar\u0259tind\u0259 olmal\u0131d\u0131r.<\/p>\n\n\n\n<p>\u00dcst\u0259lik, burada \u0259n m\u00fch\u00fcm m\u0259qam o idi ki, \u00f6lk\u0259l\u0259rin \u0259m\u0259kda\u015fl\u0131\u011f\u0131 qar\u015f\u0131l\u0131ql\u0131 sur\u0259td\u0259 faydal\u0131 olmal\u0131d\u0131r. Rusiyan\u0131n vurulan Su-24 t\u0259yyar\u0259si il\u0259 t\u0259xribatdan sonra \u0259n m\u00fch\u00fcm rolu, m\u0259hz bu m\u0259qam oynad\u0131. Moskva il\u0259 Ankaran\u0131n m\u00fcnasib\u0259tl\u0259ri vassal olsayd\u0131, T\u00fcrkiy\u0259 he\u00e7 vaxt \u201cMoskvan\u0131n p\u0259nc\u0259sin\u0259\u201d qay\u0131tmazd\u0131, amma qar\u015f\u0131l\u0131ql\u0131 maraqlar \u0259n g\u00fccl\u00fc neqativ emosiyalardan bel\u0259 qat-qat g\u00fccl\u00fc oldu\u011fu ortaya \u00e7\u0131xd\u0131.<br>2015-ci ilin noyabr\u0131nda Rusiyada y\u00fcks\u0259l\u0259n isteriyan\u0131 xat\u0131rlay\u0131rs\u0131n\u0131z? Z\u0259r\u0259rl\u0259 emosiyalara t\u0259slim olmaq o zaman nec\u0259 d\u0259 asan idi! T\u0259bii ki, Rusiya r\u0259hb\u0259rliyi bununla raz\u0131la\u015fmad\u0131.<\/p>\n\n\n\n<p><br>Regionun sabit v\u0259 proqnozla\u015fd\u0131r\u0131la bil\u0259n olmas\u0131 \u00fc\u00e7\u00fcn Moskva il\u0259 Ankara aras\u0131nda qar\u015f\u0131l\u0131ql\u0131 anla\u015fma kifay\u0259t etm\u0259di. Moskva s\u00fcbut etdi v\u0259 \u018frdo\u011fan\u0131 inand\u0131rd\u0131 ki, \u0130rans\u0131z yeni g\u00fccl\u00fc Yax\u0131n \u015e\u0259rq qurmaq m\u00fcmk\u00fcn deyil. Eyni zamanda T\u00fcrkiy\u0259 Suriya m\u00fcharib\u0259sind\u0259n \u0259vv\u0259l ist\u0259diyi kimi s\u00fcnni d\u00fcnyas\u0131n\u0131n formal lideri olmal\u0131, \u0130ran is\u0259 \u015fi\u0259l\u0259r\u0259 n\u0259zar\u0259t ed\u0259c\u0259kdi. Eyni zamanda, Moskva regionda bu status-kvonu pozmaq ist\u0259y\u0259nl\u0259r \u00fc\u00e7\u00fcn arbitr v\u0259 tarazlay\u0131c\u0131ya \u00e7evrilm\u0259li idi.<\/p>\n\n\n\n<p><br>Bu g\u00fcn biz g\u00f6r\u00fcr\u00fck ki, yeni sistem dem\u0259k olar ki, tamamlan\u0131b v\u0259 onun daxili doldurulmas\u0131 gedir. V\u0259 bu bax\u0131mdan T\u00fcrkiy\u0259 r\u0259hb\u0259rliyinin ilk bax\u0131\u015fdan q\u0259rib\u0259 g\u00f6r\u00fcn\u0259n b\u0259yanat\u0131 \u00e7ox m\u0259ntiqli g\u00f6r\u00fcn\u00fcr. Bizi dinc v\u0259 proqnozla\u015fd\u0131r\u0131la bil\u0259n yeni Yax\u0131n \u015e\u0259rq g\u00f6zl\u0259yir. B\u0259li, \u201canqlosakslar\u201d onillikl\u0259r boyu burada nifaq sald\u0131qdan sonra \u00e7\u0259tin, bu i\u015fl\u0259ri g\u00f6rm\u0259k qeyri-adi d\u0259r\u0259c\u0259d\u0259 \u00e7\u0259tindir. \u018fmin\u0259m ki, Ukrayna m\u0259s\u0259l\u0259sind\u0259 oldu\u011fu kimi, opponentl\u0259r d\u0259 olacaq ki, desinl\u0259r, Rusiyan\u0131n Yax\u0131n \u015e\u0259rqd\u0259 he\u00e7 bir i\u015fi yoxdur. Bura onun \u0259razisi deyil v\u0259 rus o\u011flanlar\u0131 bu m\u00fcharib\u0259d\u0259 \u00f6lm\u0259m\u0259lidir. B\u0259li, etm\u0259m\u0259lidirl\u0259r. Onlar ba\u015fqa m\u00fcharib\u0259l\u0259rd\u0259 \u00f6lm\u0259m\u0259lidirl\u0259r. Rusiyan\u0131n c\u0259nub s\u0259rh\u0259ddind\u0259 bu m\u00fcharib\u0259l\u0259rin qar\u015f\u0131s\u0131n\u0131 almaq \u00fc\u00e7\u00fcn Rusiya (kim\u0259s\u0259 g\u00f6r\u0259 yox, \u00f6z maraqlar\u0131na \u0259saslanaraq) ax\u0131nla getm\u0259m\u0259li, \u00f6z\u00fc d\u0259 b\u00fct\u00fcn imkanlardan istifad\u0259 ed\u0259r\u0259k \u00f6z\u00fc \u00fc\u00e7\u00fcn \u0259lveri\u015fli struktur qurmal\u0131d\u0131r.<\/p>\n\n\n\n<p><br>Rusiyan\u0131n c\u0259nub s\u0259rh\u0259dl\u0259rinin t\u0259hl\u00fck\u0259sizliyi \u0130slam d\u00fcnyas\u0131nda s\u00fclh\u00fc dem\u0259kdir. Bu d\u00fcnya olduqca real v\u0259 \u0259ld\u0259 edil\u0259ndir.<\/p>\n\n\n\n<p><br><strong>M\u0259nb\u0259: topwar.ru (09 dekabr 2017)<\/strong><\/p>\n\n\n\n<p><strong>Haz\u0131rlad\u0131: Nurlan M\u0259mm\u0259dli<\/strong><\/p>\n","protected":false},"excerpt":{"rendered":"<p>Rusiyan\u0131n Yax\u0131n \u015e\u0259rql\u0259 ba\u011fl\u0131 plan\u0131 sad\u0259 v\u0259 regional g\u00fccl\u0259r \u00fc\u00e7\u00fcn ba\u015fa d\u00fc\u015f\u00fcl\u0259ndir. Ona g\u00f6r\u0259 d\u0259 n\u0259inki ona d\u0259st\u0259k oldular, h\u0259tta bu m\u0259s\u0259l\u0259d\u0259 t\u0259\u015f\u0259bb\u00fcs g\u00f6st\u0259rdil\u0259r.<\/p>\n","protected":false},"author":2,"featured_media":57044,"comment_status":"closed","ping_status":"closed","sticky":false,"template":"","format":"standard","meta":{"footnotes":""},"categories":[1],"tags":[],"class_list":["post-57039","post","type-post","status-publish","format-standard","has-post-thumbnail","hentry","category-siyast"],"aioseo_notices":[],"_links":{"self":[{"href":"https:\/\/fedai.az\/index.php?rest_route=\/wp\/v2\/posts\/57039","targetHints":{"allow":["GET"]}}],"collection":[{"href":"https:\/\/fedai.az\/index.php?rest_route=\/wp\/v2\/posts"}],"about":[{"href":"https:\/\/fedai.az\/index.php?rest_route=\/wp\/v2\/types\/post"}],"author":[{"embeddable":true,"href":"https:\/\/fedai.az\/index.php?rest_route=\/wp\/v2\/users\/2"}],"replies":[{"embeddable":true,"href":"https:\/\/fedai.az\/index.php?rest_route=%2Fwp%2Fv2%2Fcomments&post=57039"}],"version-history":[{"count":1,"href":"https:\/\/fedai.az\/index.php?rest_route=\/wp\/v2\/posts\/57039\/revisions"}],"predecessor-version":[{"id":57045,"href":"https:\/\/fedai.az\/index.php?rest_route=\/wp\/v2\/posts\/57039\/revisions\/57045"}],"wp:featuredmedia":[{"embeddable":true,"href":"https:\/\/fedai.az\/index.php?rest_route=\/wp\/v2\/media\/57044"}],"wp:attachment":[{"href":"https:\/\/fedai.az\/index.php?rest_route=%2Fwp%2Fv2%2Fmedia&parent=57039"}],"wp:term":[{"taxonomy":"category","embeddable":true,"href":"https:\/\/fedai.az\/index.php?rest_route=%2Fwp%2Fv2%2Fcategories&post=57039"},{"taxonomy":"post_tag","embeddable":true,"href":"https:\/\/fedai.az\/index.php?rest_route=%2Fwp%2Fv2%2Ftags&post=57039"}],"curies":[{"name":"wp","href":"https:\/\/api.w.org\/{rel}","templated":true}]}}