{"id":57049,"date":"2021-12-21T02:28:33","date_gmt":"2021-12-20T22:28:33","guid":{"rendered":"https:\/\/fedai.az\/?p=57049"},"modified":"2021-12-22T19:45:44","modified_gmt":"2021-12-22T15:45:44","slug":"avmvib-idar%c9%99-hey%c9%99tinin-q%c9%99rari-nec%c9%99-yerin%c9%99-yetirilib","status":"publish","type":"post","link":"https:\/\/fedai.az\/?p=57049","title":{"rendered":"AVMV\u0130B \u0130dar\u0259 Hey\u0259tinin Q\u0259rar\u0131 nec\u0259 yerin\u0259 yetirilib?"},"content":{"rendered":"\n<p><strong>Az\u0259rbaycan V\u0259t\u0259n M\u00fcharib\u0259si Veteranlar\u0131 \u0130ctimai Birliyi (AVMV\u0130B) \u0130dar\u0259 Hey\u0259tinin Q\u0259rar\u0131n\u0131 yerin\u0259 yetirm\u0259y\u0259n rayon \u015f\u00f6b\u0259l\u0259ri haqq\u0131nda ciddi t\u0259dbirl\u0259r h\u0259yata ke\u00e7iril\u0259c\u0259k. \u00c7\u00fcnki bu m\u0259s\u0259l\u0259 bir \u00e7ox n\u00fcanslar\u0131 \u00fcz\u0259 \u00e7\u0131xard\u0131. B\u0259zi \u015f\u00f6b\u0259l\u0259rimizin tam yoxlu\u011funu m\u00fc\u0259yy\u0259n etdik.<\/strong><\/p>\n\n\n\n<p><strong> <\/strong>B\u0259zil\u0259rinin m\u0259suliyy\u0259tsiz v\u0259 i\u015fl\u0259m\u0259k qabiliyy\u0259tinin &#171;0&#187; oldu\u011fu m\u0259lum oldu. B\u0259zi \u015f\u00f6b\u0259 s\u0259drl\u0259rinin bu ad arxas\u0131nda gizl\u0259n\u0259r\u0259k yaln\u0131z \u00f6z \u015f\u0259xsi probleml\u0259rinin h\u0259lli il\u0259 m\u0259\u015f\u011ful oldu\u011fu \u00fcz\u0259 \u00e7\u0131xd\u0131. Bel\u0259 \u015f\u00f6b\u0259l\u0259rin yenid\u0259n b\u0259rpas\u0131na ciddi ehtiyac duyulur. Y\u0259qin ki, 2022-ci ild\u0259n bu probleml\u0259rin h\u0259llin\u0259 ba\u015flayaca\u011f\u0131q. \u018fslind\u0259 bu c\u0259dv\u0259l el\u0259 \u015f\u00f6b\u0259l\u0259rin f\u0259aliyy\u0259t g\u00f6st\u0259ricisi kimi d\u0259 q\u0259bul edil\u0259 bil\u0259r.<\/p>\n\n\n\n<p><br><strong>Ba\u015fqa bir m\u0259qama diqq\u0259t yetir\u0259k. Az\u0259rbaycan V\u0259t\u0259n M\u00fcharib\u0259si Veteranlar\u0131 \u0130ctimai Birliyind\u0259 (AVMV\u0130B) s\u0259drin s\u0259lahiyy\u0259tli n\u00fcmay\u0259nd\u0259l\u0259ri f\u0259aliyy\u0259t g\u00f6st\u0259rm\u0259kd\u0259dir. <\/strong>Qaraba\u011f b\u00f6lg\u0259si \u00fczr\u0259 Az\u0259rbaycan V\u0259t\u0259n M\u00fcharib\u0259si Veteranlar\u0131 \u0130ctimai Birliyi (AVMV\u0130B) Xocav\u0259nd rayon \u015f\u00f6b\u0259sinin s\u0259dri Akif H\u0259s\u0259nov, AVMV\u0130B \u015eirvan b\u00f6lg\u0259si \u00fczr\u0259, AVMV\u0130B \u0130smay\u0131ll\u0131 rayon \u015f\u00f6b\u0259sinin s\u0259dri Ravid P\u0259nahov, \u015eimal b\u00f6lg\u0259l\u0259ri \u00fczr\u0259 AVMV\u0130B Quba rayon \u015f\u00f6b\u0259sinin s\u0259dri \u0130smay\u0131l Babayev, AVMV\u0130B Sumqay\u0131t \u015f\u0259h\u0259r \u015f\u00f6b\u0259sinin s\u0259dr m\u00fcavini Z\u0259k\u0259riyya R\u0259himov, AVMV\u0130B N\u0259simi rayon \u015f\u00f6b\u0259sinin s\u0259dri Elmar H\u00fcseynov, Ming\u0259\u00e7evir \u015f\u0259h\u0259r \u015f\u00f6b\u0259sinin s\u0259dri, AVMV\u0130B s\u0259drinin m\u00fcavini Natiq H\u0259s\u0259nov, AVMV\u0130B G\u00f6yg\u00f6l rayon \u015f\u00f6b\u0259sinin s\u0259dri H\u0259bib H\u00fcseynov v\u0259 Qazax rayon \u015f\u00f6b\u0259sinin s\u0259dri Vaqif Sad\u0131qov AVMV\u0130B \u0130dar\u0259 Hey\u0259tinin Q\u0259rar\u0131n\u0131n icras\u0131yla ba\u011fl\u0131 i\u015fl\u0259rin g\u00f6rm\u0259lm\u0259siyl\u0259 ba\u011fl\u0131 yaz\u0131lan iradlara cavab veribl\u0259r.<\/p>\n\n\n\n<div class=\"wp-block-media-text alignwide is-stacked-on-mobile\" style=\"grid-template-columns:36% auto\"><figure class=\"wp-block-media-text__media\"><img loading=\"lazy\" decoding=\"async\" width=\"234\" height=\"251\" src=\"https:\/\/fedai.az\/wp-content\/uploads\/2021\/12\/ak8.jpg\" alt=\"\" class=\"wp-image-56504 size-full\" srcset=\"https:\/\/fedai.az\/wp-content\/uploads\/2021\/12\/ak8.jpg 234w, https:\/\/fedai.az\/wp-content\/uploads\/2021\/12\/ak8-140x150.jpg 140w\" sizes=\"auto, (max-width: 234px) 100vw, 234px\" \/><\/figure><div class=\"wp-block-media-text__content\">\n<p class=\"has-large-font-size\"><strong><span class=\"has-inline-color has-vivid-red-color\">Akif H\u0259s\u0259nov<\/span><\/strong><\/p>\n\n\n\n<p><strong>Az\u0259rbaycan V\u0259t\u0259n M\u00fcharib\u0259si Veteranlar\u0131 \u0130ctimai Birliyi (AVMV\u0130B) s\u0259drinin s\u0259lahiyy\u0259tli n\u00fcmay\u0259nd\u0259si, Xocav\u0259nd rayon \u015f\u00f6b\u0259sinin s\u0259dri Akif H\u0259s\u0259nov bildirdi ki, <\/strong>Qaraba\u011f \u00fczr\u0259 s\u0259lahiyy\u0259tli n\u00fcmay\u0259nd\u0259 kimi h\u0259r bir rayon \u015f\u00f6b\u0259si il\u0259 f\u0259rdi i\u015f aparm\u0131\u015fam. Bundan \u0259lav\u0259 yax\u0131n rayonlar\u0131n da \u015f\u00f6b\u0259 s\u0259drl\u0259ri il\u0259 t\u0259maslarda AVMV\u0130B \u0130dar\u0259 Hey\u0259tinin Q\u0259rar\u0131n\u0131n yerin\u0259 yetirilm\u0259sinin m\u0259cburi oldu\u011funu v\u0259 bizim v\u0259zif\u0259miz oldu\u011funu izah etmi\u015f\u0259m. Xocav\u0259nd, Beyl\u0259qan, B\u0259rd\u0259, A\u011fcab\u0259di, A\u011fdam, A\u011fd\u0259r\u0259, Xocal\u0131, Xank\u0259ndi, C\u0259bray\u0131l, F\u00fczuli, B\u0259rd\u0259, T\u0259rt\u0259r v\u0259 \u0130mi\u015fli rayonlar\u0131 aras\u0131nda Q\u0259rar\u0131 yerin\u0259 yetirm\u0259y\u0259n A\u011fdam, F\u00fczuli, A\u011fd\u0259r\u0259, T\u0259rt\u0259r \u015f\u00f6b\u0259l\u0259ri \u00f6z f\u0259aliyy\u0259tl\u0259rin\u0259 yenid\u0259n baxmal\u0131d\u0131rlar. Bu hal utancvericidir v\u0259 Q\u0259rar\u0131n yerin\u0259 yetirilm\u0259m\u0259si v\u0259 qism\u0259n yerin\u0259 yetirilm\u0259siyl\u0259 ba\u011fl\u0131 s\u0259lahiyy\u0259tli n\u00fcmay\u0259nd\u0259 kimi \u00f6z raportlar\u0131m\u0131z\u0131 yaz\u0131b AVMV\u0130B NTK v\u0259 AVMV\u0130B s\u0259drini m\u0259lumatland\u0131rmal\u0131y\u0131q. Yorulanlar\u0131 istirah\u0259t\u0259 yola salaq v\u0259 s\u0131ralar\u0131m\u0131zda g\u0259ncl\u0259rimiz art\u0131q t\u0259\u015fkilatlan\u0131rlar. Onlar\u0131n yollar\u0131n\u0131 bel\u0259 f\u0259aliyy\u0259tini qura bilm\u0259y\u0259n \u015f\u00f6b\u0259l\u0259rd\u0259n t\u0259mizl\u0259y\u0259k.<\/p>\n<\/div><\/div>\n\n\n\n<p><br><\/p>\n\n\n\n<div class=\"wp-block-media-text alignwide has-media-on-the-right is-stacked-on-mobile\" style=\"grid-template-columns:auto 39%\"><figure class=\"wp-block-media-text__media\"><img loading=\"lazy\" decoding=\"async\" width=\"302\" height=\"301\" src=\"https:\/\/fedai.az\/wp-content\/uploads\/2021\/12\/ii8-2.jpg\" alt=\"\" class=\"wp-image-57050 size-full\" srcset=\"https:\/\/fedai.az\/wp-content\/uploads\/2021\/12\/ii8-2.jpg 302w, https:\/\/fedai.az\/wp-content\/uploads\/2021\/12\/ii8-2-300x300.jpg 300w, https:\/\/fedai.az\/wp-content\/uploads\/2021\/12\/ii8-2-150x150.jpg 150w, https:\/\/fedai.az\/wp-content\/uploads\/2021\/12\/ii8-2-215x215.jpg 215w\" sizes=\"auto, (max-width: 302px) 100vw, 302px\" \/><\/figure><div class=\"wp-block-media-text__content\">\n<p class=\"has-large-font-size\"><strong><span class=\"has-inline-color has-vivid-red-color\">Natiq H\u0259s\u0259nov<\/span><\/strong><\/p>\n\n\n\n<p><strong>Az\u0259rbaycan V\u0259t\u0259n M\u00fcharib\u0259si Veteranlar\u0131 \u0130ctimai Birliyi (AVMV\u0130B) s\u0259drinin s\u0259lahiyy\u0259tli n\u00fcmay\u0259nd\u0259si, AVMV\u0130B s\u0259drinin m\u00fcavini, Ming\u0259\u00e7evir \u015f\u0259h\u0259r \u015f\u00f6b\u0259sinin s\u0259dri Natiq H\u0259s\u0259nov<\/strong> qeyd etdi ki, b\u00f6lg\u0131l\u0259rd\u0259 f\u0259aliyy\u0259timizin g\u00fccl\u0259ndirilm\u0259si v\u0259 h\u0259rbi-v\u0259t\u0259np\u0259rv\u0259rlik ruhunun inki\u015faf\u0131 \u00fc\u00e7\u00fcn d\u0259f\u0259l\u0259rl\u0259 m\u00fczakir\u0259l\u0259rimiz olub.<\/p>\n\n\n\n<p> Lakin b\u0259zi rayon \u015f\u00f6b\u0259l\u0259rimiz, h\u0259l\u0259 d\u0259 g\u00fcn\u00fcm\u00fcz\u00fcn reall\u0131qlar\u0131 il\u0259 ayaqla\u015fa bilmirl\u0259r. \u0130ctimai Birlik olaraq 44 g\u00fcnl\u00fck V\u0259t\u0259n m\u00fcharib\u0259sind\u0259 g\u00f6st\u0259rdiyimiz f\u0259aliyy\u0259ti bu g\u00fcn d\u0259 Birliyimiz \u00fc\u00e7\u00fcn, \u015f\u0259hid ail\u0259l\u0259ri v\u0259 qazil\u0259rimiz \u00fc\u00e7\u00fcn canland\u0131rmal\u0131y\u0131q. Art\u0131q h\u0259r bir \u015f\u00f6b\u0259 s\u0259dri \u00f6z\u00fc v\u0259 AVMV\u0130B qar\u015f\u0131s\u0131nda \u00f6z v\u0259zif\u0259sini konkretl\u0259\u015fdirm\u0259lidir. D\u0259f\u0259l\u0259rl\u0259 AVMV\u0130B \u0130dar\u0259 Hey\u0259tinin Q\u0259rar\u0131 il\u0259 ba\u011fl\u0131 g\u00f6st\u0259ri\u015fl\u0259r verilib v\u0259 r\u0259smi olaraq sayt\u0131m\u0131zda yaz\u0131lar d\u0259rc edilib. Amma ilin sonunda yenid\u0259n bu bar\u0259d\u0259 m\u00fczakir\u0259 a\u00e7ma\u011f\u0131m\u0131z bizim i\u015f prinsipl\u0259rimizin do\u011fru olmad\u0131\u011f\u0131n\u0131 s\u00fcbut edir. H\u0259r k\u0259s bilm\u0259lidir ki, AVMV\u0130B-nin verdiyi h\u0259r bir Q\u0259rar qeyd-\u015f\u0259rtsiz yerin\u0259 yetirilm\u0259lidir v\u0259 bu q\u0259rar da yerin\u0259 yetiril\u0259c\u0259k. G\u00fcn\u00fc-g\u00fcn\u0259 satmaqla idar\u0259\u00e7ilik olmaz. B\u0259zi rayon \u015f\u00f6b\u0259l\u0259rinin s\u0259drl\u0259riyl\u0259, dey\u0259s\u0259n yollar\u0131m\u0131z\u0131 ay\u0131rmal\u0131 olaca\u011f\u0131q.<\/p>\n<\/div><\/div>\n\n\n\n<div class=\"wp-block-media-text alignwide is-stacked-on-mobile\" style=\"grid-template-columns:34% auto\"><figure class=\"wp-block-media-text__media\"><img loading=\"lazy\" decoding=\"async\" width=\"169\" height=\"197\" src=\"https:\/\/fedai.az\/wp-content\/uploads\/2021\/12\/nnb6.png\" alt=\"\" class=\"wp-image-57051 size-full\" srcset=\"https:\/\/fedai.az\/wp-content\/uploads\/2021\/12\/nnb6.png 169w, https:\/\/fedai.az\/wp-content\/uploads\/2021\/12\/nnb6-129x150.png 129w\" sizes=\"auto, (max-width: 169px) 100vw, 169px\" \/><\/figure><div class=\"wp-block-media-text__content\">\n<p class=\"has-large-font-size\"><strong><span class=\"has-inline-color has-vivid-red-color\">Vaqif Sad\u0131qov<\/span><\/strong><\/p>\n\n\n\n<p><strong>Az\u0259rbaycan V\u0259t\u0259n M\u00fcharib\u0259si Veteranlar\u0131 \u0130ctimai Birliyi (AVMV\u0130B) s\u0259drinin s\u0259lahiyy\u0259tli n\u00fcmay\u0259nd\u0259si, Qazax rayon \u015f\u00f6b\u0259sinin s\u0259dri Vaqif Sad\u0131qov <\/strong>m\u0259s\u0259l\u0259y\u0259 m\u00fcnasib\u0259t bildir\u0259r\u0259k dedi: &#171;Q\u0259rar veril\u0259nd\u0259n Qazax, Tovuz, A\u011fstafa, G\u0259d\u0259b\u0259y, \u015e\u0259mkir rayon \u015f\u00f6b\u0259l\u0259ri il\u0259 birg\u0259 veril\u0259n Q\u0259rar\u0131n daim icras\u0131na nail olma\u011fa \u00e7al\u0131\u015fm\u0131\u015f\u0131q. G\u0259d\u0259b\u0259y rayonu istisna olmaqla. Bu \u015f\u00f6b\u0259y\u0259 s\u0259dr yeni t\u0259yin olunub v\u0259 f\u0259aliyy\u0259ti tam b\u0259rpa olunmay\u0131b. Amma m\u00f6vcud olan rayon \u015f\u00f6b\u0259l\u0259rind\u0259n, dig\u0259r iki &#8212; Qazax v\u0259 \u015e\u0259mkir rayonlar\u0131nda s\u0259dr d\u0259yi\u015fiklikl\u0259ri edilib. Dem\u0259k olar ki, dig\u0259r \u015f\u00f6b\u0259l\u0259rimiz Q\u0259rar\u0131 ilin sonunad\u0259k tam icra ed\u0259c\u0259kl\u0259r.<\/p>\n<\/div><\/div>\n\n\n\n<p><br><strong>\u0130lk bax\u0131\u015fda adi g\u00f6r\u00fcn\u0259n bu m\u0259s\u0259l\u0259, h\u0259m d\u0259 Birlik daxilind\u0259 intizam\u0131n g\u00f6st\u0259ricisi say\u0131lmal\u0131d\u0131r. \u00d6t\u0259n il\u0259 nisb\u0259t\u0259n dem\u0259k olar ki, m\u00fc\u0259yy\u0259n ir\u0259lil\u0259yi\u015f \u0259ld\u0259 etmi\u015fik. Amma biz m\u0259bl\u0259\u011fi yazma\u011fa utan\u0131r\u0131q ki, bizi b\u0259zil\u0259ri q\u0131nayarlar. Dekabr ay\u0131n\u0131n 28-d\u0259 yekun ara\u015fd\u0131rma yaz\u0131s\u0131 yay\u0131nlanacaq. 4 il \u0259rzind\u0259 bir i\u015f g\u00f6rm\u0259y\u0259n \u015f\u00f6b\u0259l\u0259rin bu g\u00fcnl\u0259r \u0259rzind\u0259 &#171;inqilabi&#187; s\u0131\u00e7ray\u0131\u015f etm\u0259l\u0259rin\u0259 inanmaq ist\u0259rdik&#8230;<\/strong><\/p>\n\n\n\n<p><strong><br>Bu g\u00fcn\u0259d\u0259k olan statistik c\u0259dv\u0259li diqq\u0259tiniz\u0259 \u00e7atd\u0131r\u0131r\u0131q:<\/strong><\/p>\n\n\n\n<ol class=\"wp-block-list\"><li><strong><span class=\"has-inline-color has-vivid-green-cyan-color\">AVMV\u0130B Xank\u0259ndi rayon \u015f\u00f6b\u0259si \u2014 141,6%<\/span><\/strong><\/li><li><strong><span class=\"has-inline-color has-vivid-green-cyan-color\">AVMV\u0130B \u0130mi\u015fli rayon \u015f\u00f6b\u0259si \u2014 140,0%<\/span><\/strong><\/li><li><strong><span class=\"has-inline-color has-vivid-green-cyan-color\">AVMV\u0130B La\u00e7\u0131n rayon \u015f\u00f6b\u0259si \u2014 130,0%<\/span><\/strong><\/li><li><strong><span class=\"has-inline-color has-vivid-green-cyan-color\">AVMV\u0130B Xocav\u0259nd rayon \u015f\u00f6b\u0259si \u2014 125,0%<\/span><\/strong><\/li><li><strong><span class=\"has-inline-color has-vivid-green-cyan-color\">AVMV\u0130B Ming\u0259\u00e7evir \u015f\u0259h\u0259r \u015f\u00f6b\u0259si \u2014 125,0%<\/span><\/strong><\/li><li><strong><span class=\"has-inline-color has-vivid-green-cyan-color\">AVMV\u0130B N\u0259simi rayon \u015f\u00f6b\u0259si \u2014 116,6%<\/span><\/strong><\/li><li><strong><span class=\"has-inline-color has-vivid-red-color\">AVMV\u0130B N\u0259rimanov rayon \u015f\u00f6b\u0259si \u2014 100,0%<\/span><\/strong><\/li><li><strong><span class=\"has-inline-color has-vivid-red-color\">AVMV\u0130B D\u0259mir Yolu \u015f\u00f6b\u0259si \u2014 100,0%<\/span><\/strong><\/li><li><strong><span class=\"has-inline-color has-vivid-red-color\">AVMV\u0130B Z\u0259rdab rayon \u015f\u00f6b\u0259si \u2014 100,0%<\/span><\/strong><\/li><li><strong><span class=\"has-inline-color has-vivid-red-color\">AVMV\u0130B Qubadl\u0131 rayon \u015f\u00f6b\u0259si \u2014 100,0%<\/span><\/strong><\/li><li><strong><span class=\"has-inline-color has-vivid-red-color\">AVMV\u0130B Qazax rayon \u015f\u00f6b\u0259si \u2014 100,0%<\/span><\/strong><\/li><li><strong><span class=\"has-inline-color has-vivid-red-color\">AVMV\u0130B \u00c7ilov \u015f\u00f6b\u0259si \u2014 100,0%<\/span><\/strong><\/li><li><strong><span class=\"has-inline-color has-vivid-red-color\">AVMV\u0130B Yasamal rayon \u015f\u00f6b\u0259si \u2014 100,0%<\/span><\/strong><\/li><li><strong><span class=\"has-inline-color has-vivid-red-color\">AVMV\u0130B Saatl\u0131 rayon \u015f\u00f6b\u0259si \u2014 100,0,%<\/span><\/strong><\/li><li><strong><span class=\"has-inline-color has-vivid-red-color\">AVMV\u0130B L\u0259nk\u0259ran rayon \u015f\u00f6b\u0259si \u2014 100,0%<\/span><\/strong><\/li><li><strong><span class=\"has-inline-color has-vivid-red-color\">AVMV\u0130B Sumqay\u0131t \u015f\u0259h\u0259r \u015f\u00f6b\u0259si \u2014 100,0%<\/span><\/strong><\/li><li><strong><span class=\"has-inline-color has-vivid-red-color\">AVMV\u0130B G\u0259nc\u0259 \u015f\u0259h\u0259r \u015f\u00f6b\u0259si \u2014 100,0%<\/span><\/strong><\/li><li><strong><span class=\"has-inline-color has-vivid-red-color\">AVMV\u0130B Suraxan\u0131 rayon \u015f\u00f6b\u0259si \u2014 100,0%<\/span><\/strong><\/li><li><strong><span class=\"has-inline-color has-vivid-red-color\">AVMV\u0130B Sabun\u00e7u rayon \u015f\u00f6b\u0259si \u2014 100,0%<\/span><\/strong><\/li><li><strong><span class=\"has-inline-color has-vivid-red-color\">AVMV\u0130B Bin\u0259q\u0259di rayon \u015f\u00f6b\u0259si \u2014 100,0%<\/span><\/strong><\/li><li>AVMV\u0130B G\u00f6yg\u00f6l rayon \u015f\u00f6b\u0259si \u2014 83,3%<\/li><li>AVMV\u0130B A\u011fstafa rayon \u015f\u00f6b\u0259si \u2014 83,3%<\/li><li>AVMV\u0130B C\u0259bray\u0131l rayon \u015f\u00f6b\u0259si \u2014 75,0%<\/li><li>AVMV\u0130B \u015e\u0259mkir rayon \u015f\u00f6b\u0259si \u2014 66,6%<\/li><li>AVMV\u0130B Tovuz rayon \u015f\u00f6b\u0259si \u2014 66,6%<\/li><li>AVMV\u0130B B\u0259rd\u0259 rayon \u015f\u00f6b\u0259si \u2014 58,3%<\/li><li>AVMV\u0130B Naftalan rayon \u015f\u00f6b\u0259si \u2014 50,0%<\/li><li>AVMV\u0130B Nizami rayon \u015f\u00f6b\u0259si \u2014 41,6%<\/li><li>AVMV\u0130B A\u011fda\u015f rayon \u015f\u00f6b\u0259si \u2014 41,6%<\/li><li>AVMV\u0130B \u015eirvan \u015f\u0259h\u0259r \u015f\u00f6b\u0259si \u2014 41,6%<\/li><li>AVMV\u0130B X\u0259tai rayon \u015f\u00f6b\u0259si \u2014 41,6%<\/li><li>AVMV\u0130B Qusar rayon \u015f\u00f6b\u0259si \u2014 41,6%<\/li><li>AVMV\u0130B X\u0259z\u0259r rayon \u015f\u00f6b\u0259si \u2014 33,3%<\/li><li>AVMV\u0130B Ucar rayon \u015f\u00f6b\u0259si \u2014 33,3%<\/li><li>AVMV\u0130B Balak\u0259n rayon \u015f\u00f6b\u0259si \u2014 33,3%<\/li><li>AVMV\u0130B \u015eamax\u0131 rayon \u015f\u00f6b\u0259si \u2014 33,3%<\/li><li>AVMV\u0130B \u015eabran rayon \u015f\u00f6b\u0259si \u2014 25,0%<\/li><li>AVMV\u0130B Yevlax rayon \u015f\u00f6b\u0259si \u2014 16,6%<\/li><li>AVMV\u0130B Ab\u015feron rayon \u015f\u00f6b\u0259si \u2014 16,6%<\/li><li>AVMV\u0130B Beyl\u0259qan rayon \u015f\u00f6b\u0259si \u2014 16,6%<\/li><li>AVMV\u0130B Sabirabad rayon \u015f\u00f6b\u0259si \u2014 16,6%<\/li><li>AVMV\u0130B Pirallah\u0131 rayon \u015f\u00f6b\u0259si \u2014 16,6%<\/li><li>AVMV\u0130B Quba rayon \u015f\u00f6b\u0259si \u2014 16,6%<\/li><li>AVMV\u0130B K\u00fcrd\u0259mir rayon \u015f\u00f6b\u0259si \u2014 16,6%<\/li><li>AVMV\u0130B A\u011fsu rayon \u015f\u00f6b\u0259si \u2014 16,6%<\/li><li>AVMV\u0130B Z\u0259ngilan rayon \u015f\u00f6b\u0259si \u2014 8,3%<\/li><li>AVMV\u0130B \u0130smay\u0131ll\u0131 rayon \u015f\u00f6b\u0259si \u2014 8,3%<\/li><li>AVMV\u0130B Bil\u0259suvar rayon \u015f\u00f6b\u0259si \u2014 8,3%<\/li><li>AVMV\u0130B Xocal\u0131 rayon \u015f\u00f6b\u0259si \u2014 8,3%<\/li><\/ol>\n\n\n\n<p><strong>\u0130ndis\u0259 AVMV\u0130B \u0130dar\u0259 Hey\u0259tinin Q\u0259rar\u0131n\u0131 saya salmayan \u015f\u00f6b\u0259l\u0259rimizin siyah\u0131s\u0131na diqq\u0259t yetirin:<\/strong><\/p>\n\n\n\n<ol class=\"wp-block-list\"><li>AVMV\u0130B Neft\u00e7ala rayon \u015f\u00f6b\u0259si \u2014 0%<\/li><li>AVMV\u0130B S\u0259bail rayon \u015f\u00f6b\u0259si \u2014 0%<\/li><li>AVMV\u0130B Qarada\u011f rayon \u015f\u00f6b\u0259si \u2014 0%<\/li><li>AVMV\u0130B X\u0131z\u0131 rayon \u015f\u00f6b\u0259si \u2014 0%<\/li><li>AVMV\u0130B Zaqatala rayon \u015f\u00f6b\u0259si \u2014 0%<\/li><li>AVMV\u0130B Hac\u0131qabul rayon \u015f\u00f6b\u0259si \u2014 0%<\/li><li>AVMV\u0130B Q\u0259b\u0259l\u0259 rayon \u015f\u00f6b\u0259si \u2014 0%<\/li><li>AVMV\u0130B O\u011fuz rayon \u015f\u00f6b\u0259si \u2014 0%<\/li><li>AVMV\u0130B Qax rayon \u015f\u00f6b\u0259si \u2014 0%<\/li><li>AVMV\u0130B G\u0259d\u0259b\u0259y rayon \u015f\u00f6b\u0259si &#8212; 0%<\/li><li>AVMV\u0130B Siy\u0259z\u0259n rayon \u015f\u00f6b\u0259si \u2014 0%<\/li><li>AVMV\u0130B Xa\u00e7maz rayon \u015f\u00f6b\u0259si \u2014 0%<\/li><li>AVMV\u0130B F\u00fczuli rayon \u015f\u00f6b\u0259si \u2014 0%<\/li><li>AVMV\u0130B T\u0259rt\u0259r rayon \u015f\u00f6b\u0259si \u2014 0%<\/li><li>AVMV\u0130B A\u011fdam rayon \u015f\u00f6b\u0259si \u2014 0%<\/li><li>AVMV\u0130B Da\u015fk\u0259s\u0259n rayon \u015f\u00f6b\u0259si \u2014 0%<\/li><li>AVMV\u0130B G\u00f6y\u00e7ay rayon \u015f\u00f6b\u0259si \u2014 0%<\/li><li>AVMV\u0130B Salyan rayon \u015f\u00f6b\u0259si \u2014 0%<\/li><li>AVMV\u0130B A\u011fcab\u0259di rayon \u015f\u00f6b\u0259si \u2014 0%<\/li><li>AVMV\u0130B Goranboy rayon \u015f\u00f6b\u0259si \u2014 0%<\/li><li>AVMV\u0130B A\u011fd\u0259r\u0259 rayon \u015f\u00f6b\u0259si \u2014 0%<\/li><li>AVMV\u0130B K\u0259lb\u0259c\u0259r rayon \u015f\u00f6b\u0259si \u2014 0%<\/li><li>AVMV\u0130B K\u0259p\u0259z rayon \u015f\u00f6b\u0259si \u2014 0%<\/li><li>AVMV\u0130B \u015eu\u015fa rayon \u015f\u00f6b\u0259si \u2014 0%<\/li><\/ol>\n\n\n\n<p><strong>M\u00f6vzuya qay\u0131daca\u011f\u0131q\u2026<\/strong><\/p>\n\n\n\n<p><strong>Xaqani \u018fd\u0259bo\u011flu<br>AVMV\u0130B \u0130dar\u0259 Hey\u0259tinin \u00fczv\u00fc, M\u0259tbuat Xidm\u0259tinin r\u0259hb\u0259ri<\/strong><\/p>\n","protected":false},"excerpt":{"rendered":"<p>Az\u0259rbaycan V\u0259t\u0259n M\u00fcharib\u0259si Veteranlar\u0131 \u0130ctimai Birliyi (AVMV\u0130B) \u0130dar\u0259 Hey\u0259tinin Q\u0259rar\u0131n\u0131 yerin\u0259 yetirm\u0259y\u0259n rayon \u015f\u00f6b\u0259l\u0259ri haqq\u0131nda ciddi t\u0259dbirl\u0259r h\u0259yata ke\u00e7iril\u0259c\u0259k. \u00c7\u00fcnki bu m\u0259s\u0259l\u0259 bir \u00e7ox<\/p>\n","protected":false},"author":2,"featured_media":57052,"comment_status":"closed","ping_status":"closed","sticky":false,"template":"","format":"standard","meta":{"footnotes":""},"categories":[5],"tags":[],"class_list":["post-57049","post","type-post","status-publish","format-standard","has-post-thumbnail","hentry","category-veteran"],"aioseo_notices":[],"_links":{"self":[{"href":"https:\/\/fedai.az\/index.php?rest_route=\/wp\/v2\/posts\/57049","targetHints":{"allow":["GET"]}}],"collection":[{"href":"https:\/\/fedai.az\/index.php?rest_route=\/wp\/v2\/posts"}],"about":[{"href":"https:\/\/fedai.az\/index.php?rest_route=\/wp\/v2\/types\/post"}],"author":[{"embeddable":true,"href":"https:\/\/fedai.az\/index.php?rest_route=\/wp\/v2\/users\/2"}],"replies":[{"embeddable":true,"href":"https:\/\/fedai.az\/index.php?rest_route=%2Fwp%2Fv2%2Fcomments&post=57049"}],"version-history":[{"count":3,"href":"https:\/\/fedai.az\/index.php?rest_route=\/wp\/v2\/posts\/57049\/revisions"}],"predecessor-version":[{"id":57193,"href":"https:\/\/fedai.az\/index.php?rest_route=\/wp\/v2\/posts\/57049\/revisions\/57193"}],"wp:featuredmedia":[{"embeddable":true,"href":"https:\/\/fedai.az\/index.php?rest_route=\/wp\/v2\/media\/57052"}],"wp:attachment":[{"href":"https:\/\/fedai.az\/index.php?rest_route=%2Fwp%2Fv2%2Fmedia&parent=57049"}],"wp:term":[{"taxonomy":"category","embeddable":true,"href":"https:\/\/fedai.az\/index.php?rest_route=%2Fwp%2Fv2%2Fcategories&post=57049"},{"taxonomy":"post_tag","embeddable":true,"href":"https:\/\/fedai.az\/index.php?rest_route=%2Fwp%2Fv2%2Ftags&post=57049"}],"curies":[{"name":"wp","href":"https:\/\/api.w.org\/{rel}","templated":true}]}}