{"id":57094,"date":"2021-12-21T13:29:42","date_gmt":"2021-12-21T09:29:42","guid":{"rendered":"https:\/\/fedai.az\/?p=57094"},"modified":"2021-12-21T13:31:12","modified_gmt":"2021-12-21T09:31:12","slug":"57094","status":"publish","type":"post","link":"https:\/\/fedai.az\/?p=57094","title":{"rendered":"AVMV\u0130B \u015eamax\u0131 rayon \u015f\u00f6b\u0259si \u018fm\u0259kdar idman ustas\u0131n\u0131 t\u0259ltif edib"},"content":{"rendered":"\n<p><strong>\u018fm\u0259kdar idman ustas\u0131, Beyn\u0259lxalq d\u0259r\u0259c\u0259li hakim, m\u00fcharib\u0259 veteran\u0131 Oruc S\u0259m\u0259d o\u011flu Dada\u015fov AVMV\u0130B-nin t\u0259sis etdiyi Xatir\u0259 medal\u0131 il\u0259 t\u0259ltif olunub.<\/strong><\/p>\n\n\n\n<p><br>G\u0259ncl\u0259rin sa\u011flam v\u0259 v\u0259t\u0259np\u0259rv\u0259r ruhda t\u0259rbiy\u0259 olunmas\u0131nda m\u00fcharib\u0259 veteran\u0131 idman\u00e7\u0131 Oruc Dada\u015fovun m\u00fcst\u0259sna xidm\u0259tl\u0259ri var. Onun bu xidm\u0259tl\u0259rini v\u0259 rayonun ictimai h\u0259yat\u0131nda f\u0259all\u0131\u011f\u0131n\u0131 n\u0259z\u0259r\u0259 alaraq onu AVMV\u0130B ad\u0131ndan t\u0259ltif edib.<\/p>\n\n\n\n<figure class=\"wp-block-gallery columns-2 is-cropped wp-block-gallery-1 is-layout-flex wp-block-gallery-is-layout-flex\"><ul class=\"blocks-gallery-grid\"><li class=\"blocks-gallery-item\"><figure><img loading=\"lazy\" decoding=\"async\" width=\"768\" height=\"1024\" src=\"https:\/\/fedai.az\/wp-content\/uploads\/2021\/12\/267826160_441926967465119_817999985577941102_n-768x1024.jpg\" alt=\"\" data-id=\"57095\" data-full-url=\"https:\/\/fedai.az\/wp-content\/uploads\/2021\/12\/267826160_441926967465119_817999985577941102_n.jpg\" data-link=\"https:\/\/fedai.az\/?attachment_id=57095\" class=\"wp-image-57095\" srcset=\"https:\/\/fedai.az\/wp-content\/uploads\/2021\/12\/267826160_441926967465119_817999985577941102_n-768x1024.jpg 768w, https:\/\/fedai.az\/wp-content\/uploads\/2021\/12\/267826160_441926967465119_817999985577941102_n-225x300.jpg 225w, https:\/\/fedai.az\/wp-content\/uploads\/2021\/12\/267826160_441926967465119_817999985577941102_n-113x150.jpg 113w, https:\/\/fedai.az\/wp-content\/uploads\/2021\/12\/267826160_441926967465119_817999985577941102_n-1152x1536.jpg 1152w, https:\/\/fedai.az\/wp-content\/uploads\/2021\/12\/267826160_441926967465119_817999985577941102_n.jpg 1200w\" sizes=\"auto, (max-width: 768px) 100vw, 768px\" \/><\/figure><\/li><li class=\"blocks-gallery-item\"><figure><img loading=\"lazy\" decoding=\"async\" width=\"768\" height=\"1024\" src=\"https:\/\/fedai.az\/wp-content\/uploads\/2021\/12\/265197809_340407267899367_4392462547236384074_n-768x1024.jpg\" alt=\"\" data-id=\"57096\" data-full-url=\"https:\/\/fedai.az\/wp-content\/uploads\/2021\/12\/265197809_340407267899367_4392462547236384074_n.jpg\" data-link=\"https:\/\/fedai.az\/?attachment_id=57096\" class=\"wp-image-57096\" srcset=\"https:\/\/fedai.az\/wp-content\/uploads\/2021\/12\/265197809_340407267899367_4392462547236384074_n-768x1024.jpg 768w, https:\/\/fedai.az\/wp-content\/uploads\/2021\/12\/265197809_340407267899367_4392462547236384074_n-225x300.jpg 225w, https:\/\/fedai.az\/wp-content\/uploads\/2021\/12\/265197809_340407267899367_4392462547236384074_n-113x150.jpg 113w, https:\/\/fedai.az\/wp-content\/uploads\/2021\/12\/265197809_340407267899367_4392462547236384074_n-1152x1536.jpg 1152w, https:\/\/fedai.az\/wp-content\/uploads\/2021\/12\/265197809_340407267899367_4392462547236384074_n.jpg 1200w\" sizes=\"auto, (max-width: 768px) 100vw, 768px\" \/><\/figure><\/li><\/ul><\/figure>\n\n\n\n<p><br>Az\u0259rbaycan V\u0259t\u0259n M\u00fcharib\u0259si Veteranlar\u0131 \u0130ctimai Birliyi (AVMV\u0130B) \u015eamax\u0131 rayon \u015f\u00f6b\u0259sinin s\u0259dri Fuad Samiyev bu bar\u0259d\u0259 m\u0259lumat verib.<\/p>\n\n\n\n<p><br>Fuad Samiyev bildirdi ki, Az\u0259rbaycan V\u0259t\u0259n M\u00fcharib\u0259si Veteranlar\u0131 \u0130ctimai Birliyi (AVMV\u0130B) \u015eamax\u0131 rayon \u015f\u00f6b\u0259si xidm\u0259ti olan m\u00fcharib\u0259 veteranlar\u0131m\u0131z\u0131 unutmur. Bundan sonra da bu istiqam\u0259td\u0259ki f\u0259aliyy\u0259timiz davam etdiril\u0259c\u0259k.<\/p>\n\n\n\n<figure class=\"wp-block-image size-large is-resized\"><img loading=\"lazy\" decoding=\"async\" src=\"https:\/\/fedai.az\/wp-content\/uploads\/2021\/12\/jjh68.jpg\" alt=\"\" class=\"wp-image-57097\" width=\"920\" height=\"558\" srcset=\"https:\/\/fedai.az\/wp-content\/uploads\/2021\/12\/jjh68.jpg 687w, https:\/\/fedai.az\/wp-content\/uploads\/2021\/12\/jjh68-300x182.jpg 300w, https:\/\/fedai.az\/wp-content\/uploads\/2021\/12\/jjh68-150x91.jpg 150w\" sizes=\"auto, (max-width: 920px) 100vw, 920px\" \/><\/figure>\n\n\n\n<p><br>O, \u018fm\u0259kdar idman ustas\u0131, Beyn\u0259lxalq d\u0259r\u0259c\u0259li hakim Oruc Dada\u015fovu t\u0259ltif m\u00fcnasib\u0259tiyl\u0259 t\u0259brik edib v\u0259 g\u0259l\u0259c\u0259k f\u0259aliyy\u0259tind\u0259 u\u011furlar arzulay\u0131b.<\/p>\n\n\n\n<p><br>T\u0259dbird\u0259 m\u00fcharib\u0259 veteranlar\u0131 v\u0259 ictimaiyy\u0259t n\u00fcmay\u0259nd\u0259l\u0259ri i\u015ftirak edibl\u0259r.<\/p>\n\n\n\n<p><br><strong>Elnur S\u0259lim<\/strong><\/p>\n\n\n\n<figure class=\"wp-block-image size-large is-resized\"><img loading=\"lazy\" decoding=\"async\" src=\"https:\/\/fedai.az\/wp-content\/uploads\/2021\/12\/iij7cc3.jpg\" alt=\"\" class=\"wp-image-57098\" width=\"916\" height=\"900\" srcset=\"https:\/\/fedai.az\/wp-content\/uploads\/2021\/12\/iij7cc3.jpg 457w, https:\/\/fedai.az\/wp-content\/uploads\/2021\/12\/iij7cc3-300x295.jpg 300w, https:\/\/fedai.az\/wp-content\/uploads\/2021\/12\/iij7cc3-150x147.jpg 150w\" sizes=\"auto, (max-width: 916px) 100vw, 916px\" \/><\/figure>\n","protected":false},"excerpt":{"rendered":"<p>\u018fm\u0259kdar idman ustas\u0131, Beyn\u0259lxalq d\u0259r\u0259c\u0259li hakim, m\u00fcharib\u0259 veteran\u0131 Oruc S\u0259m\u0259d o\u011flu Dada\u015fov AVMV\u0130B-nin t\u0259sis etdiyi Xatir\u0259 medal\u0131 il\u0259 t\u0259ltif olunub. G\u0259ncl\u0259rin sa\u011flam v\u0259 v\u0259t\u0259np\u0259rv\u0259r<\/p>\n","protected":false},"author":2,"featured_media":57099,"comment_status":"closed","ping_status":"closed","sticky":false,"template":"","format":"standard","meta":{"footnotes":""},"categories":[5],"tags":[],"class_list":["post-57094","post","type-post","status-publish","format-standard","has-post-thumbnail","hentry","category-veteran"],"aioseo_notices":[],"_links":{"self":[{"href":"https:\/\/fedai.az\/index.php?rest_route=\/wp\/v2\/posts\/57094","targetHints":{"allow":["GET"]}}],"collection":[{"href":"https:\/\/fedai.az\/index.php?rest_route=\/wp\/v2\/posts"}],"about":[{"href":"https:\/\/fedai.az\/index.php?rest_route=\/wp\/v2\/types\/post"}],"author":[{"embeddable":true,"href":"https:\/\/fedai.az\/index.php?rest_route=\/wp\/v2\/users\/2"}],"replies":[{"embeddable":true,"href":"https:\/\/fedai.az\/index.php?rest_route=%2Fwp%2Fv2%2Fcomments&post=57094"}],"version-history":[{"count":2,"href":"https:\/\/fedai.az\/index.php?rest_route=\/wp\/v2\/posts\/57094\/revisions"}],"predecessor-version":[{"id":57101,"href":"https:\/\/fedai.az\/index.php?rest_route=\/wp\/v2\/posts\/57094\/revisions\/57101"}],"wp:featuredmedia":[{"embeddable":true,"href":"https:\/\/fedai.az\/index.php?rest_route=\/wp\/v2\/media\/57099"}],"wp:attachment":[{"href":"https:\/\/fedai.az\/index.php?rest_route=%2Fwp%2Fv2%2Fmedia&parent=57094"}],"wp:term":[{"taxonomy":"category","embeddable":true,"href":"https:\/\/fedai.az\/index.php?rest_route=%2Fwp%2Fv2%2Fcategories&post=57094"},{"taxonomy":"post_tag","embeddable":true,"href":"https:\/\/fedai.az\/index.php?rest_route=%2Fwp%2Fv2%2Ftags&post=57094"}],"curies":[{"name":"wp","href":"https:\/\/api.w.org\/{rel}","templated":true}]}}