{"id":57110,"date":"2021-12-21T22:52:10","date_gmt":"2021-12-21T18:52:10","guid":{"rendered":"https:\/\/fedai.az\/?p=57110"},"modified":"2021-12-21T22:52:13","modified_gmt":"2021-12-21T18:52:13","slug":"r%c9%99smi-ir%c9%99vanin-h%c9%99rbi-cinay%c9%99tl%c9%99ri-muharib%c9%99d%c9%99n-sonraki-dovrd%c9%99-d%c9%99-davam-edir","status":"publish","type":"post","link":"https:\/\/fedai.az\/?p=57110","title":{"rendered":"R\u0259smi \u0130r\u0259van\u0131n h\u0259rbi cinay\u0259tl\u0259ri m\u00fcharib\u0259d\u0259n sonrak\u0131 d\u00f6vrd\u0259 d\u0259 davam edir!.."},"content":{"rendered":"\n<div class=\"wp-block-media-text alignwide is-stacked-on-mobile\" style=\"grid-template-columns:42% auto\"><figure class=\"wp-block-media-text__media\"><img loading=\"lazy\" decoding=\"async\" width=\"394\" height=\"416\" src=\"https:\/\/fedai.az\/wp-content\/uploads\/2021\/12\/I65-3.jpg\" alt=\"\" class=\"wp-image-57111 size-full\" srcset=\"https:\/\/fedai.az\/wp-content\/uploads\/2021\/12\/I65-3.jpg 394w, https:\/\/fedai.az\/wp-content\/uploads\/2021\/12\/I65-3-284x300.jpg 284w, https:\/\/fedai.az\/wp-content\/uploads\/2021\/12\/I65-3-142x150.jpg 142w\" sizes=\"auto, (max-width: 394px) 100vw, 394px\" \/><\/figure><div class=\"wp-block-media-text__content\">\n<p class=\"has-large-font-size\"><strong>M\u00fc\u015ffiq \u018fliyev<\/strong><\/p>\n\n\n\n<p><em><strong>Az\u0259rbaycan Respublikas\u0131 \u015e\u0259hid Ail\u0259l\u0259rin\u0259 \u201cQay\u011f\u0131\u201d C\u0259miyy\u0259tinin s\u0259dri,&nbsp;Az\u0259rbaycan V\u0259t\u0259n M\u00fcharib\u0259si Veteranlar\u0131 \u0130ctimai Birliyi S\u0259drinin humanitar m\u0259s\u0259l\u0259l\u0259r \u00fczr\u0259 s\u0259lahiyy\u0259tli n\u00fcmay\u0259nd\u0259si&nbsp;<\/strong><\/em><\/p>\n\n\n\n<p><strong>X\u018fZ\u018fR RAYON SAK\u0130N\u0130<\/strong><\/p>\n<\/div><\/div>\n\n\n\n<p>\u00a0<strong>Az\u0259rbaycan v\u0259 Erm\u0259nistan aras\u0131nda m\u00fcnasib\u0259tl\u0259rin normalla\u015fd\u0131r\u0131lmas\u0131 prosesind\u0259 Avropa \u0130ttifaq\u0131n\u0131n s\u0259yl\u0259ri b\u00f6y\u00fck \u0259h\u0259miyy\u0259t\u0259 malikdir. Avropa \u0130ttifaq\u0131n\u0131n s\u00fclh prosesin\u0259 d\u0259st\u0259yi \u00e7ox \u00f6n\u0259mlidir. \u0130kinci Qaraba\u011f m\u00fcharib\u0259sind\u0259n sonra yaranm\u0131\u015f yeni reall\u0131qlar, h\u0259min reall\u0131qlara uy\u011funla\u015fma v\u0259 qon\u015fu olaraq ya\u015fama\u011f\u0131 \u00f6yr\u0259nm\u0259k kimi m\u0259s\u0259l\u0259l\u0259rd\u0259 Avropa \u0130ttifaq\u0131n\u0131n rolu v\u0259 s\u0259yl\u0259ri b\u00f6y\u00fck \u0259h\u0259miyy\u0259t k\u0259sb edir. Erm\u0259nistan t\u0259r\u0259find\u0259n d\u0259rhal h\u0259yata ke\u00e7iril\u0259c\u0259k f\u0259aliyy\u0259t\u0259 dair m\u00fch\u00fcm q\u0259rarlar q\u0259bul edildi ki, d\u0259mir yolu layih\u0259sinin praktiki realla\u015fd\u0131r\u0131lmas\u0131na start verilsin. Lakin \u00e7ox vacib B\u0259yanat\u0131n bu hiss\u0259sinin icras\u0131 olduqca l\u0259ng gedir. <\/strong><\/p>\n\n\n\n<p>Az\u0259rbaycan is\u0259 art\u0131q i\u015fl\u0259r\u0259 ba\u015flay\u0131b v\u0259 azad edilmi\u015f \u0259razil\u0259rd\u0259n Erm\u0259nistan s\u0259rh\u0259din\u0259 q\u0259d\u0259r d\u0259mir yolu x\u0259tti 2023-c\u00fc ilin sonunad\u0259k haz\u0131r olmal\u0131d\u0131r. \u0130\u015f\u011faldan azad olunmu\u015f \u0259razil\u0259rin minalardan t\u0259mizl\u0259nm\u0259si m\u0259s\u0259l\u0259si h\u0259l\u0259 d\u0259 \u00f6z h\u0259llini tapmay\u0131b. Avropa \u0130ttifaq\u0131n\u0131n bu m\u0259s\u0259l\u0259d\u0259 yard\u0131m\u00e7\u0131 olmaq arzusu Az\u0259rbaycan t\u0259r\u0259find\u0259n y\u00fcks\u0259k qiym\u0259tl\u0259ndirilir. M\u00fcharib\u0259 bitdikd\u0259n sonra 200 n\u0259f\u0259r\u0259 yax\u0131n insan minalar s\u0259b\u0259bind\u0259n h\u0259lak olub v\u0259 ya a\u011f\u0131r yaralan\u0131b. Avropa \u0130ttifaq\u0131 t\u0259r\u0259find\u0259n Erm\u0259nistana t\u0259qdim edil\u0259c\u0259k paketin h\u0259cmi 2.6 milyard dollar, Az\u0259rbaycana is\u0259 140 milyondur. H\u0259tta azad olunmu\u015f \u0259razil\u0259rd\u0259 Erm\u0259nistan t\u0259r\u0259find\u0259n t\u00f6r\u0259dilmi\u015f d\u0259h\u015f\u0259tli da\u011f\u0131nt\u0131lar\u0131 k\u0259nara qoysaq bel\u0259, h\u0259r iki \u00f6lk\u0259nin \u0259halisinin say\u0131na n\u0259z\u0259r salsaq, g\u00f6r\u0259rik ki, f\u0259rq 5 d\u0259f\u0259d\u0259n \u00e7oxdur \u2013 Az\u0259rbaycan\u0131n \u0259halisi 10 milyon, Erm\u0259nistanda is\u0259 2 milyon.<\/p>\n\n\n\n<p> Bundan \u0259lav\u0259, i\u015f\u011fal ill\u0259ri \u0259rzind\u0259 Livan\u0131n sah\u0259sin\u0259 b\u0259rab\u0259r \u0259razil\u0259r tamamil\u0259 da\u011f\u0131d\u0131l\u0131b. Bu g\u00fcn \u0259cn\u0259bi v\u0259t\u0259nda\u015flar v\u0259 jurnalistl\u0259r h\u0259min \u0259razil\u0259r\u0259 s\u0259f\u0259r ed\u0259nd\u0259 da\u011f\u0131nt\u0131lar\u0131n miqyas\u0131n\u0131 \u00f6z g\u00f6zl\u0259ri il\u0259 g\u00f6r\u00fcrl\u0259r. Eyni zamanda, 1 milyona yax\u0131n mina basd\u0131r\u0131l\u0131b. Minalar\u0131 t\u0259mizl\u0259m\u0259 prosesi olduqca baha ba\u015fa g\u0259lir v\u0259 \u00e7ox vaxt apar\u0131r. Erm\u0259nistanda he\u00e7 bir da\u011f\u0131nt\u0131 yoxdur. Bu \u00f6lk\u0259 i\u015f\u011fal edilm\u0259mi\u015fdi, o, \u00f6z\u00fc i\u015f\u011fal\u00e7\u0131 idi. Fiziki c\u0259h\u0259td\u0259n bel\u0259 Erm\u0259nistan\u0131n iqtisadiyyat\u0131 bu n\u0259h\u0259ng h\u0259cmli paketi m\u0259nims\u0259y\u0259 bilm\u0259z. Yana\u015fma vahid standartlara \u0259saslanmal\u0131d\u0131r. Az\u0259rbaycana eyni \u015f\u0259rtl\u0259rl\u0259, eyni h\u0259cmd\u0259 v\u0259sait ayr\u0131lmal\u0131d\u0131r. Avropa \u0130ttifaq\u0131 \u00f6z\u00fcn\u00fcn fondlar\u0131 vasit\u0259sil\u0259 Az\u0259rbaycanda minalardan t\u0259mizl\u0259m\u0259 prosesinin maliyy\u0259l\u0259\u015fdirilm\u0259sini n\u0259z\u0259rd\u0259n ke\u00e7irm\u0259lidir. Avropa \u0130ttifaq\u0131 minalar\u0131n t\u0259mizl\u0259nm\u0259si il\u0259 m\u0259\u015f\u011ful olan Avropa \u015firk\u0259tl\u0259rin\u0259 maliyy\u0259 yard\u0131m\u0131 ay\u0131ra bil\u0259r v\u0259 onlar Az\u0259rbaycana g\u0259l\u0259r\u0259k i\u015f\u0259 ba\u015flaya bil\u0259rl\u0259r. \u00c7\u00fcnki Az\u0259rbaycan \u00fc\u00e7\u00fcn fiziki olaraq bunu q\u0131sa m\u00fcdd\u0259td\u0259 etm\u0259k m\u00fcmk\u00fcn deyil. Minalar t\u0259mizl\u0259nm\u0259s\u0259, insanlar\u0131n geri qay\u0131d\u0131\u015f\u0131n\u0131 t\u0259min etm\u0259k m\u00fcmk\u00fcns\u00fczd\u00fcr.<\/p>\n\n\n\n<p>B\u00fct\u00fcn d\u00fcnya ictimaiyy\u0259tin\u0259 m\u0259lumdur ki, Az\u0259rbaycanda media il\u0259 ba\u011fl\u0131 m\u0259hdudiyy\u0259tl\u0259r yoxdur. Az\u0259rbaycanda azad internet var v\u0259 senzura m\u00f6vcud deyil. Az\u0259rbaycan \u0259halisinin 80 faizind\u0259n \u00e7oxu internet istifad\u0259\u00e7isidir, median\u0131 m\u0259hdudla\u015fd\u0131r\u0131b azad internet\u0259 malik olmaq m\u00fcmk\u00fcns\u00fczd\u00fcr. Eynil\u0259 insan h\u00fcquqlar\u0131 m\u0259s\u0259l\u0259si. B\u00fct\u00fcn insan h\u00fcquqlar\u0131 qorunur v\u0259 bu g\u00fcn Az\u0259rbaycan uzun ill\u0259r \u0259vv\u0259l \u00fczl\u0259\u015fdiyi t\u0259nqid\u0259 m\u0259ruz qalm\u0131r.<\/p>\n\n\n\n<p>Onu da qeyd edim ki, AT\u018fT-in mandat\u0131na \u0259sas\u0259n Minsk qrupu 1992-ci ild\u0259n m\u00fcnaqi\u015f\u0259ni h\u0259ll etm\u0259y\u0259 m\u0259cbur idi. Minsk qrupu \u00f6t\u0259n il noyabr\u0131n sonunad\u0259k, Az\u0259rbaycan 44 g\u00fcn \u0259rzind\u0259 \u0259razil\u0259ri azad ed\u0259n\u0259 kimi 28 il \u0259rzind\u0259 f\u0259aliyy\u0259t g\u00f6st\u0259rdi. Minsk qrupunun f\u0259aliyy\u0259ti\u00a0 u\u011fursuz idi. \u018fg\u0259r Minsk qrupunun h\u0259ms\u0259drl\u0259ri &#8212; d\u00fcnyan\u0131n apar\u0131c\u0131 \u00f6lk\u0259l\u0259ri, T\u0259hl\u00fck\u0259sizlik \u015euras\u0131n\u0131n 5 daimi \u00fczv\u00fcnd\u0259n 3-\u00fc, 3 n\u00fcv\u0259 d\u00f6vl\u0259ti, d\u00fcnyan\u0131n \u0259n g\u00fccl\u00fc \u00f6lk\u0259l\u0259ri Erm\u0259nistan\u0131n i\u015f\u011fal\u0131na son qoya bilm\u0259dil\u0259rs\u0259 v\u0259 ya bunu etm\u0259k ist\u0259m\u0259dil\u0259rs\u0259, bu, o dem\u0259kdir ki, onlar\u0131n f\u0259aliyy\u0259ti u\u011fursuz idi. Az\u0259rbaycan xalq\u0131 Minsk qrupu \u00fc\u00e7l\u00fcy\u00fcn\u00fcn daimi s\u0259f\u0259rl\u0259rind\u0259n yorulmu\u015fdu. 20 ild\u0259n \u00e7ox f\u0259aliyy\u0259t g\u00f6st\u0259r\u0259n Minsk qrupunun n\u0259tic\u0259si s\u0131f\u0131ra b\u0259rab\u0259rdir. Erm\u0259nistan\u0131 Az\u0259rbaycan \u0259razil\u0259rini t\u0259rk etm\u0259y\u0259 v\u0259 BMT T\u0259hl\u00fck\u0259sizlik \u015euras\u0131n\u0131n bunu t\u0259l\u0259b ed\u0259n q\u0259tnam\u0259l\u0259rin\u0259 \u0259m\u0259l etm\u0259y\u0259 yola g\u0259tirm\u0259k v\u0259 ya m\u0259cbur etm\u0259k \u00fc\u00e7\u00fcn yegan\u0259 yol Erm\u0259nistana qar\u015f\u0131 sanksiyalar t\u0259tbiq etm\u0259k idi. M\u00fc\u0259yy\u0259n hallarda bu sanksiyalar dig\u0259r \u00f6lk\u0259l\u0259r\u0259 qar\u015f\u0131 t\u0259tbiq olunur, lakin Erm\u0259nistana qar\u015f\u0131 yox. Yen\u0259 d\u0259 ikili standartlar, yen\u0259 d\u0259 \u0259dal\u0259tsiz yana\u015fma. R\u0259smi \u0130r\u0259van\u0131n m\u0259suliyy\u0259tsiz b\u0259yanatlar\u0131na Minsk qrupu reaksiya verm\u0259di. Onlar h\u0259tta bu b\u0259yanat\u0131 pisl\u0259m\u0259dil\u0259r. \u018flb\u0259tt\u0259 ki, bu c\u00fcr davran\u0131\u015f yaln\u0131z Erm\u0259nistan\u0131 dan\u0131\u015f\u0131qlar masas\u0131nda m\u00f6vqeyini m\u00f6hk\u0259ml\u0259ndirm\u0259y\u0259 v\u0259 i\u015f\u011fal\u0131 sonsuz etm\u0259y\u0259 c\u0259sar\u0259tl\u0259ndirdi. <\/p>\n\n\n\n<p>Az\u0259rbaycan C\u0259nub Qaz D\u0259hlizinin 4 seqmentinin ham\u0131s\u0131nda \u0259sas maliyy\u0259 y\u00fck\u00fcn\u00fc \u00f6z \u00fcz\u0259rin\u0259 g\u00f6t\u00fcr\u00fcb. S\u00f6z\u00fcged\u0259n layih\u0259 XXI \u0259srin \u0259n b\u00f6y\u00fck infrastruktur layih\u0259l\u0259rind\u0259n biri hesab olunur. Uzunlu\u011fu 3500 kilometr olan C\u0259nub Qaz D\u0259hlizi Bak\u0131dan Adriatik d\u0259nizinin dibi il\u0259, y\u00fcks\u0259k da\u011fl\u0131q \u0259razil\u0259rd\u0259n ke\u00e7\u0259r\u0259k \u0130taliyaya \u00e7at\u0131r. Bu, texniki bax\u0131mdan \u00e7ox m\u00fcr\u0259kk\u0259b v\u0259 bahal\u0131 layih\u0259dir. \u00d6t\u0259n ilin dekabr\u0131nda layih\u0259nin tam ba\u015fa \u00e7atmas\u0131ndan \u0259vv\u0259l art\u0131q istehlak\u00e7\u0131larla m\u00fcqavil\u0259l\u0259r imzalanm\u0131\u015fd\u0131r. Yanvar\u0131n 1-d\u0259n ba\u015flayaraq \u0130taliya, Yunan\u0131stan v\u0259 Bolqar\u0131stan 7,2 milyard kubmetr qazla t\u0259chiz olunub. G\u0259l\u0259n il bu, 9 milyard, 2023-c\u00fc ild\u0259 az\u0131 11 milyard kubmetr olacaq. Az\u0259rbaycanda neft v\u0259 qaz\u0131n \u00dcDM-d\u0259 h\u0259cminin \u0259h\u0259miyy\u0259tli d\u0259r\u0259c\u0259d\u0259 azald\u0131lmas\u0131na nail olunub. Uzun ill\u0259r bundan \u00f6nc\u0259 neft v\u0259 qaz\u0131n \u00dcDM-d\u0259 pay\u0131 m\u00fctl\u0259q \u00e7oxluq t\u0259\u015fkil edirdi, indi is\u0259 yar\u0131dan da azd\u0131r. Bel\u0259likl\u0259, Az\u0259rbaycan iqtisadiyyat\u0131n\u0131n strukturu daha \u00e7ox balansla\u015fd\u0131r\u0131lm\u0131\u015f oldu. Lakin ixrac\u0131n 90 faizind\u0259n \u00e7oxunu neft, t\u0259bii qaz, neft m\u0259hsullar\u0131 v\u0259 elektrik enerjisi t\u0259\u015fkil edir. Qeyri-enerji layih\u0259l\u0259rinin ixrac\u0131 45 faiz artd\u0131. Energetikaya aid olmayan s\u0259nayemiz 20 faiz artd\u0131 v\u0259 bu \u0259lam\u0259tdar n\u0259tic\u0259dir.<\/p>\n\n\n\n<p>\u00a0\u0130taliya d\u00fcnya miqyas\u0131nda Az\u0259rbaycan\u0131n \u0259n yax\u0131n t\u0259r\u0259fda\u015flar\u0131ndan biridir. \u0130taliya Az\u0259rbaycan\u0131n strateji t\u0259r\u0259fda\u015fl\u0131q haqq\u0131nda s\u0259n\u0259d imzalad\u0131\u011f\u0131 Avropa \u0130ttifaq\u0131na \u00fczv olan 9 d\u00f6vl\u0259td\u0259n biridir. Transadriatik boru k\u0259m\u0259rinin istismara verilm\u0259si il\u0259 Az\u0259rbaycan \u0130taliyan\u0131n m\u00fch\u00fcm t\u0259chizat\u00e7\u0131s\u0131na \u00e7evrilib. \u0130taliya istehlak\u0131nda Az\u0259rbaycan qaz\u0131n\u0131n h\u0259cmi ilb\u0259il artacaq. \u0130taliya dost \u00f6lk\u0259 olaraq azad edilmi\u015f \u0259razil\u0259rd\u0259 f\u0259aliyy\u0259t g\u00f6st\u0259r\u0259c\u0259kdir. \u0130talyan memarlar\u0131 \u015eu\u015fadak\u0131 tarixi abid\u0259l\u0259rin v\u0259 m\u0259scidl\u0259rin b\u0259rpa i\u015fl\u0259rind\u0259 i\u015ftirak ed\u0259c\u0259kl\u0259r. \u0130talyan \u015firk\u0259ti Bak\u0131da Z\u0259f\u0259r Muzeyinin tikintisin\u0259 f\u0259al \u015f\u0259kild\u0259 c\u0259lb olunub. Azad edilmi\u015f \u0259razil\u0259rd\u0259 \u0130talyan \u015firk\u0259tl\u0259rinin \u00e7ox f\u0259al i\u015ftirak etdiyi m\u00fcxt\u0259lif layih\u0259l\u0259r m\u00f6vcuddur.<\/p>\n\n\n\n<p> Az\u0259rbaycan Avrasiyan\u0131n n\u0259qliyyat hab\u0131na \u00e7evrilir. Az\u0259rbaycanda alt\u0131 beyn\u0259lxalq hava liman\u0131 var v\u0259 azad olunmu\u015f \u0259razil\u0259rd\u0259 daha \u00fc\u00e7 beyn\u0259lxalq hava liman\u0131 olacaq. Birinin a\u00e7\u0131l\u0131\u015f\u0131 art\u0131q olub. \u00d6lk\u0259mizi b\u00fct\u00fcn qon\u015fu \u00f6lk\u0259l\u0259rl\u0259 birl\u0259\u015fdir\u0259n d\u0259mir yolu sistemi \u015fax\u0259l\u0259ndirilir. Bundan \u0259lav\u0259 m\u00fcasir magistral yollar var. Davos Forumunun reytinqin\u0259 \u0259sas\u0259n, Az\u0259rbaycan yollar\u0131n keyfiyy\u0259tin\u0259 g\u00f6r\u0259 27-ci, hava n\u0259qliyyat\u0131 xidm\u0259ti v\u0259 d\u0259mir yolu n\u0259qliyyat\u0131 xidm\u0259tin\u0259 g\u00f6r\u0259 11-ci v\u0259 12-ci yerd\u0259 q\u0259rarla\u015f\u0131b. Az\u0259rbaycan \u015eimal-C\u0259nub n\u0259qliyyat d\u0259hlizi \u00fcz\u0259rind\u0259 yerl\u0259\u015fir. Bu d\u0259hliz \u015eimali Avropa, Rusiya, Az\u0259rbaycan, \u0130ran v\u0259 Fars k\u00f6rf\u0259zind\u0259n ke\u00e7ir. D\u0259mir yolu v\u0259 avtomagistral olmas\u0131ndan as\u0131l\u0131 olmayaraq, \u015eimal-C\u0259nub d\u0259hlizinin Az\u0259rbaycan seqmentind\u0259 apar\u0131lan b\u00fct\u00fcn tikinti i\u015fl\u0259ri art\u0131q tamamlan\u0131b.<\/p>\n\n\n\n<p>&nbsp;\u0130kinci Qaraba\u011f m\u00fcharib\u0259sind\u0259n sonra Z\u0259ng\u0259zur d\u0259hlizi adland\u0131r\u0131lan yeni d\u0259hlizi a\u00e7maq \u00fc\u00e7\u00fcn \u0259lveri\u015fli imkanlar yaran\u0131b. H\u0259min d\u0259hliz Az\u0259rbaycandan Erm\u0259nistana v\u0259 oradan Az\u0259rbaycan\u0131n Nax\u00e7\u0131van Muxtar Respublikas\u0131na ged\u0259r\u0259k T\u00fcrkiy\u0259 v\u0259 Avropaya q\u0259d\u0259r uzan\u0131r, bu da n\u0259qliyyat \u00fc\u00e7\u00fcn alternativ mar\u015frut olacaq. N\u0259qliyyat sektoru enerji sektorundan sonra \u00f6lk\u0259mizin apar\u0131c\u0131 sektorlardan biri olacaq. \u018fl\u0259t q\u0259s\u0259b\u0259sind\u0259 yerl\u0259\u015f\u0259n azad iqtisadi zonan\u0131n yarad\u0131lmas\u0131 \u00fcz\u0259rind\u0259 f\u0259al i\u015fl\u0259r apar\u0131l\u0131r. X\u0259z\u0259r d\u0259nizind\u0259 \u0259n b\u00f6y\u00fck ticar\u0259t liman\u0131n\u0131n a\u00e7\u0131l\u0131\u015f\u0131 x\u00fcsusi olaraq qeyd olunmal\u0131d\u0131r. Onun y\u00fcka\u015f\u0131rma g\u00fcc\u00fc 25 milyon tona q\u0259d\u0259r arta bil\u0259r. Az\u0259rbaycan art\u0131q b\u00fct\u00fcn n\u00f6v y\u00fck g\u0259mil\u0259ri, tanker v\u0259 b\u0259r\u0259l\u0259ri q\u0259bul ed\u0259 bilir.<\/p>\n\n\n\n<p><strong>Ya\u015fas\u0131n m\u00fcst\u0259qil Az\u0259rbaycan Respublikas\u0131! E\u015fq olsun Az\u0259rbaycan xalq\u0131na! Uca Allahdan <\/strong><strong>xalq\u0131m\u0131z\u0131n \u00dcmummilli Lideri Heyd\u0259r \u018fliyev\u0259 r\u0259hm\u0259t dil\u0259yirik!. H\u0259r birimiz Az\u0259rbaycan Respublikas\u0131n\u0131n Prezidenti, Ali Ba\u015f Komandan, c\u0259nab \u0130lham \u018fliyevl\u0259 q\u00fcrur duyuruq!!!&#8230;<\/strong><\/p>\n","protected":false},"excerpt":{"rendered":"<p>M\u00fc\u015ffiq \u018fliyev Az\u0259rbaycan Respublikas\u0131 \u015e\u0259hid Ail\u0259l\u0259rin\u0259 \u201cQay\u011f\u0131\u201d C\u0259miyy\u0259tinin s\u0259dri,&nbsp;Az\u0259rbaycan V\u0259t\u0259n M\u00fcharib\u0259si Veteranlar\u0131 \u0130ctimai Birliyi S\u0259drinin humanitar m\u0259s\u0259l\u0259l\u0259r \u00fczr\u0259 s\u0259lahiyy\u0259tli n\u00fcmay\u0259nd\u0259si&nbsp; X\u018fZ\u018fR RAYON SAK\u0130N\u0130 \u00a0Az\u0259rbaycan<\/p>\n","protected":false},"author":2,"featured_media":57112,"comment_status":"closed","ping_status":"closed","sticky":false,"template":"","format":"standard","meta":{"footnotes":""},"categories":[3],"tags":[],"class_list":["post-57110","post","type-post","status-publish","format-standard","has-post-thumbnail","hentry","category-gundm"],"aioseo_notices":[],"_links":{"self":[{"href":"https:\/\/fedai.az\/index.php?rest_route=\/wp\/v2\/posts\/57110","targetHints":{"allow":["GET"]}}],"collection":[{"href":"https:\/\/fedai.az\/index.php?rest_route=\/wp\/v2\/posts"}],"about":[{"href":"https:\/\/fedai.az\/index.php?rest_route=\/wp\/v2\/types\/post"}],"author":[{"embeddable":true,"href":"https:\/\/fedai.az\/index.php?rest_route=\/wp\/v2\/users\/2"}],"replies":[{"embeddable":true,"href":"https:\/\/fedai.az\/index.php?rest_route=%2Fwp%2Fv2%2Fcomments&post=57110"}],"version-history":[{"count":1,"href":"https:\/\/fedai.az\/index.php?rest_route=\/wp\/v2\/posts\/57110\/revisions"}],"predecessor-version":[{"id":57113,"href":"https:\/\/fedai.az\/index.php?rest_route=\/wp\/v2\/posts\/57110\/revisions\/57113"}],"wp:featuredmedia":[{"embeddable":true,"href":"https:\/\/fedai.az\/index.php?rest_route=\/wp\/v2\/media\/57112"}],"wp:attachment":[{"href":"https:\/\/fedai.az\/index.php?rest_route=%2Fwp%2Fv2%2Fmedia&parent=57110"}],"wp:term":[{"taxonomy":"category","embeddable":true,"href":"https:\/\/fedai.az\/index.php?rest_route=%2Fwp%2Fv2%2Fcategories&post=57110"},{"taxonomy":"post_tag","embeddable":true,"href":"https:\/\/fedai.az\/index.php?rest_route=%2Fwp%2Fv2%2Ftags&post=57110"}],"curies":[{"name":"wp","href":"https:\/\/api.w.org\/{rel}","templated":true}]}}