{"id":57122,"date":"2021-12-22T00:36:03","date_gmt":"2021-12-21T20:36:03","guid":{"rendered":"https:\/\/fedai.az\/?p=57122"},"modified":"2021-12-22T00:36:07","modified_gmt":"2021-12-21T20:36:07","slug":"ilham-%c9%99liyev-turkiy%c9%99li-naziri-q%c9%99bul-etdi","status":"publish","type":"post","link":"https:\/\/fedai.az\/?p=57122","title":{"rendered":"\u0130lham \u018fliyev t\u00fcrkiy\u0259li naziri q\u0259bul etdi"},"content":{"rendered":"\n<p><strong>Az\u0259rbaycan Respublikas\u0131n\u0131n Prezidenti \u0130lham \u018fliyev dekabr\u0131n 21-d\u0259 T\u00fcrkiy\u0259 Respublikas\u0131n\u0131n energetika v\u0259 t\u0259bii s\u0259rv\u0259tl\u0259r naziri Fatih D\u00f6nm\u0259zi q\u0259bul edib.<\/strong><\/p>\n\n\n\n<p>Nazir Fatih D\u00f6nm\u0259z T\u00fcrkiy\u0259 Respublikas\u0131n\u0131n Prezidenti R\u0259c\u0259p Tayyib \u018frdo\u011fan\u0131n salamlar\u0131n\u0131 d\u00f6vl\u0259t ba\u015f\u00e7\u0131s\u0131na \u00e7atd\u0131r\u0131b. Prezident \u0130lham \u018fliyev T\u00fcrkiy\u0259nin d\u00f6vl\u0259t ba\u015f\u00e7\u0131s\u0131n\u0131n salamlar\u0131na g\u00f6r\u0259 minn\u0259tdarl\u0131\u011f\u0131n\u0131 bildirib, onun da salamlar\u0131n\u0131 R\u0259c\u0259p Tayyib \u018frdo\u011fana \u00e7atd\u0131rma\u011f\u0131 xahi\u015f edib.<\/p>\n\n\n\n<p>G\u00f6r\u00fc\u015fd\u0259 Az\u0259rbaycanla T\u00fcrkiy\u0259 aras\u0131nda dostluq v\u0259 qarda\u015fl\u0131q m\u00fcnasib\u0259tl\u0259rinin b\u00fct\u00fcn sah\u0259l\u0259rd\u0259 daim inki\u015faf etdiyi vur\u011fulan\u0131b, enerji sah\u0259sind\u0259 \u0259m\u0259kda\u015fl\u0131\u011f\u0131n \u00f6t\u0259n ill\u0259rd\u0259 oldu\u011fu kimi davam etdirilm\u0259si m\u0259mnunluqla qeyd edilib.<\/p>\n\n\n\n<p>S\u00f6hb\u0259t zaman\u0131 Az\u0259rbaycan v\u0259 T\u00fcrkiy\u0259nin birg\u0259 h\u0259yata ke\u00e7irdikl\u0259ri qlobal enerji layih\u0259l\u0259rinin \u0259h\u0259miyy\u0259ti qeyd olunub, nazir Fatih D\u00f6nm\u0259zin s\u0259f\u0259rinin enerji sah\u0259sind\u0259 \u0259m\u0259kda\u015fl\u0131\u011f\u0131n inki\u015faf perspektivl\u0259rinin m\u00fczakir\u0259si \u00fc\u00e7\u00fcn yax\u015f\u0131 imkan oldu\u011fu bildirilib.<\/p>\n\n\n\n<p>G\u00f6r\u00fc\u015fd\u0259 Bak\u0131da ke\u00e7iril\u0259c\u0259k Az\u0259rbaycan-T\u00fcrkiy\u0259 1-ci Enerji Forumunun \u00f6lk\u0259l\u0259rimiz aras\u0131nda energetika sah\u0259sind\u0259 \u0259m\u0259kda\u015fl\u0131\u011f\u0131n geni\u015fl\u0259ndirilm\u0259si, yeni istiqam\u0259tl\u0259rin m\u00fc\u0259yy\u0259nl\u0259\u015fdirilm\u0259si, konkret layih\u0259l\u0259rin m\u00fczakir\u0259si \u00fc\u00e7\u00fcn yeni bir platforma oldu\u011fu bildirilib.<\/p>\n","protected":false},"excerpt":{"rendered":"<p>Az\u0259rbaycan Respublikas\u0131n\u0131n Prezidenti \u0130lham \u018fliyev dekabr\u0131n 21-d\u0259 T\u00fcrkiy\u0259 Respublikas\u0131n\u0131n energetika v\u0259 t\u0259bii s\u0259rv\u0259tl\u0259r naziri Fatih D\u00f6nm\u0259zi q\u0259bul edib. Nazir Fatih D\u00f6nm\u0259z T\u00fcrkiy\u0259 Respublikas\u0131n\u0131n Prezidenti<\/p>\n","protected":false},"author":2,"featured_media":57123,"comment_status":"closed","ping_status":"closed","sticky":false,"template":"","format":"standard","meta":{"footnotes":""},"categories":[3],"tags":[],"class_list":["post-57122","post","type-post","status-publish","format-standard","has-post-thumbnail","hentry","category-gundm"],"aioseo_notices":[],"_links":{"self":[{"href":"https:\/\/fedai.az\/index.php?rest_route=\/wp\/v2\/posts\/57122","targetHints":{"allow":["GET"]}}],"collection":[{"href":"https:\/\/fedai.az\/index.php?rest_route=\/wp\/v2\/posts"}],"about":[{"href":"https:\/\/fedai.az\/index.php?rest_route=\/wp\/v2\/types\/post"}],"author":[{"embeddable":true,"href":"https:\/\/fedai.az\/index.php?rest_route=\/wp\/v2\/users\/2"}],"replies":[{"embeddable":true,"href":"https:\/\/fedai.az\/index.php?rest_route=%2Fwp%2Fv2%2Fcomments&post=57122"}],"version-history":[{"count":1,"href":"https:\/\/fedai.az\/index.php?rest_route=\/wp\/v2\/posts\/57122\/revisions"}],"predecessor-version":[{"id":57124,"href":"https:\/\/fedai.az\/index.php?rest_route=\/wp\/v2\/posts\/57122\/revisions\/57124"}],"wp:featuredmedia":[{"embeddable":true,"href":"https:\/\/fedai.az\/index.php?rest_route=\/wp\/v2\/media\/57123"}],"wp:attachment":[{"href":"https:\/\/fedai.az\/index.php?rest_route=%2Fwp%2Fv2%2Fmedia&parent=57122"}],"wp:term":[{"taxonomy":"category","embeddable":true,"href":"https:\/\/fedai.az\/index.php?rest_route=%2Fwp%2Fv2%2Fcategories&post=57122"},{"taxonomy":"post_tag","embeddable":true,"href":"https:\/\/fedai.az\/index.php?rest_route=%2Fwp%2Fv2%2Ftags&post=57122"}],"curies":[{"name":"wp","href":"https:\/\/api.w.org\/{rel}","templated":true}]}}