{"id":57129,"date":"2021-12-22T01:10:22","date_gmt":"2021-12-21T21:10:22","guid":{"rendered":"https:\/\/fedai.az\/?p=57129"},"modified":"2021-12-22T11:17:56","modified_gmt":"2021-12-22T07:17:56","slug":"t%c9%99brik-kazimov-abbas-y%c9%99hya-oglu-51","status":"publish","type":"post","link":"https:\/\/fedai.az\/?p=57129","title":{"rendered":"T\u018fBR\u0130K: KAZIMOV  ABBAS Y\u018fHYA O\u011eLU &#8212; 49"},"content":{"rendered":"\n<p><strong>&nbsp;&nbsp;&nbsp;&nbsp; <span class=\"has-inline-color has-vivid-red-color\">AVMV\u0130B R\u0259hb\u0259rliyi v\u0259 Az\u0259rbaycan V\u0259t\u0259n M\u00fcharib\u0259si Veteranlar\u0131 \u0130ctimai Birliyinin s\u0259dr m\u00fcavini polkovnik Salman Musayev, M\u00fcharib\u0259 Veteran\u0131&nbsp; ehtiyyatda olan polkovnik-leytenant&nbsp;&nbsp; Kaz\u0131mov Abbas Y\u0259hya o\u011flunu dogum g\u00fcn\u00fc m\u00fcnasb\u0259til\u0259 s\u0259mimi q\u0259lbd\u0259n t\u0259brik edir, h\u0259yatda insan \u00fc\u00e7\u00fcn \u0259n \u015firin nem\u0259t olan m\u00f6hk\u0259m can sa\u011fl\u0131\u011f\u0131, ail\u0259 s\u0259ad\u0259ti&nbsp; v\u0259 h\u0259yat yollar\u0131nda bitib &#8212; t\u00fck\u0259nm\u0259y\u0259n nailiyy\u0259tl\u0259r arzulay\u0131r.<\/span><\/strong><\/p>\n\n\n\n<p><strong>&nbsp;&nbsp;&nbsp;&nbsp; Qoy ya\u015f\u0131n\u0131n \u00fcst\u0259 g\u0259l\u0259n bu ya\u015f ona sevinc dolu g\u00fcnl\u0259r b\u0259x\u015f etsin v\u0259 h\u0259r yeni g\u00fcn\u00fc is\u0259 \u00f6t\u0259n g\u00fcnl\u0259rd\u0259n daha g\u00f6z\u0259l ist\u0259kl\u0259rin\u0259 uy\u011fun onu xo\u015fb\u0259xt ed\u0259c\u0259k \u015f\u0259kild\u0259 ke\u00e7sin. Amin!<\/strong><\/p>\n\n\n\n<p>&nbsp;&nbsp;&nbsp; Polkovnik leytenant Kaz\u0131mov Abbas Y\u0259hya o\u011flu&nbsp; 22 dekabr&nbsp; 1972-ci ild\u0259&nbsp; Qubadl\u0131 rayonunun Mahmudlu k\u0259ndind\u0259 anadan olub.<\/p>\n\n\n\n<figure class=\"wp-block-gallery columns-3 is-cropped wp-block-gallery-1 is-layout-flex wp-block-gallery-is-layout-flex\"><ul class=\"blocks-gallery-grid\"><li class=\"blocks-gallery-item\"><figure><img loading=\"lazy\" decoding=\"async\" width=\"538\" height=\"656\" src=\"https:\/\/fedai.az\/wp-content\/uploads\/2021\/12\/IMG-20211221-WA0019.jpg\" alt=\"\" data-id=\"57130\" data-link=\"https:\/\/fedai.az\/?attachment_id=57130\" class=\"wp-image-57130\" srcset=\"https:\/\/fedai.az\/wp-content\/uploads\/2021\/12\/IMG-20211221-WA0019.jpg 538w, https:\/\/fedai.az\/wp-content\/uploads\/2021\/12\/IMG-20211221-WA0019-246x300.jpg 246w, https:\/\/fedai.az\/wp-content\/uploads\/2021\/12\/IMG-20211221-WA0019-123x150.jpg 123w\" sizes=\"auto, (max-width: 538px) 100vw, 538px\" \/><\/figure><\/li><li class=\"blocks-gallery-item\"><figure><img loading=\"lazy\" decoding=\"async\" width=\"520\" height=\"584\" src=\"https:\/\/fedai.az\/wp-content\/uploads\/2021\/12\/20211221_105307.jpg\" alt=\"\" data-id=\"57131\" data-link=\"https:\/\/fedai.az\/?attachment_id=57131\" class=\"wp-image-57131\" srcset=\"https:\/\/fedai.az\/wp-content\/uploads\/2021\/12\/20211221_105307.jpg 520w, https:\/\/fedai.az\/wp-content\/uploads\/2021\/12\/20211221_105307-267x300.jpg 267w, https:\/\/fedai.az\/wp-content\/uploads\/2021\/12\/20211221_105307-134x150.jpg 134w\" sizes=\"auto, (max-width: 520px) 100vw, 520px\" \/><\/figure><\/li><li class=\"blocks-gallery-item\"><figure><img loading=\"lazy\" decoding=\"async\" width=\"648\" height=\"1024\" src=\"https:\/\/fedai.az\/wp-content\/uploads\/2021\/12\/IMG-20211220-WA0016-648x1024.jpg\" alt=\"\" data-id=\"57132\" data-full-url=\"https:\/\/fedai.az\/wp-content\/uploads\/2021\/12\/IMG-20211220-WA0016.jpg\" data-link=\"https:\/\/fedai.az\/?attachment_id=57132\" class=\"wp-image-57132\" srcset=\"https:\/\/fedai.az\/wp-content\/uploads\/2021\/12\/IMG-20211220-WA0016-648x1024.jpg 648w, https:\/\/fedai.az\/wp-content\/uploads\/2021\/12\/IMG-20211220-WA0016-190x300.jpg 190w, https:\/\/fedai.az\/wp-content\/uploads\/2021\/12\/IMG-20211220-WA0016-95x150.jpg 95w, https:\/\/fedai.az\/wp-content\/uploads\/2021\/12\/IMG-20211220-WA0016-768x1213.jpg 768w, https:\/\/fedai.az\/wp-content\/uploads\/2021\/12\/IMG-20211220-WA0016-972x1536.jpg 972w, https:\/\/fedai.az\/wp-content\/uploads\/2021\/12\/IMG-20211220-WA0016.jpg 1013w\" sizes=\"auto, (max-width: 648px) 100vw, 648px\" \/><\/figure><\/li><\/ul><\/figure>\n\n\n\n<p>&nbsp;&nbsp;&nbsp;&nbsp; Abbas Y\u0259hya o\u011flu Kaz\u0131mov&nbsp;&nbsp; Qubadl\u0131 rayonunun Mahmudlu k\u0259nd orta m\u0259kt\u0259bini,&nbsp; Az\u0259rbaycan \u0130n\u015faat&nbsp; M\u00fch\u0259ndisl\u0259ri \u00dcnverstetininin s\u0259nay\u0259 v\u0259 m\u00fclki tikinti fakult\u0259sini, Az\u0259rbaycan Respublikas\u0131n\u0131n Daxili \u0130\u015fl\u0259r Nazirliyinin Daxili Qo\u015funlar\u0131n&nbsp; v\u0259&nbsp; T\u00fcrkiy\u0259 C\u00fcmhuriyy\u0259tinin Jandarma Q\u00fcvv\u0259l\u0259rinin h\u0259rbi m\u0259kt\u0259bl\u0259rind\u0259 zabitl\u0259riin t\u0259hkiml\u0259\u015fdirm\u0259 kurslar\u0131n\u0131 bitirib. O, Daxili Qo\u015funlarda xidm\u0259t etdiyi ill\u0259r \u0259rzind\u0259&nbsp; bir \u00e7ox metodiki- t\u0259lim toplan\u0131\u015flarda,t\u0259liml\u0259rd\u0259, seminar v\u0259 konfranslarda f\u0259al i\u015ftirak edib.<\/p>\n\n\n\n<p>&nbsp;&nbsp;&nbsp; O, 1990- 1993-c\u00fc ill\u0259rd\u0259 K\u00f6n\u00fcll\u00fc olaraq Qubadl\u0131 rayonun&nbsp; \u00f6z\u00fcn\u00fcm\u00fcdafi\u0259 d\u0259st\u0259sind\u0259 Az\u0259rbaycan\u0131n \u0259razi b\u00fct\u00f6vl\u00fcy\u00fc u\u011frunda ged\u0259n d\u00f6y\u00fc\u015fl\u0259rd\u0259 i\u015ftirak edib. G\u00f6st\u0259rdiyi d\u00f6y\u00fc\u015f r\u0259\u015fad\u0259tin\u0259 g\u00f6r\u0259 yolda\u015flar\u0131 aras\u0131nda b\u00f6y\u00fck h\u00f6rm\u0259t qazanm\u0131\u015fd\u0131r.<\/p>\n\n\n\n<p>Kaz\u0131mov Abbas Y\u0259hya o\u011flu&nbsp; 1994-2016-ci&nbsp; ill\u0259rd\u0259&nbsp; Daxili&nbsp; Nazirliyinin Daxili Qo\u015funlar\u0131n Ba\u015f idar\u0259sinin&nbsp; \u015eirvan (\u018flbayraml\u0131)&nbsp; N\u0259rimanov v\u0259 X\u0259tai rayonlar\u0131nda yerl\u0259\u015f\u0259n&nbsp; h\u0259rbi hiss\u0259l\u0259rd\u0259 taq\u0131m v\u0259 b\u00f6luk komandiri, d\u00f6y\u00fc\u015f haz\u0131rl\u0131\u011f\u0131 b\u00f6lm\u0259s\u0131nd\u0259 zabit, q\u0259rargah r\u0259isinin d\u00f6y\u00fc\u015f haz\u0131rl\u0131\u011f\u0131 \u00fczr\u0259 m\u00fcavini,&nbsp; X\u00fcsusi Vasit\u0259l\u0259rin T\u0259tbiqi D\u0259st\u0259sinin komandiri v\u0259zif\u0259l\u0259rind\u0259 V\u0259t\u0259n\u0259 D\u00f6vl\u0259t\u0259 v\u0259 Xalqa s\u0259daq\u0259tl\u0259 xidm\u0259t etmi\u015fdir.<\/p>\n\n\n\n<figure class=\"wp-block-image size-large\"><img loading=\"lazy\" decoding=\"async\" width=\"1024\" height=\"765\" src=\"https:\/\/fedai.az\/wp-content\/uploads\/2021\/12\/IMG-20211220-WA0021-1-1024x765.jpg\" alt=\"\" class=\"wp-image-57133\" srcset=\"https:\/\/fedai.az\/wp-content\/uploads\/2021\/12\/IMG-20211220-WA0021-1-1024x765.jpg 1024w, https:\/\/fedai.az\/wp-content\/uploads\/2021\/12\/IMG-20211220-WA0021-1-300x224.jpg 300w, https:\/\/fedai.az\/wp-content\/uploads\/2021\/12\/IMG-20211220-WA0021-1-150x112.jpg 150w, https:\/\/fedai.az\/wp-content\/uploads\/2021\/12\/IMG-20211220-WA0021-1-768x574.jpg 768w, https:\/\/fedai.az\/wp-content\/uploads\/2021\/12\/IMG-20211220-WA0021-1-1536x1148.jpg 1536w, https:\/\/fedai.az\/wp-content\/uploads\/2021\/12\/IMG-20211220-WA0021-1-rotated.jpg 1600w\" sizes=\"auto, (max-width: 1024px) 100vw, 1024px\" \/><\/figure>\n\n\n\n<p>&nbsp;&nbsp;&nbsp;&nbsp; O,Daxili Qo\u015funlarda xidm\u0259t etdiyi ill\u0259r \u0259rzind\u0259 \u00f6zun\u00fc u\u015faq vaxtlar\u0131ndan, g\u00f6z\u0259l ail\u0259 v\u0259 m\u0259kt\u0259b t\u0259rbiy\u0259si il\u0259 b\u00f6y\u00fcm\u00fc\u015f, \u0259xlaq\u0131 t\u0259rbiy\u0259si yerind\u0259 olan, nizam v\u0259 intizaml\u0131 h\u0259rbi\u00e7i k\u0131m\u0131 g\u00f6st\u0259rmi\u015fdir.O i\u015fl\u0259diyi v\u0259 oxudu\u011fu&nbsp;&nbsp; t\u0259hsil m\u00fc\u0259ssis\u0259l\u0259rind\u0259,ya\u015fad\u0131\u011f\u0131 \u0259razid\u0259&nbsp; kollektiv aras\u0131nda h\u0259mi\u015f\u0259 m\u00fcsb\u0259t m\u0259nada se\u00e7il\u0259r\u0259k, ba\u015fqalar\u0131 \u00fc\u00e7\u00fcn&nbsp; n\u00fcmun\u0259 olmu\u015fdur.<\/p>\n\n\n\n<p>&nbsp;&nbsp;&nbsp;&nbsp; M\u00fcst\u0259qil Az\u0259rbaycan\u0131n Daxili \u0130\u015fl\u0259r Nazirliyinin&nbsp; Daxili Qo\u015funlar\u0131nda xidm\u0259t etdiyi ill\u0259r \u0259rzind\u0259,Az\u0259rbaycan Respublikas\u0131n\u0131n Konstitusiyas\u0131na v\u0259 qanunlar\u0131na \u0259m\u0259l etm\u0259kd\u0259, h\u0259rbi and\u0131n,&nbsp; h\u0259rbi nizam\u0259l\u0259rin v\u0259 dig\u0259r h\u00fcquqi- normativ aktlar\u0131n&nbsp; t\u0259l\u0259bl\u0259rin\u0259, el\u0259cd\u0259 v\u0259zif\u0259 borclar\u0131n\u0131n icrasna m\u0259suliyy\u0259tl\u0259 yana\u015fm\u0131\u015f, qar\u015f\u0131ya qoyulmu\u015f&nbsp; xidm\u0259ti&nbsp; tap\u015f\u0131r\u0131qlar\u0131 m\u00fcv\u0259ff\u0259qiyy\u0259tl\u0259 yerin\u0259 yetirilm\u0259si \u00fc\u00e7\u00fcn \u00f6z \u0259m\u0259yini \u0259sirg\u0259m\u0259mi\u015f, \u015f\u0259xsi n\u00fcmun\u0259si il\u0259&nbsp; bir cox&nbsp; h\u0259rbi qulluq\u00e7ular\u0131 f\u0259dakar h\u0259rbi xidm\u0259t\u0259 ruhland\u0131rm\u0131\u015fd\u0131r.<\/p>\n\n\n\n<figure class=\"wp-block-image size-large\"><img loading=\"lazy\" decoding=\"async\" width=\"1024\" height=\"694\" src=\"https:\/\/fedai.az\/wp-content\/uploads\/2021\/12\/IMG-20211221-WA0025-1024x694.jpg\" alt=\"\" class=\"wp-image-57136\" srcset=\"https:\/\/fedai.az\/wp-content\/uploads\/2021\/12\/IMG-20211221-WA0025-1024x694.jpg 1024w, https:\/\/fedai.az\/wp-content\/uploads\/2021\/12\/IMG-20211221-WA0025-300x203.jpg 300w, https:\/\/fedai.az\/wp-content\/uploads\/2021\/12\/IMG-20211221-WA0025-150x102.jpg 150w, https:\/\/fedai.az\/wp-content\/uploads\/2021\/12\/IMG-20211221-WA0025-768x521.jpg 768w, https:\/\/fedai.az\/wp-content\/uploads\/2021\/12\/IMG-20211221-WA0025-1536x1042.jpg 1536w, https:\/\/fedai.az\/wp-content\/uploads\/2021\/12\/IMG-20211221-WA0025.jpg 1600w\" sizes=\"auto, (max-width: 1024px) 100vw, 1024px\" \/><\/figure>\n\n\n\n<p>&nbsp;&nbsp;&nbsp; Kaz\u0131mov Abbas Y\u0259hya o\u011flu&nbsp; Az\u0259rbaycan Respublikas\u0131nda ictimai qaydan\u0131n v\u0259 ictimai t\u0259hl\u00fck\u0259sizliyin qorunmasnda, \u015f\u0259h\u0259rd\u0259, ya\u015fay\u0131\u015f m\u0259nt\u0259q\u0259l\u0259rind\u0259 v\u0259 c\u0259za\u00e7\u0259km\u0259 m\u00fc\u0259ssis\u0259l\u0259rind\u0259 ba\u015f vermi\u015f k\u00fctl\u0259vi ixti\u015fa\u015flar\u0131n qar\u015f\u0131s\u0131n\u0131n al\u0131nmas\u0131nda, M\u00fct\u0259\u015f\u0259kkil cinay\u0259tkarl\u0131\u011fa qar\u015f\u0131 m\u00fcbariz\u0259d\u0259,qanunsuz silahl\u0131 d\u0259st\u0259l\u0259rin axtar\u0131\u015f\u0131nda v\u0259 z\u0259r\u0259rsizl\u0259\u015fdirilm\u0259sind\u0259, F\u00f6vqal\u0259d\u0259 v\u0259ziyy\u0259t zaman\u0131 h\u00fcquqi rejimin t\u0259min olunmas\u0131nda,&nbsp; d\u00f6vl\u0259tin \u0259razi b\u00fct\u00f6vl\u00fcy\u00fcn\u00fcn t\u0259min edilm\u0259sind\u0259 \u00fcz\u0259rin\u0259 d\u00fcs\u0259n v\u0259zif\u0259 v\u0259 tap\u015f\u0131r\u0131qlar\u0131 m\u0259suliyy\u0259t v\u0259 \u015f\u0259r\u0259f hissi il\u0259&nbsp;&nbsp; yer\u0131n\u0259 yetirmi\u015fdir.<\/p>\n\n\n\n<p>&nbsp;&nbsp;&nbsp;&nbsp;&nbsp; Polkovnik-leytenant Abbas Y\u0259hya o\u011flu Kaz\u0131mov&nbsp; pe\u015f\u0259karl\u0131\u011f\u0131 v\u0259 humanistliyi il\u0259 se\u00e7il\u0259n \u00f6mr\u00fcn\u00fcn&nbsp; \u0259n m\u0259hsuldar d\u00f6vr\u00fcn\u00fcn&nbsp; 25&nbsp; ild\u0259n&nbsp; cox \u015f\u0259r\u0259fli xidm\u0259ti yolunun \u00fc\u00e7 ilini&nbsp; Qubadl\u0131 rayonunun \u00d6z\u00fcn\u00fcm\u00fcdafi\u0259 D\u0259st\u0259sind\u0259, iyirmi iki ilini is\u0259 Daxili Qo\u015funlar\u0131n Ba\u015f \u0130dar\u0259sinin h\u0259rbi hiss\u0259l\u0259rind\u0259&nbsp; kecir\u0259r\u0259k ona h\u0259val\u0259 edilmi\u015f v\u0259zif\u0259 v\u0259 tap\u015f\u0131r\u0131qlar\u0131n \u00f6ht\u0259sind\u0259n layiqinc\u0259 g\u0259lmi\u015fdir.<\/p>\n\n\n\n<figure class=\"wp-block-image size-large\"><img loading=\"lazy\" decoding=\"async\" width=\"1024\" height=\"576\" src=\"https:\/\/fedai.az\/wp-content\/uploads\/2021\/12\/IMG-20211221-WA0020-1024x576.jpg\" alt=\"\" class=\"wp-image-57134\" srcset=\"https:\/\/fedai.az\/wp-content\/uploads\/2021\/12\/IMG-20211221-WA0020-1024x576.jpg 1024w, https:\/\/fedai.az\/wp-content\/uploads\/2021\/12\/IMG-20211221-WA0020-300x169.jpg 300w, https:\/\/fedai.az\/wp-content\/uploads\/2021\/12\/IMG-20211221-WA0020-150x84.jpg 150w, https:\/\/fedai.az\/wp-content\/uploads\/2021\/12\/IMG-20211221-WA0020-768x432.jpg 768w, https:\/\/fedai.az\/wp-content\/uploads\/2021\/12\/IMG-20211221-WA0020-rotated.jpg 1344w\" sizes=\"auto, (max-width: 1024px) 100vw, 1024px\" \/><\/figure>\n\n\n\n<p>&nbsp;&nbsp;&nbsp; O, Daxili Qo\u015funlarda xidm\u0259t etdiyi ill\u0259r \u0259rzind\u0259 h\u0259rbi hiss\u0259nin zabit, gizir v\u0259 m\u00fcdd\u0259td\u0259n art\u0131q xidm\u0259t ed\u0259n h\u0259rbi qulluq\u00e7ularla komandir, \u0259sg\u0259r v\u0259 \u00e7avu\u015flarla is\u0259 D\u00f6y\u00fc\u015f v\u0259 ictimai s\u0131yas\u0131 haz\u0131rl\u0131\u011f\u0131 \u00fczr\u0259 m\u0259\u015f\u011f\u0259l\u0259l\u0259rin, S\u0131ra v\u0259 Daxili Qo\u015funlar\u0131n Taktikas\u0131 \u00fczr\u0259 n\u00fcmun\u0259vi g\u00f6st\u0259rici m\u0259\u015f\u011f\u0259l\u0259l\u0259rin v\u0259 t\u0259liml\u0259rin, tabor v\u0259 \u018flahidd\u0259 b\u00f6lm\u0259l\u0259rd\u0259 is\u0259 kompleks v\u0259 m\u0259qs\u0259dli qruplar\u0131n ke\u00e7irilm\u0259si v\u0259 a\u015fkar edilmi\u015f n\u00f6qsanlar\u0131n aradan qald\u0131r\u0131lmas\u0131nda \u00fcz\u0259rin\u0259 d\u00fcs\u0259n v\u0259zif\u0259l\u0259rin \u00f6hd\u0259sind\u0259n layiqinc\u0259 g\u0259lmi\u015fdir.<\/p>\n\n\n\n<p>&nbsp;&nbsp;&nbsp; H\u0259rbi xidm\u0259ti v\u0259zif\u0259l\u0259rinin icras\u0131 zaman\u0131 y\u00fcks\u0259k m\u0259n\u0259vi- d\u00f6y\u00fc\u015f&nbsp;&nbsp; keyfiyy\u0259tl\u0259ri g\u00f6st\u0259rdiyin\u0259 g\u00f6r\u0259,d\u00f6y\u00fc\u015f v\u0259 ictimai siyas\u0131 haz\u0131rl\u0131\u011f\u0131nda h\u0259rbi intizam\u0131n m\u00f6hk\u0259ml\u0259ndirilm\u0259sind\u0259 y\u00fcks\u0259k g\u00f6st\u0259ricil\u0259r\u0259 nail oldu\u011funa v\u0259 n\u00fcmun\u0259vi xidm\u0259tin\u0259 g\u00f6r\u0259 Daxili \u0130\u015fl\u0259r Nazirinin, Daxili Qo\u015funlar Komandan\u0131n v\u0259 onun m\u00fcavinl\u0259rinin, h\u0259rbi hiss\u0259 komandirinin m\u00fcvafiq \u0259mrl\u0259ri il\u0259 &#171;\u018fla Xidm\u0259tl\u0259r g\u00f6r\u0259&#187; d\u00f6\u015f, yubiley v\u0259 m\u00fcvafiq&nbsp; \u0131dman d\u0259r\u0259c\u0259si ni\u015fanlar\u0131 il\u0259,pul m\u00fckafatland\u0131rl\u0131b v\u0259 ona t\u0259\u015f\u0259kk\u00fcr elan edilib .<\/p>\n\n\n\n<figure class=\"wp-block-image size-large\"><img loading=\"lazy\" decoding=\"async\" width=\"1024\" height=\"576\" src=\"https:\/\/fedai.az\/wp-content\/uploads\/2021\/12\/IMG-20211221-WA0024-1024x576.jpg\" alt=\"\" class=\"wp-image-57135\" srcset=\"https:\/\/fedai.az\/wp-content\/uploads\/2021\/12\/IMG-20211221-WA0024-1024x576.jpg 1024w, https:\/\/fedai.az\/wp-content\/uploads\/2021\/12\/IMG-20211221-WA0024-300x169.jpg 300w, https:\/\/fedai.az\/wp-content\/uploads\/2021\/12\/IMG-20211221-WA0024-150x84.jpg 150w, https:\/\/fedai.az\/wp-content\/uploads\/2021\/12\/IMG-20211221-WA0024-768x432.jpg 768w, https:\/\/fedai.az\/wp-content\/uploads\/2021\/12\/IMG-20211221-WA0024.jpg 1344w\" sizes=\"auto, (max-width: 1024px) 100vw, 1024px\" \/><\/figure>\n\n\n\n<p>&nbsp;&nbsp;&nbsp;&nbsp; D\u00f6y\u00fc\u015f haz\u0131rl\u0131\u011f\u0131ndak\u0131 \u0259la g\u00f6st\u0259ricil\u0259r\u0259 g\u00f6r\u0259,&nbsp; t\u0259liml\u0259rd\u0259, x\u00fcsusi&nbsp; \u0259m\u0259liyyatlarda, Az\u0259rbaycan\u0131n \u0259razi b\u00fct\u00f6vl\u00fcy\u00fcn\u00fcn t\u0259min edilm\u0259sind\u0259,d\u00f6y\u00fc\u015f&nbsp; xidm\u0259tind\u0259 v\u0259 d\u00f6y\u00fc\u015f n\u00f6vb\u0259sind\u0259 x\u00fcsusi f\u0259riql\u0259ndiyin\u0259 g\u00f6r\u0259 Az\u0259rbaycan Respublikas\u0131n\u0131n Prezidenti ad\u0131ndan Daxili \u0130\u015fl\u0259r Nazirnin m\u00fcvafiq \u0259mrl\u0259ri il\u0259 &#171;Qusrsuz xidm\u0259tl\u0259r\u0259 g\u00f6r\u0259 &#187; 1-ci, 2-ci v\u0259 3-c\u00fc d\u0259r\u0259c\u0259li,&nbsp; &#171;Silahl\u0131 Q\u00fcvv\u0259l\u0259rin yaranmas\u0131n\u0131n &#187; 10 -\u0130liyi, 90- illiyi v\u0259 95 &#8212; iliyi yubiley medalar\u0131 il\u0259 t\u0259ltif olunub.<\/p>\n\n\n\n<p>&nbsp;&nbsp;&nbsp;&nbsp; Az\u0259rbaycan d\u00f6vl\u0259t\u00e7iliyinin qorunmas\u0131nda, ictimai t\u0259hl\u00fck\u0259sizliyin t\u0259min edilm\u0259sind\u0259 ,\u00f6z xidm\u0259ti v\u0259zif\u0259l\u0259rinin&nbsp;&nbsp; v\u0259 h\u0259rbi hiss\u0259 qar\u015f\u0131s\u0131nda qoyulmu\u015f tap\u015f\u0131r\u0131qlar\u0131n yerin\u0259 yetirilm\u0259sind\u0259 y\u00fcks\u0259k pe\u015f\u0259karl\u0131q g\u00f6st\u0259rdiyin\u0259,Az\u0259rbaycan Respublikas\u0131n\u0131n Daxili \u0130\u015fl\u0259r Nazirliyinin Daxili Qo\u015funlar\u0131n\u0131n yarad\u0131lmas\u0131n\u0131n 22-ci ild\u00f6n\u00fcm\u00fc m\u00fcnasib\u0259til\u0259 Az\u0259rbaycan Respublikas\u0131n\u0131n Prezdentinin 10 mart&nbsp; 2012 -ci il tarixli s\u0259r\u0259ncam\u0131na \u0259sas\u0259n &#171;H\u018fRB\u0130 X\u0130DM\u018fTL\u018fR\u018f G\u00d6R\u018f&#187; medal\u0131 il\u0259 t\u0259ltif olunub.<\/p>\n\n\n\n<figure class=\"wp-block-gallery columns-2 is-cropped wp-block-gallery-2 is-layout-flex wp-block-gallery-is-layout-flex\"><ul class=\"blocks-gallery-grid\"><li class=\"blocks-gallery-item\"><figure><img loading=\"lazy\" decoding=\"async\" width=\"576\" height=\"1024\" src=\"https:\/\/fedai.az\/wp-content\/uploads\/2021\/12\/IMG-20211221-WA0022-576x1024.jpg\" alt=\"\" data-id=\"57139\" data-link=\"https:\/\/fedai.az\/?attachment_id=57139\" class=\"wp-image-57139\" srcset=\"https:\/\/fedai.az\/wp-content\/uploads\/2021\/12\/IMG-20211221-WA0022-576x1024.jpg 576w, https:\/\/fedai.az\/wp-content\/uploads\/2021\/12\/IMG-20211221-WA0022-169x300.jpg 169w, https:\/\/fedai.az\/wp-content\/uploads\/2021\/12\/IMG-20211221-WA0022-84x150.jpg 84w, https:\/\/fedai.az\/wp-content\/uploads\/2021\/12\/IMG-20211221-WA0022.jpg 756w\" sizes=\"auto, (max-width: 576px) 100vw, 576px\" \/><\/figure><\/li><li class=\"blocks-gallery-item\"><figure><img loading=\"lazy\" decoding=\"async\" width=\"1024\" height=\"576\" src=\"https:\/\/fedai.az\/wp-content\/uploads\/2021\/12\/IMG-20211221-WA0021-1024x576.jpg\" alt=\"\" data-id=\"57140\" data-full-url=\"https:\/\/fedai.az\/wp-content\/uploads\/2021\/12\/IMG-20211221-WA0021.jpg\" data-link=\"https:\/\/fedai.az\/?attachment_id=57140\" class=\"wp-image-57140\" srcset=\"https:\/\/fedai.az\/wp-content\/uploads\/2021\/12\/IMG-20211221-WA0021-1024x576.jpg 1024w, https:\/\/fedai.az\/wp-content\/uploads\/2021\/12\/IMG-20211221-WA0021-300x169.jpg 300w, https:\/\/fedai.az\/wp-content\/uploads\/2021\/12\/IMG-20211221-WA0021-150x84.jpg 150w, https:\/\/fedai.az\/wp-content\/uploads\/2021\/12\/IMG-20211221-WA0021-768x432.jpg 768w, https:\/\/fedai.az\/wp-content\/uploads\/2021\/12\/IMG-20211221-WA0021.jpg 1344w\" sizes=\"auto, (max-width: 1024px) 100vw, 1024px\" \/><\/figure><\/li><\/ul><\/figure>\n\n\n\n<p><strong>DO\u011eUM G\u00dcN\u00dcN M\u00dcBAR\u018fK OLSUN, ABBAS B\u018fY!<\/strong><\/p>\n\n\n\n<p><strong>ALLAH H\u018fR ZAMAN Q\u018fLB\u0130N\u0130 SIXINTIDAN, B\u018fDB\u0130NL\u0130KD\u018fN QORUSUN!<\/strong><\/p>\n\n\n\n<p><strong>B\u00dcT\u00dcN ARZULARIN \u00c7\u0130N OLSUN!<\/strong><\/p>\n\n\n\n<p><strong>H\u018fM\u0130\u015e\u018f \u00dcZ\u00dcN G\u00dcLS\u00dcN, \u00dcR\u018fY\u0130N SEV\u0130NS\u0130N!<\/strong><\/p>\n\n\n\n<p><strong>DA\u0130MA XO\u015eBEXT YA\u015eA, \u00d6MR\u00dcN UZUN OLSUN!<\/strong><\/p>\n\n\n\n<p><strong>D\u0259rin h\u00f6rm\u0259tl\u0259, Az\u0259rbaycan V\u0259t\u0259n M\u00fcharib\u0259si Veteranlar\u0131 \u0130ctimai&nbsp; Birliyinin s\u0259dr m\u00fcavini polkovnik Salman Musayev<\/strong><\/p>\n\n\n\n<figure class=\"wp-block-gallery columns-2 is-cropped wp-block-gallery-3 is-layout-flex wp-block-gallery-is-layout-flex\"><ul class=\"blocks-gallery-grid\"><li class=\"blocks-gallery-item\"><figure><img loading=\"lazy\" decoding=\"async\" width=\"600\" height=\"600\" src=\"https:\/\/fedai.az\/wp-content\/uploads\/2021\/12\/8265a327389da9fe4fdc2714b309120e-2-1.jpg\" alt=\"\" data-id=\"56902\" data-full-url=\"https:\/\/fedai.az\/wp-content\/uploads\/2021\/12\/8265a327389da9fe4fdc2714b309120e-2-1.jpg\" data-link=\"https:\/\/fedai.az\/?attachment_id=56902\" class=\"wp-image-56902\" srcset=\"https:\/\/fedai.az\/wp-content\/uploads\/2021\/12\/8265a327389da9fe4fdc2714b309120e-2-1.jpg 600w, https:\/\/fedai.az\/wp-content\/uploads\/2021\/12\/8265a327389da9fe4fdc2714b309120e-2-1-300x300.jpg 300w, https:\/\/fedai.az\/wp-content\/uploads\/2021\/12\/8265a327389da9fe4fdc2714b309120e-2-1-150x150.jpg 150w, https:\/\/fedai.az\/wp-content\/uploads\/2021\/12\/8265a327389da9fe4fdc2714b309120e-2-1-215x215.jpg 215w\" sizes=\"auto, (max-width: 600px) 100vw, 600px\" \/><\/figure><\/li><li class=\"blocks-gallery-item\"><figure><img loading=\"lazy\" decoding=\"async\" width=\"538\" height=\"1024\" src=\"https:\/\/fedai.az\/wp-content\/uploads\/2021\/12\/IMG-20211220-WA0015-538x1024.jpg\" alt=\"\" data-id=\"57137\" data-full-url=\"https:\/\/fedai.az\/wp-content\/uploads\/2021\/12\/IMG-20211220-WA0015.jpg\" data-link=\"https:\/\/fedai.az\/?attachment_id=57137\" class=\"wp-image-57137\" srcset=\"https:\/\/fedai.az\/wp-content\/uploads\/2021\/12\/IMG-20211220-WA0015-538x1024.jpg 538w, https:\/\/fedai.az\/wp-content\/uploads\/2021\/12\/IMG-20211220-WA0015-158x300.jpg 158w, https:\/\/fedai.az\/wp-content\/uploads\/2021\/12\/IMG-20211220-WA0015-79x150.jpg 79w, https:\/\/fedai.az\/wp-content\/uploads\/2021\/12\/IMG-20211220-WA0015-768x1463.jpg 768w, https:\/\/fedai.az\/wp-content\/uploads\/2021\/12\/IMG-20211220-WA0015-806x1536.jpg 806w, https:\/\/fedai.az\/wp-content\/uploads\/2021\/12\/IMG-20211220-WA0015.jpg 840w\" sizes=\"auto, (max-width: 538px) 100vw, 538px\" \/><\/figure><\/li><\/ul><\/figure>\n","protected":false},"excerpt":{"rendered":"<p>&nbsp;&nbsp;&nbsp;&nbsp; AVMV\u0130B R\u0259hb\u0259rliyi v\u0259 Az\u0259rbaycan V\u0259t\u0259n M\u00fcharib\u0259si Veteranlar\u0131 \u0130ctimai Birliyinin s\u0259dr m\u00fcavini polkovnik Salman Musayev, M\u00fcharib\u0259 Veteran\u0131&nbsp; ehtiyyatda olan polkovnik-leytenant&nbsp;&nbsp; Kaz\u0131mov Abbas Y\u0259hya o\u011flunu<\/p>\n","protected":false},"author":2,"featured_media":57138,"comment_status":"closed","ping_status":"closed","sticky":false,"template":"","format":"standard","meta":{"footnotes":""},"categories":[5],"tags":[],"class_list":["post-57129","post","type-post","status-publish","format-standard","has-post-thumbnail","hentry","category-veteran"],"aioseo_notices":[],"_links":{"self":[{"href":"https:\/\/fedai.az\/index.php?rest_route=\/wp\/v2\/posts\/57129","targetHints":{"allow":["GET"]}}],"collection":[{"href":"https:\/\/fedai.az\/index.php?rest_route=\/wp\/v2\/posts"}],"about":[{"href":"https:\/\/fedai.az\/index.php?rest_route=\/wp\/v2\/types\/post"}],"author":[{"embeddable":true,"href":"https:\/\/fedai.az\/index.php?rest_route=\/wp\/v2\/users\/2"}],"replies":[{"embeddable":true,"href":"https:\/\/fedai.az\/index.php?rest_route=%2Fwp%2Fv2%2Fcomments&post=57129"}],"version-history":[{"count":2,"href":"https:\/\/fedai.az\/index.php?rest_route=\/wp\/v2\/posts\/57129\/revisions"}],"predecessor-version":[{"id":57175,"href":"https:\/\/fedai.az\/index.php?rest_route=\/wp\/v2\/posts\/57129\/revisions\/57175"}],"wp:featuredmedia":[{"embeddable":true,"href":"https:\/\/fedai.az\/index.php?rest_route=\/wp\/v2\/media\/57138"}],"wp:attachment":[{"href":"https:\/\/fedai.az\/index.php?rest_route=%2Fwp%2Fv2%2Fmedia&parent=57129"}],"wp:term":[{"taxonomy":"category","embeddable":true,"href":"https:\/\/fedai.az\/index.php?rest_route=%2Fwp%2Fv2%2Fcategories&post=57129"},{"taxonomy":"post_tag","embeddable":true,"href":"https:\/\/fedai.az\/index.php?rest_route=%2Fwp%2Fv2%2Ftags&post=57129"}],"curies":[{"name":"wp","href":"https:\/\/api.w.org\/{rel}","templated":true}]}}