{"id":57142,"date":"2021-12-22T01:27:54","date_gmt":"2021-12-21T21:27:54","guid":{"rendered":"https:\/\/fedai.az\/?p=57142"},"modified":"2021-12-22T01:27:57","modified_gmt":"2021-12-21T21:27:57","slug":"pasinyan-z%c9%99ng%c9%99zur-d%c9%99hlizinin-acilacagi-tarixi-aciqladi","status":"publish","type":"post","link":"https:\/\/fedai.az\/?p=57142","title":{"rendered":"Pa\u015finyan Z\u0259ng\u0259zur d\u0259hlizinin a\u00e7\u0131laca\u011f\u0131 tarixi a\u00e7\u0131qlad\u0131"},"content":{"rendered":"\n<p><strong>Erm\u0259nistan\u0131n Ba\u015f naziri Nikol Pa\u015finyan Az\u0259rbaycanla avtomobil \u0259laq\u0259sinin m\u00fcmk\u00fcnl\u00fcy\u00fcn\u00fc b\u0259yan edib.<\/strong><\/p>\n\n\n\n<p>O, bu bar\u0259d\u0259 G\u00fcrc\u00fcstan\u0131n paytaxt\u0131 Tbilisid\u0259 s\u0259f\u0259rd\u0259 olark\u0259n deyib.<\/p>\n\n\n\n<p>&#171;Art\u0131q Az\u0259rbaycan Prezidenti \u0130lham \u018fliyevl\u0259 d\u0259mir yolu \u0259laq\u0259si il\u0259 ba\u011fl\u0131 prinsipial raz\u0131la\u015fma var. S\u00f6hb\u0259t Arazd\u0259y\u0259n-Culfa-Ordubad-Mehri-Horadiz d\u0259mir yolunun b\u0259rpas\u0131ndan gedir. \u00dcmid edirik ki, bu i\u015fi 2-3 il \u0259rzind\u0259 yekunla\u015fd\u0131raca\u011f\u0131q&#187;, &#8212; N.Pa\u015finyan bildirib.<\/p>\n\n\n\n<p>Onun s\u00f6zl\u0259rin\u0259 g\u00f6r\u0259, \u0259ld\u0259 olunan raz\u0131la\u015fmalar\u0131n ger\u00e7\u0259kl\u0259\u015fdirilm\u0259si \u00fcz\u0259rind\u0259 \u00e7al\u0131\u015fmaq laz\u0131md\u0131r.<\/p>\n\n\n\n<p>Ba\u015f nazir h\u0259m\u00e7inin Az\u0259rbaycanla avtomobil yolunun b\u0259rpas\u0131n\u0131n m\u00fcmk\u00fcnl\u00fcy\u00fcn\u00fc d\u0259 vur\u011fulay\u0131b: \u201cN\u0259z\u0259riniz\u0259 \u00e7atd\u0131rmaq ist\u0259yir\u0259m ki, noyabr\u0131n 26-da So\u00e7id\u0259 Rusiya Prezidenti Vladimir Putin v\u0259 dekabr\u0131n 14-d\u0259 Br\u00fcsseld\u0259 Avropa \u0130ttifaq\u0131 \u015euras\u0131n\u0131n Prezidenti \u015earl Mi\u015felin vasit\u0259\u00e7iliyi il\u0259 ke\u00e7iril\u0259n g\u00f6r\u00fc\u015fl\u0259rin yekununda Az\u0259rbaycanla avtomobil \u0259laq\u0259sinin b\u0259rpas\u0131na dair raz\u0131la\u015fman\u0131n \u0259ld\u0259 olunmas\u0131 imkan\u0131 yaran\u0131b\u201d.<\/p>\n\n\n\n<p>Qeyd ed\u0259k ki, N.Pa\u015finyan Tbilisid\u0259 Erm\u0259nistan-G\u00fcrc\u00fcstan h\u00f6kum\u0259tl\u0259raras\u0131 iqtisadi-ticari \u0259m\u0259kda\u015fl\u0131q komissiyas\u0131n\u0131n iclas\u0131nda i\u015ftirak edib.<\/p>\n","protected":false},"excerpt":{"rendered":"<p>Erm\u0259nistan\u0131n Ba\u015f naziri Nikol Pa\u015finyan Az\u0259rbaycanla avtomobil \u0259laq\u0259sinin m\u00fcmk\u00fcnl\u00fcy\u00fcn\u00fc b\u0259yan edib. O, bu bar\u0259d\u0259 G\u00fcrc\u00fcstan\u0131n paytaxt\u0131 Tbilisid\u0259 s\u0259f\u0259rd\u0259 olark\u0259n deyib. &#171;Art\u0131q Az\u0259rbaycan Prezidenti \u0130lham<\/p>\n","protected":false},"author":2,"featured_media":57143,"comment_status":"closed","ping_status":"closed","sticky":false,"template":"","format":"standard","meta":{"footnotes":""},"categories":[1],"tags":[],"class_list":["post-57142","post","type-post","status-publish","format-standard","has-post-thumbnail","hentry","category-siyast"],"aioseo_notices":[],"_links":{"self":[{"href":"https:\/\/fedai.az\/index.php?rest_route=\/wp\/v2\/posts\/57142","targetHints":{"allow":["GET"]}}],"collection":[{"href":"https:\/\/fedai.az\/index.php?rest_route=\/wp\/v2\/posts"}],"about":[{"href":"https:\/\/fedai.az\/index.php?rest_route=\/wp\/v2\/types\/post"}],"author":[{"embeddable":true,"href":"https:\/\/fedai.az\/index.php?rest_route=\/wp\/v2\/users\/2"}],"replies":[{"embeddable":true,"href":"https:\/\/fedai.az\/index.php?rest_route=%2Fwp%2Fv2%2Fcomments&post=57142"}],"version-history":[{"count":1,"href":"https:\/\/fedai.az\/index.php?rest_route=\/wp\/v2\/posts\/57142\/revisions"}],"predecessor-version":[{"id":57144,"href":"https:\/\/fedai.az\/index.php?rest_route=\/wp\/v2\/posts\/57142\/revisions\/57144"}],"wp:featuredmedia":[{"embeddable":true,"href":"https:\/\/fedai.az\/index.php?rest_route=\/wp\/v2\/media\/57143"}],"wp:attachment":[{"href":"https:\/\/fedai.az\/index.php?rest_route=%2Fwp%2Fv2%2Fmedia&parent=57142"}],"wp:term":[{"taxonomy":"category","embeddable":true,"href":"https:\/\/fedai.az\/index.php?rest_route=%2Fwp%2Fv2%2Fcategories&post=57142"},{"taxonomy":"post_tag","embeddable":true,"href":"https:\/\/fedai.az\/index.php?rest_route=%2Fwp%2Fv2%2Ftags&post=57142"}],"curies":[{"name":"wp","href":"https:\/\/api.w.org\/{rel}","templated":true}]}}