{"id":57145,"date":"2021-12-22T01:39:52","date_gmt":"2021-12-21T21:39:52","guid":{"rendered":"https:\/\/fedai.az\/?p=57145"},"modified":"2021-12-22T01:39:55","modified_gmt":"2021-12-21T21:39:55","slug":"h%c9%99l%c9%99-d%c9%99-muharib%c9%99-veterani-statusunu-ala-bilm%c9%99y%c9%99n-doyuscul%c9%99rimiz-var-elmar-huseynov","status":"publish","type":"post","link":"https:\/\/fedai.az\/?p=57145","title":{"rendered":"&#171;H\u0259l\u0259 d\u0259 m\u00fcharib\u0259 veteran\u0131 statusunu ala bilm\u0259y\u0259n d\u00f6y\u00fc\u015f\u00e7\u00fcl\u0259rimiz var&#187; &#8212; Elmar H\u00fcseynov"},"content":{"rendered":"\n<p><strong>Az\u0259rbaycan V\u0259t\u0259n M\u00fcharib\u0259si Veteranlar\u0131 \u0130ctimai Birliyi (AVMV\u0130B) s\u0259drinin s\u0259lahiyy\u0259tli n\u00fcmay\u0259nd\u0259si, N\u0259simi rayon \u015f\u00f6b\u0259sinin s\u0259dri, ehtiyyatda olan polkovnik Elmar H\u00fcseynov m\u00fcharib\u0259 veteranlar\u0131n\u0131n probleml\u0259riyl\u0259 ba\u011fl\u0131 V\u0259t\u0259n.tv-d\u0259 bir s\u0131ra a\u00e7\u0131qlamalar verib.<\/strong><\/p>\n\n\n\n<p>H\u0259min m\u00fcsahib\u0259ni t\u0259qdim edirik:<\/p>\n\n\n\n<figure class=\"wp-block-embed is-type-video is-provider-youtube wp-block-embed-youtube wp-embed-aspect-16-9 wp-has-aspect-ratio\"><div class=\"wp-block-embed__wrapper\">\n<iframe loading=\"lazy\" title=\"&quot;H\u0259l\u0259 d\u0259 m\u00fcharib\u0259 veteran\u0131 statusunu ala bilm\u0259y\u0259n d\u00f6y\u00fc\u015f\u00e7\u00fcl\u0259rimiz var&quot;\" width=\"715\" height=\"402\" src=\"https:\/\/www.youtube.com\/embed\/5PqMgPa5754?feature=oembed\" frameborder=\"0\" allow=\"accelerometer; autoplay; clipboard-write; encrypted-media; gyroscope; picture-in-picture\" allowfullscreen><\/iframe>\n<\/div><\/figure>\n","protected":false},"excerpt":{"rendered":"<p>Az\u0259rbaycan V\u0259t\u0259n M\u00fcharib\u0259si Veteranlar\u0131 \u0130ctimai Birliyi (AVMV\u0130B) s\u0259drinin s\u0259lahiyy\u0259tli n\u00fcmay\u0259nd\u0259si, N\u0259simi rayon \u015f\u00f6b\u0259sinin s\u0259dri, ehtiyyatda olan polkovnik Elmar H\u00fcseynov m\u00fcharib\u0259 veteranlar\u0131n\u0131n probleml\u0259riyl\u0259 ba\u011fl\u0131 V\u0259t\u0259n.tv-d\u0259<\/p>\n","protected":false},"author":2,"featured_media":57146,"comment_status":"closed","ping_status":"closed","sticky":false,"template":"","format":"standard","meta":{"footnotes":""},"categories":[5],"tags":[],"class_list":["post-57145","post","type-post","status-publish","format-standard","has-post-thumbnail","hentry","category-veteran"],"aioseo_notices":[],"_links":{"self":[{"href":"https:\/\/fedai.az\/index.php?rest_route=\/wp\/v2\/posts\/57145","targetHints":{"allow":["GET"]}}],"collection":[{"href":"https:\/\/fedai.az\/index.php?rest_route=\/wp\/v2\/posts"}],"about":[{"href":"https:\/\/fedai.az\/index.php?rest_route=\/wp\/v2\/types\/post"}],"author":[{"embeddable":true,"href":"https:\/\/fedai.az\/index.php?rest_route=\/wp\/v2\/users\/2"}],"replies":[{"embeddable":true,"href":"https:\/\/fedai.az\/index.php?rest_route=%2Fwp%2Fv2%2Fcomments&post=57145"}],"version-history":[{"count":1,"href":"https:\/\/fedai.az\/index.php?rest_route=\/wp\/v2\/posts\/57145\/revisions"}],"predecessor-version":[{"id":57147,"href":"https:\/\/fedai.az\/index.php?rest_route=\/wp\/v2\/posts\/57145\/revisions\/57147"}],"wp:featuredmedia":[{"embeddable":true,"href":"https:\/\/fedai.az\/index.php?rest_route=\/wp\/v2\/media\/57146"}],"wp:attachment":[{"href":"https:\/\/fedai.az\/index.php?rest_route=%2Fwp%2Fv2%2Fmedia&parent=57145"}],"wp:term":[{"taxonomy":"category","embeddable":true,"href":"https:\/\/fedai.az\/index.php?rest_route=%2Fwp%2Fv2%2Fcategories&post=57145"},{"taxonomy":"post_tag","embeddable":true,"href":"https:\/\/fedai.az\/index.php?rest_route=%2Fwp%2Fv2%2Ftags&post=57145"}],"curies":[{"name":"wp","href":"https:\/\/api.w.org\/{rel}","templated":true}]}}