{"id":57151,"date":"2021-12-22T02:06:41","date_gmt":"2021-12-21T22:06:41","guid":{"rendered":"https:\/\/fedai.az\/?p=57151"},"modified":"2021-12-22T02:06:46","modified_gmt":"2021-12-21T22:06:46","slug":"qazprom-almaniyaya-qaz-n%c9%99qlinin-dayandirilmasini-s%c9%99rh-edib","status":"publish","type":"post","link":"https:\/\/fedai.az\/?p=57151","title":{"rendered":"\u201cQazprom\u201d Almaniyaya qaz n\u0259qlinin dayand\u0131r\u0131lmas\u0131n\u0131 \u015f\u0259rh edib"},"content":{"rendered":"\n<p><strong>&#171;Qazprom&#187;un idar\u0259 hey\u0259tinin s\u0259drinin m\u0259tbuat katibi Sergey Kupriyanov The Bell-\u0259 \u200b\u200bbildirib ki, &#171;Qazprom&#187; b\u00fct\u00fcn \u00f6hd\u0259likl\u0259rini yerin\u0259 yetirir.<\/strong><\/p>\n\n\n\n<p>\u201cBizim m\u00fc\u015ft\u0259ril\u0259rimiz qar\u015f\u0131s\u0131nda qaz t\u0259dar\u00fck\u00fc il\u0259 ba\u011fl\u0131 \u00f6hd\u0259likl\u0259rimiz var. T\u0259tbiql\u0259r\u0259 uy\u011fun olaraq onlar\u0131 hesablay\u0131r\u0131q. B\u0259s nec\u0259, hans\u0131 istiqam\u0259tl\u0259rd\u0259 &#8212; bu bizim daxili m\u0259tb\u0259ximizdir. Biz istehlak\u00e7\u0131lar, bizd\u0259n qaz alanlar qar\u015f\u0131s\u0131nda \u00f6hd\u0259liyimizi yerin\u0259 yetiririk. Bununla da h\u0259r \u015fey plana uy\u011fun gedir\u201d, &#8212; dey\u0259 Kupriyanov v\u0259ziyy\u0259ti \u015f\u0259rh edib.<\/p>\n\n\n\n<p>Rusiya qaz\u0131n\u0131n Belarus v\u0259 Pol\u015fa \u0259razisind\u0259n ke\u00e7\u0259n Yamal-Avropa qaz k\u0259m\u0259ri il\u0259 Almaniyaya fiziki t\u0259dar\u00fck\u00fc dekabr\u0131n 21-d\u0259 dayand\u0131r\u0131l\u0131b. Buna s\u0259b\u0259b \u201cQazprom\u201dun tranzit obyektl\u0259rini bron etm\u0259m\u0259k q\u0259rar\u0131 olub. Kreml dayanman\u0131 \u201ckommersiya tarix\u00e7\u0259si\u201d adland\u0131r\u0131b.<\/p>\n\n\n\n<p>Bu arada Avropada qaz\u0131n qiym\u0259ti h\u0259r min kubmetr \u00fc\u00e7\u00fcn iki min dollar h\u0259ddini ke\u00e7\u0259r\u0259k tarixi rekorda \u00e7at\u0131b.<\/p>\n\n\n\n<p><strong>\u018fli Yunis Z\u0259rdabi<\/strong><\/p>\n","protected":false},"excerpt":{"rendered":"<p>&#171;Qazprom&#187;un idar\u0259 hey\u0259tinin s\u0259drinin m\u0259tbuat katibi Sergey Kupriyanov The Bell-\u0259 \u200b\u200bbildirib ki, &#171;Qazprom&#187; b\u00fct\u00fcn \u00f6hd\u0259likl\u0259rini yerin\u0259 yetirir. \u201cBizim m\u00fc\u015ft\u0259ril\u0259rimiz qar\u015f\u0131s\u0131nda qaz t\u0259dar\u00fck\u00fc il\u0259 ba\u011fl\u0131<\/p>\n","protected":false},"author":2,"featured_media":57152,"comment_status":"closed","ping_status":"closed","sticky":false,"template":"","format":"standard","meta":{"footnotes":""},"categories":[13],"tags":[],"class_list":["post-57151","post","type-post","status-publish","format-standard","has-post-thumbnail","hentry","category-xarici"],"aioseo_notices":[],"_links":{"self":[{"href":"https:\/\/fedai.az\/index.php?rest_route=\/wp\/v2\/posts\/57151","targetHints":{"allow":["GET"]}}],"collection":[{"href":"https:\/\/fedai.az\/index.php?rest_route=\/wp\/v2\/posts"}],"about":[{"href":"https:\/\/fedai.az\/index.php?rest_route=\/wp\/v2\/types\/post"}],"author":[{"embeddable":true,"href":"https:\/\/fedai.az\/index.php?rest_route=\/wp\/v2\/users\/2"}],"replies":[{"embeddable":true,"href":"https:\/\/fedai.az\/index.php?rest_route=%2Fwp%2Fv2%2Fcomments&post=57151"}],"version-history":[{"count":1,"href":"https:\/\/fedai.az\/index.php?rest_route=\/wp\/v2\/posts\/57151\/revisions"}],"predecessor-version":[{"id":57153,"href":"https:\/\/fedai.az\/index.php?rest_route=\/wp\/v2\/posts\/57151\/revisions\/57153"}],"wp:featuredmedia":[{"embeddable":true,"href":"https:\/\/fedai.az\/index.php?rest_route=\/wp\/v2\/media\/57152"}],"wp:attachment":[{"href":"https:\/\/fedai.az\/index.php?rest_route=%2Fwp%2Fv2%2Fmedia&parent=57151"}],"wp:term":[{"taxonomy":"category","embeddable":true,"href":"https:\/\/fedai.az\/index.php?rest_route=%2Fwp%2Fv2%2Fcategories&post=57151"},{"taxonomy":"post_tag","embeddable":true,"href":"https:\/\/fedai.az\/index.php?rest_route=%2Fwp%2Fv2%2Ftags&post=57151"}],"curies":[{"name":"wp","href":"https:\/\/api.w.org\/{rel}","templated":true}]}}