{"id":57154,"date":"2021-12-22T02:25:53","date_gmt":"2021-12-21T22:25:53","guid":{"rendered":"https:\/\/fedai.az\/?p=57154"},"modified":"2021-12-22T02:25:57","modified_gmt":"2021-12-21T22:25:57","slug":"%c9%99rdogan-almaniya-kansleri-il%c9%99-regional-m%c9%99s%c9%99l%c9%99l%c9%99ri-muzakir%c9%99-etdi","status":"publish","type":"post","link":"https:\/\/fedai.az\/?p=57154","title":{"rendered":"\u018frdo\u011fan Almaniya kansleri il\u0259 regional m\u0259s\u0259l\u0259l\u0259ri m\u00fczakir\u0259 etdi"},"content":{"rendered":"\n<p><strong>T\u00fcrkiy\u0259 Prezidenti R\u0259c\u0259b Tayyib \u018frdo\u011fan Almaniya kansleri Olaf \u015eolz il\u0259 telefon dan\u0131\u015f\u0131\u011f\u0131 olub.<\/strong><\/p>\n\n\n\n<p>Bu bar\u0259d\u0259\u00a0\u201cAnadolu\u201d agentliyin\u0259 istinad\u0259n x\u0259b\u0259r verir.<\/p>\n\n\n\n<p>T\u00fcrkiy\u0259 Prezident Administrasiyas\u0131ndan veril\u0259n m\u0259lumata g\u00f6r\u0259, g\u00f6r\u00fc\u015fd\u0259 T\u00fcrkiy\u0259-Almaniya \u0259laq\u0259l\u0259rinin yax\u015f\u0131la\u015fd\u0131r\u0131lmas\u0131 istiqam\u0259tind\u0259 at\u0131lan add\u0131mlar v\u0259 regional m\u0259s\u0259l\u0259l\u0259r m\u00fczakir\u0259 edilib.<\/p>\n\n\n\n<p>\u018frdo\u011fan Almaniya kansleri \u015eolzu andi\u00e7m\u0259 m\u0259rasimi m\u00fcnasib\u0259til\u0259 t\u0259brik edib.<\/p>\n\n\n\n<p>Yeni d\u00f6vrd\u0259 iki \u00f6lk\u0259 aras\u0131nda sa\u011flam d\u00fc\u015f\u00fcnc\u0259 v\u0259 strateji bax\u0131\u015f\u0131n h\u00f6kmranl\u0131q ed\u0259c\u0259yin\u0259 inand\u0131\u011f\u0131n\u0131 ifad\u0259 ed\u0259n \u018frdo\u011fan, yax\u0131n koordinasiya v\u0259 m\u00fcnt\u0259z\u0259m t\u0259maslar\u0131n faydal\u0131 olaca\u011f\u0131n\u0131 vur\u011fulay\u0131b.<\/p>\n\n\n\n<hr class=\"wp-block-separator\"\/>\n\n\n\n<p>M\u0259nb\u0259: Teleqraf.com<\/p>\n","protected":false},"excerpt":{"rendered":"<p>T\u00fcrkiy\u0259 Prezidenti R\u0259c\u0259b Tayyib \u018frdo\u011fan Almaniya kansleri Olaf \u015eolz il\u0259 telefon dan\u0131\u015f\u0131\u011f\u0131 olub. Bu bar\u0259d\u0259\u00a0\u201cAnadolu\u201d agentliyin\u0259 istinad\u0259n x\u0259b\u0259r verir. T\u00fcrkiy\u0259 Prezident Administrasiyas\u0131ndan veril\u0259n m\u0259lumata<\/p>\n","protected":false},"author":2,"featured_media":57155,"comment_status":"closed","ping_status":"closed","sticky":false,"template":"","format":"standard","meta":{"footnotes":""},"categories":[1],"tags":[],"class_list":["post-57154","post","type-post","status-publish","format-standard","has-post-thumbnail","hentry","category-siyast"],"aioseo_notices":[],"_links":{"self":[{"href":"https:\/\/fedai.az\/index.php?rest_route=\/wp\/v2\/posts\/57154","targetHints":{"allow":["GET"]}}],"collection":[{"href":"https:\/\/fedai.az\/index.php?rest_route=\/wp\/v2\/posts"}],"about":[{"href":"https:\/\/fedai.az\/index.php?rest_route=\/wp\/v2\/types\/post"}],"author":[{"embeddable":true,"href":"https:\/\/fedai.az\/index.php?rest_route=\/wp\/v2\/users\/2"}],"replies":[{"embeddable":true,"href":"https:\/\/fedai.az\/index.php?rest_route=%2Fwp%2Fv2%2Fcomments&post=57154"}],"version-history":[{"count":1,"href":"https:\/\/fedai.az\/index.php?rest_route=\/wp\/v2\/posts\/57154\/revisions"}],"predecessor-version":[{"id":57156,"href":"https:\/\/fedai.az\/index.php?rest_route=\/wp\/v2\/posts\/57154\/revisions\/57156"}],"wp:featuredmedia":[{"embeddable":true,"href":"https:\/\/fedai.az\/index.php?rest_route=\/wp\/v2\/media\/57155"}],"wp:attachment":[{"href":"https:\/\/fedai.az\/index.php?rest_route=%2Fwp%2Fv2%2Fmedia&parent=57154"}],"wp:term":[{"taxonomy":"category","embeddable":true,"href":"https:\/\/fedai.az\/index.php?rest_route=%2Fwp%2Fv2%2Fcategories&post=57154"},{"taxonomy":"post_tag","embeddable":true,"href":"https:\/\/fedai.az\/index.php?rest_route=%2Fwp%2Fv2%2Ftags&post=57154"}],"curies":[{"name":"wp","href":"https:\/\/api.w.org\/{rel}","templated":true}]}}