{"id":57176,"date":"2021-12-22T11:21:01","date_gmt":"2021-12-22T07:21:01","guid":{"rendered":"https:\/\/fedai.az\/?p=57176"},"modified":"2021-12-22T11:21:14","modified_gmt":"2021-12-22T07:21:14","slug":"sergey-lavrov-gurcustanin-nato-ya-uzv-olmaq-ist%c9%99yi-rusiyanin-qirmizi-x%c9%99ttini-kecir","status":"publish","type":"post","link":"https:\/\/fedai.az\/?p=57176","title":{"rendered":"Sergey Lavrov: &#171;G\u00fcrc\u00fcstan\u0131n NATO-ya \u00fczv olmaq ist\u0259yi Rusiyan\u0131n q\u0131rm\u0131z\u0131 x\u0259ttini ke\u00e7ir&#187;"},"content":{"rendered":"\n<p><strong>Rusiyan\u0131n xarici i\u015fl\u0259r naziri x\u0259b\u0259rdarl\u0131q edib ki, G\u00fcrc\u00fcstan\u0131n NATO-ya \u00fczv olmaq ist\u0259yi Moskvan\u0131n q\u0131rm\u0131z\u0131 x\u0259ttini ke\u00e7m\u0259kdir. <\/strong><\/p>\n\n\n\n<p>\u00a0 Sergey Lavrov bildirib ki, G\u00fcrc\u00fcstan\u0131n \u015eimali Atlantika M\u00fcqavil\u0259si T\u0259\u015fkilat\u0131na (NATO) qo\u015fulmaq c\u0259hdi Moskva \u00fc\u00e7\u00fcn q\u0131rm\u0131z\u0131 x\u0259tt olacaq. <\/p>\n\n\n\n<p>\u00a0 M\u0259tbuat\u0131n yazd\u0131\u011f\u0131na g\u00f6r\u0259, Rusiya X\u0130N r\u0259hb\u0259ri g\u00fcrc\u00fc xalq\u0131n\u0131n b\u00f6y\u00fck bir hiss\u0259sinin irad\u0259sin\u0259 zidd olaraq \u00f6lk\u0259nin NATO-ya \u00fczv olmas\u0131 \u00fc\u00e7\u00fcn s\u0259yl\u0259rin oldu\u011funu bildirib: \u00a0<\/p>\n\n\n\n<p> &#171;NATO-nun geni\u015fl\u0259nm\u0259si il\u0259 ba\u011fl\u0131 m\u00f6vqeyimiz ayd\u0131nd\u0131r. NATO Rusiya s\u0259rh\u0259dl\u0259rin\u0259 yax\u0131nla\u015fma\u011fa davam ed\u0259rs\u0259, o, Moskvan\u0131n q\u0131rm\u0131z\u0131 x\u0259ttini ke\u00e7\u0259c\u0259k&#187;. <\/p>\n\n\n\n<p>M\u0259nb\u0259: Mehr News Agency \/eastnews.org\/<\/p>\n","protected":false},"excerpt":{"rendered":"<p>Rusiyan\u0131n xarici i\u015fl\u0259r naziri x\u0259b\u0259rdarl\u0131q edib ki, G\u00fcrc\u00fcstan\u0131n NATO-ya \u00fczv olmaq ist\u0259yi Moskvan\u0131n q\u0131rm\u0131z\u0131 x\u0259ttini ke\u00e7m\u0259kdir. \u00a0 Sergey Lavrov bildirib ki, G\u00fcrc\u00fcstan\u0131n \u015eimali Atlantika<\/p>\n","protected":false},"author":2,"featured_media":57177,"comment_status":"closed","ping_status":"closed","sticky":false,"template":"","format":"standard","meta":{"footnotes":""},"categories":[1],"tags":[],"class_list":["post-57176","post","type-post","status-publish","format-standard","has-post-thumbnail","hentry","category-siyast"],"aioseo_notices":[],"_links":{"self":[{"href":"https:\/\/fedai.az\/index.php?rest_route=\/wp\/v2\/posts\/57176","targetHints":{"allow":["GET"]}}],"collection":[{"href":"https:\/\/fedai.az\/index.php?rest_route=\/wp\/v2\/posts"}],"about":[{"href":"https:\/\/fedai.az\/index.php?rest_route=\/wp\/v2\/types\/post"}],"author":[{"embeddable":true,"href":"https:\/\/fedai.az\/index.php?rest_route=\/wp\/v2\/users\/2"}],"replies":[{"embeddable":true,"href":"https:\/\/fedai.az\/index.php?rest_route=%2Fwp%2Fv2%2Fcomments&post=57176"}],"version-history":[{"count":2,"href":"https:\/\/fedai.az\/index.php?rest_route=\/wp\/v2\/posts\/57176\/revisions"}],"predecessor-version":[{"id":57179,"href":"https:\/\/fedai.az\/index.php?rest_route=\/wp\/v2\/posts\/57176\/revisions\/57179"}],"wp:featuredmedia":[{"embeddable":true,"href":"https:\/\/fedai.az\/index.php?rest_route=\/wp\/v2\/media\/57177"}],"wp:attachment":[{"href":"https:\/\/fedai.az\/index.php?rest_route=%2Fwp%2Fv2%2Fmedia&parent=57176"}],"wp:term":[{"taxonomy":"category","embeddable":true,"href":"https:\/\/fedai.az\/index.php?rest_route=%2Fwp%2Fv2%2Fcategories&post=57176"},{"taxonomy":"post_tag","embeddable":true,"href":"https:\/\/fedai.az\/index.php?rest_route=%2Fwp%2Fv2%2Ftags&post=57176"}],"curies":[{"name":"wp","href":"https:\/\/api.w.org\/{rel}","templated":true}]}}