{"id":57185,"date":"2021-12-22T12:43:46","date_gmt":"2021-12-22T08:43:46","guid":{"rendered":"https:\/\/fedai.az\/?p=57185"},"modified":"2021-12-22T12:43:49","modified_gmt":"2021-12-22T08:43:49","slug":"erm%c9%99ni-deputatdan-sok-aciqlama-rusiya-v%c9%99-pasinyan-bizi-aldadib","status":"publish","type":"post","link":"https:\/\/fedai.az\/?p=57185","title":{"rendered":"Erm\u0259ni deputatdan \u015eOK A\u00c7IQLAMA: \u201dRusiya v\u0259 Pa\u015finyan bizi aldad\u0131b\u201d"},"content":{"rendered":"\n<p><strong>Erm\u0259nistan parlamentind\u0259 siyasi partiyalar ba\u015f nazir Nikol Pa\u015finyana qar\u015f\u0131 birl\u0259\u015firl\u0259r.<\/strong><\/p>\n\n\n\n<p>Alp.az x\u0259b\u0259r verir ki, son g\u00fcnl\u0259r Erm\u0259nistan-T\u00fcrkiy\u0259 yax\u0131nla\u015fmas\u0131n\u0131 h\u0259zm ed\u0259 bilm\u0259y\u0259n b\u0259zi radikal erm\u0259nil\u0259ri Pa\u015finyan\u0131 h\u0259d\u0259f\u0259 al\u0131blar.<\/p>\n\n\n\n<p>Bu d\u0259f\u0259 \u201cHayastan\u201d fraksiyas\u0131n\u0131n deputat\u0131 Anna Qriqoryan Nikol Pa\u015finyan\u0131n siyas\u0259tini k\u0259skin t\u0259nqid edib.<\/p>\n\n\n\n<p>Deputat Rusiyan\u0131 Erm\u0259nistan\u0131 satmaqda ittiham edib: \u201cBir il \u0259rzind\u0259 Erm\u0259nistan\u0131n siyasi r\u0259hb\u0259rliyi v\u0259 respublikan\u0131n M\u00fcdafi\u0259 Nazirliyi ictimaiyy\u0259ti \u00e7a\u015fd\u0131r\u0131rd\u0131. X\u00fcsus\u0259n Z\u0259ng\u0259zurdan qo\u015funlar\u0131n \u00e7\u0131xar\u0131lmas\u0131n\u0131n \u0259sl s\u0259b\u0259bl\u0259ri ictimaiyy\u0259td\u0259n gizli saxlan\u0131l\u0131b. Erm\u0259nistan\u0131n ke\u00e7mi\u015f m\u00fcdafi\u0259 naziri Va\u011far\u015fak Harutyunyan v\u0259 Rusiyan\u0131n m\u00fcdafi\u0259 naziri Sergey \u015eoyqu Erm\u0259nistan qo\u015funlar\u0131n\u0131n \u00e7\u0131xar\u0131lmas\u0131 il\u0259 ba\u011fl\u0131 s\u0259n\u0259d imzalay\u0131blar. Bu, h\u0259m Z\u0259ng\u0259zur b\u00f6lg\u0259si, h\u0259m d\u0259 b\u00fct\u00fcn Erm\u0259nistan \u00fc\u00e7\u00fcn ciddi t\u0259hl\u00fck\u0259sizlik t\u0259hdidl\u0259ri yarad\u0131b. G\u00f6r\u00fcn\u0259n odur ki, Erm\u0259nistan\u0131 Nikol Pa\u015finyan Rusiya il\u0259 birlikd\u0259 sat\u0131b. B\u0259li bu bel\u0259dir. Rusiya \u00f6z maraqlar\u0131 \u00fc\u00e7\u00fcn Erm\u0259nistan\u0131 sat\u0131b\u201d.<\/p>\n\n\n\n<p>M\u0259nb\u0259: Alp.az<\/p>\n","protected":false},"excerpt":{"rendered":"<p>Erm\u0259nistan parlamentind\u0259 siyasi partiyalar ba\u015f nazir Nikol Pa\u015finyana qar\u015f\u0131 birl\u0259\u015firl\u0259r. Alp.az x\u0259b\u0259r verir ki, son g\u00fcnl\u0259r Erm\u0259nistan-T\u00fcrkiy\u0259 yax\u0131nla\u015fmas\u0131n\u0131 h\u0259zm ed\u0259 bilm\u0259y\u0259n b\u0259zi radikal erm\u0259nil\u0259ri<\/p>\n","protected":false},"author":2,"featured_media":57186,"comment_status":"closed","ping_status":"closed","sticky":false,"template":"","format":"standard","meta":{"footnotes":""},"categories":[4],"tags":[],"class_list":["post-57185","post","type-post","status-publish","format-standard","has-post-thumbnail","hentry","category-qarabag"],"aioseo_notices":[],"_links":{"self":[{"href":"https:\/\/fedai.az\/index.php?rest_route=\/wp\/v2\/posts\/57185","targetHints":{"allow":["GET"]}}],"collection":[{"href":"https:\/\/fedai.az\/index.php?rest_route=\/wp\/v2\/posts"}],"about":[{"href":"https:\/\/fedai.az\/index.php?rest_route=\/wp\/v2\/types\/post"}],"author":[{"embeddable":true,"href":"https:\/\/fedai.az\/index.php?rest_route=\/wp\/v2\/users\/2"}],"replies":[{"embeddable":true,"href":"https:\/\/fedai.az\/index.php?rest_route=%2Fwp%2Fv2%2Fcomments&post=57185"}],"version-history":[{"count":1,"href":"https:\/\/fedai.az\/index.php?rest_route=\/wp\/v2\/posts\/57185\/revisions"}],"predecessor-version":[{"id":57187,"href":"https:\/\/fedai.az\/index.php?rest_route=\/wp\/v2\/posts\/57185\/revisions\/57187"}],"wp:featuredmedia":[{"embeddable":true,"href":"https:\/\/fedai.az\/index.php?rest_route=\/wp\/v2\/media\/57186"}],"wp:attachment":[{"href":"https:\/\/fedai.az\/index.php?rest_route=%2Fwp%2Fv2%2Fmedia&parent=57185"}],"wp:term":[{"taxonomy":"category","embeddable":true,"href":"https:\/\/fedai.az\/index.php?rest_route=%2Fwp%2Fv2%2Fcategories&post=57185"},{"taxonomy":"post_tag","embeddable":true,"href":"https:\/\/fedai.az\/index.php?rest_route=%2Fwp%2Fv2%2Ftags&post=57185"}],"curies":[{"name":"wp","href":"https:\/\/api.w.org\/{rel}","templated":true}]}}