{"id":57188,"date":"2021-12-22T15:43:39","date_gmt":"2021-12-22T11:43:39","guid":{"rendered":"https:\/\/fedai.az\/?p=57188"},"modified":"2021-12-22T15:43:43","modified_gmt":"2021-12-22T11:43:43","slug":"%c9%99rdogan-noqt%c9%99ni-qoydu-erk%c9%99n-secki-olmayacaq","status":"publish","type":"post","link":"https:\/\/fedai.az\/?p=57188","title":{"rendered":"\u018frdo\u011fan n\u00f6qt\u0259ni qoydu: Erk\u0259n se\u00e7ki olmayacaq"},"content":{"rendered":"\n<p><strong>T\u00fcrkiy\u0259d\u0259 erk\u0259n se\u00e7ki olmayacaq.<\/strong><\/p>\n\n\n\n<p>Bunu T\u00fcrkiy\u0259 Prezidenti R\u0259c\u0259b Tayyib \u018frdo\u011fan parlamentd\u0259 \u00e7\u0131x\u0131\u015f\u0131 zaman\u0131 deyib.<\/p>\n\n\n\n<p>O qeyd edib ki, bir ne\u00e7\u0259 ayd\u0131r erk\u0259n se\u00e7ki s\u00f6hb\u0259tl\u0259ri g\u0259zir:<\/p>\n\n\n\n<p>\u201cHe\u00e7 bir erk\u0259n se\u00e7ki olmayacaq, n\u00f6qt\u0259ni qoyuram. T\u00fcrkiy\u0259 h\u00fcquq d\u00f6vl\u0259tidir, m\u00fc\u0259yy\u0259n edilmi\u015f m\u00fcdd\u0259td\u0259 se\u00e7kil\u0259r ke\u00e7iril\u0259c\u0259k. 2023-c\u00fc ilin iyununda \u0259n y\u00fcks\u0259k s\u0259viyy\u0259d\u0259 se\u00e7kil\u0259rimizi ke\u00e7ir\u0259c\u0259yik&#187;.<\/p>\n","protected":false},"excerpt":{"rendered":"<p>T\u00fcrkiy\u0259d\u0259 erk\u0259n se\u00e7ki olmayacaq. Bunu T\u00fcrkiy\u0259 Prezidenti R\u0259c\u0259b Tayyib \u018frdo\u011fan parlamentd\u0259 \u00e7\u0131x\u0131\u015f\u0131 zaman\u0131 deyib. O qeyd edib ki, bir ne\u00e7\u0259 ayd\u0131r erk\u0259n se\u00e7ki s\u00f6hb\u0259tl\u0259ri<\/p>\n","protected":false},"author":2,"featured_media":56557,"comment_status":"closed","ping_status":"closed","sticky":false,"template":"","format":"standard","meta":{"footnotes":""},"categories":[1],"tags":[],"class_list":["post-57188","post","type-post","status-publish","format-standard","has-post-thumbnail","hentry","category-siyast"],"aioseo_notices":[],"_links":{"self":[{"href":"https:\/\/fedai.az\/index.php?rest_route=\/wp\/v2\/posts\/57188","targetHints":{"allow":["GET"]}}],"collection":[{"href":"https:\/\/fedai.az\/index.php?rest_route=\/wp\/v2\/posts"}],"about":[{"href":"https:\/\/fedai.az\/index.php?rest_route=\/wp\/v2\/types\/post"}],"author":[{"embeddable":true,"href":"https:\/\/fedai.az\/index.php?rest_route=\/wp\/v2\/users\/2"}],"replies":[{"embeddable":true,"href":"https:\/\/fedai.az\/index.php?rest_route=%2Fwp%2Fv2%2Fcomments&post=57188"}],"version-history":[{"count":1,"href":"https:\/\/fedai.az\/index.php?rest_route=\/wp\/v2\/posts\/57188\/revisions"}],"predecessor-version":[{"id":57189,"href":"https:\/\/fedai.az\/index.php?rest_route=\/wp\/v2\/posts\/57188\/revisions\/57189"}],"wp:featuredmedia":[{"embeddable":true,"href":"https:\/\/fedai.az\/index.php?rest_route=\/wp\/v2\/media\/56557"}],"wp:attachment":[{"href":"https:\/\/fedai.az\/index.php?rest_route=%2Fwp%2Fv2%2Fmedia&parent=57188"}],"wp:term":[{"taxonomy":"category","embeddable":true,"href":"https:\/\/fedai.az\/index.php?rest_route=%2Fwp%2Fv2%2Fcategories&post=57188"},{"taxonomy":"post_tag","embeddable":true,"href":"https:\/\/fedai.az\/index.php?rest_route=%2Fwp%2Fv2%2Ftags&post=57188"}],"curies":[{"name":"wp","href":"https:\/\/api.w.org\/{rel}","templated":true}]}}