{"id":57202,"date":"2021-12-23T00:21:44","date_gmt":"2021-12-22T20:21:44","guid":{"rendered":"https:\/\/fedai.az\/?p=57202"},"modified":"2021-12-23T00:23:40","modified_gmt":"2021-12-22T20:23:40","slug":"erm%c9%99nistan-tarixd%c9%99-ilk-d%c9%99f%c9%99-turkiy%c9%99nin-butun-s%c9%99rtl%c9%99rini-yerin%c9%99-yetirdi-sarkisyandan-kinay%c9%99li-etiraf","status":"publish","type":"post","link":"https:\/\/fedai.az\/?p=57202","title":{"rendered":"\u201cErm\u0259nistan tarixd\u0259 ilk d\u0259f\u0259 T\u00fcrkiy\u0259nin b\u00fct\u00fcn \u015f\u0259rtl\u0259rini yerin\u0259 yetirdi\u201d \u2013 Sarkisyandan K\u0130NAY\u018fL\u0130 ET\u0130RAF"},"content":{"rendered":"\n<p><strong>\u201cErm\u0259nistan tarixind\u0259 ilk d\u0259f\u0259 olaraq T\u00fcrkiy\u0259nin b\u00fct\u00fcn \u0259sas ilkin \u015f\u0259rtl\u0259rini yerin\u0259 yetir\u0259r\u0259k Ankara il\u0259 m\u00fcnasib\u0259tl\u0259rin normalla\u015fmas\u0131 prosesin\u0259 daxil olur\u201d.<\/strong><\/p>\n\n\n\n<p>Bu bar\u0259d\u0259 Erm\u0259ni-Amerika Ara\u015fd\u0131rmalar\u0131 M\u0259rk\u0259zinin direktoru Suren Sarkisyan fikir s\u0259sl\u0259ndirib:<\/p>\n\n\n\n<p><strong>1. \u201cArtsax\u201d Az\u0259rbaycana t\u0259slim edildi;<\/strong><\/p>\n\n\n\n<p><strong>2. \u201cErm\u0259ni Soyq\u0131r\u0131m\u0131\u201dn\u0131n beyn\u0259lxalq s\u0259viyy\u0259d\u0259 tan\u0131nmas\u0131 faktiki olaraq xarici siyas\u0259t g\u00fcnd\u0259mimizd\u0259n \u00e7\u0131xar\u0131ld\u0131;<\/strong><\/p>\n\n\n\n<p><strong>3. Yax\u0131n g\u0259l\u0259c\u0259kd\u0259 \u0259n son ilkin \u015f\u0259rt yerin\u0259 yetiril\u0259c\u0259k \u2013 Z\u0259ng\u0259zur d\u0259hlizinin a\u00e7\u0131lmas\u0131;<\/strong><\/p>\n\n\n\n<p>Suren Sarkisyan xat\u0131rlad\u0131b ki, h\u0259l\u0259 1992-ci ild\u0259 T\u00fcrkiy\u0259 Erm\u0259nistana M\u00fcst\u0259qillik B\u0259yannam\u0259sind\u0259n,&nbsp;<strong>\u201c11. Erm\u0259nistan Respublikas\u0131 Osmanl\u0131 T\u00fcrkiy\u0259si v\u0259 Q\u0259rbi Erm\u0259nistanda 1915-ci il erm\u0259ni soyq\u0131r\u0131m\u0131n\u0131n beyn\u0259lxalq s\u0259viyy\u0259d\u0259 tan\u0131nmas\u0131n\u0131n t\u0259r\u0259fdar\u0131d\u0131r\u201d&nbsp;<\/strong>b\u0259ndini \u00e7\u0131xarmaq \u00fc\u00e7\u00fcn ilkin \u015f\u0259rt ir\u0259li s\u00fcr\u00fcb. Onun s\u00f6zl\u0259rin\u0259 g\u00f6r\u0259, ilkin \u015f\u0259rt Erm\u0259nistan\u0131n gerbind\u0259n A\u011fr\u0131 da\u011f\u0131n\u0131n t\u0259svirinin \u00e7\u0131xar\u0131lmas\u0131 da olub. \u00c7\u00fcnki bu, T\u00fcrkiy\u0259y\u0259 qar\u015f\u0131 \u0259razi iddias\u0131 t\u0259l\u0259bi hesab olunur. Sarkisyan \u0259lav\u0259 edib ki, yeni Konstitusiyan\u0131n haz\u0131rlanmas\u0131 zaman\u0131 bu m\u0259s\u0259l\u0259 h\u0259ll oluna bil\u0259r.<\/p>\n\n\n\n<p>\u201c\u0130ndi g\u00f6r\u00fcn\u0259n odur ki, Erm\u0259nistan v\u0259 T\u00fcrkiy\u0259 diplomatik m\u00fcnasib\u0259tl\u0259rin qurulmas\u0131na dair s\u0259n\u0259dl\u0259r imzalayacaq. Erm\u0259nistan\u0131n T\u00fcrkiy\u0259nin \u0259razi b\u00fct\u00f6vl\u00fcy\u00fcn\u00fc v\u0259 s\u0259rh\u0259dl\u0259rinin toxunulmazl\u0131\u011f\u0131n\u0131 tan\u0131d\u0131\u011f\u0131n\u0131 t\u0259sbit ed\u0259c\u0259k s\u0259n\u0259d\u0259 qol \u00e7\u0259kil\u0259c\u0259k\u201d \u2013 Suren Sarkisyan vur\u011fulay\u0131b.<\/p>\n\n\n\n<p><strong>M\u00fc\u015fviq Tofiqo\u011flu<\/strong><\/p>\n\n\n\n<p>M\u0259nb\u0259: KONKRET.az<\/p>\n","protected":false},"excerpt":{"rendered":"<p>\u201cErm\u0259nistan tarixind\u0259 ilk d\u0259f\u0259 olaraq T\u00fcrkiy\u0259nin b\u00fct\u00fcn \u0259sas ilkin \u015f\u0259rtl\u0259rini yerin\u0259 yetir\u0259r\u0259k Ankara il\u0259 m\u00fcnasib\u0259tl\u0259rin normalla\u015fmas\u0131 prosesin\u0259 daxil olur\u201d. Bu bar\u0259d\u0259 Erm\u0259ni-Amerika Ara\u015fd\u0131rmalar\u0131 M\u0259rk\u0259zinin<\/p>\n","protected":false},"author":2,"featured_media":57204,"comment_status":"closed","ping_status":"closed","sticky":false,"template":"","format":"standard","meta":{"footnotes":""},"categories":[1],"tags":[],"class_list":["post-57202","post","type-post","status-publish","format-standard","has-post-thumbnail","hentry","category-siyast"],"aioseo_notices":[],"_links":{"self":[{"href":"https:\/\/fedai.az\/index.php?rest_route=\/wp\/v2\/posts\/57202","targetHints":{"allow":["GET"]}}],"collection":[{"href":"https:\/\/fedai.az\/index.php?rest_route=\/wp\/v2\/posts"}],"about":[{"href":"https:\/\/fedai.az\/index.php?rest_route=\/wp\/v2\/types\/post"}],"author":[{"embeddable":true,"href":"https:\/\/fedai.az\/index.php?rest_route=\/wp\/v2\/users\/2"}],"replies":[{"embeddable":true,"href":"https:\/\/fedai.az\/index.php?rest_route=%2Fwp%2Fv2%2Fcomments&post=57202"}],"version-history":[{"count":1,"href":"https:\/\/fedai.az\/index.php?rest_route=\/wp\/v2\/posts\/57202\/revisions"}],"predecessor-version":[{"id":57203,"href":"https:\/\/fedai.az\/index.php?rest_route=\/wp\/v2\/posts\/57202\/revisions\/57203"}],"wp:featuredmedia":[{"embeddable":true,"href":"https:\/\/fedai.az\/index.php?rest_route=\/wp\/v2\/media\/57204"}],"wp:attachment":[{"href":"https:\/\/fedai.az\/index.php?rest_route=%2Fwp%2Fv2%2Fmedia&parent=57202"}],"wp:term":[{"taxonomy":"category","embeddable":true,"href":"https:\/\/fedai.az\/index.php?rest_route=%2Fwp%2Fv2%2Fcategories&post=57202"},{"taxonomy":"post_tag","embeddable":true,"href":"https:\/\/fedai.az\/index.php?rest_route=%2Fwp%2Fv2%2Ftags&post=57202"}],"curies":[{"name":"wp","href":"https:\/\/api.w.org\/{rel}","templated":true}]}}