{"id":57205,"date":"2021-12-23T00:28:26","date_gmt":"2021-12-22T20:28:26","guid":{"rendered":"https:\/\/fedai.az\/?p=57205"},"modified":"2021-12-23T00:51:48","modified_gmt":"2021-12-22T20:51:48","slug":"n%c9%99sir-imanquliyevin-110-illiyi-il%c9%99-bagli-konfrans-kecirildi","status":"publish","type":"post","link":"https:\/\/fedai.az\/?p=57205","title":{"rendered":"N\u0259sir \u0130manquliyevin 110 illiyi il\u0259 ba\u011fl\u0131 konfrans ke\u00e7irildi"},"content":{"rendered":"\n<p><strong>M\u0259\u015fhur az\u0259rbaycanl\u0131 jurnalist, g\u00f6rk\u0259mli ictimai v\u0259 elm xadimi N\u0259sir \u0130manquliyevin 110 illik yubileyi il\u0259 ba\u011fl\u0131 konfrans ke\u00e7irilib.<\/strong><\/p>\n\n\n\n<p>Konfrans\u0131n apar\u0131c\u0131s\u0131 Milli M\u0259clisin M\u0259d\u0259niyy\u0259t Komit\u0259sinin eksperti \u018fkb\u0259r Qo\u015fal\u0131 Az\u0259rbaycan\u0131n \u0259m\u0259kdar jurnalisti v\u0259 \u0259m\u0259kdar m\u0259d\u0259niyy\u0259t i\u015f\u00e7isi, g\u00f6rk\u0259mli ziyal\u0131 N\u0259sir \u0130manquliyevin anadan olmas\u0131n\u0131n 110 illiyin\u0259 h\u0259sr olunmu\u015f onlayn t\u0259dbirin Milli M\u0259clisin m\u0259d\u0259niyy\u0259t Komit\u0259sinin t\u0259\u015fkilat\u00e7\u0131l\u0131\u011f\u0131, ADPU-nun Quba filial\u0131n\u0131n, \u201cRegional H\u00fcquqi v\u0259 \u0130qtisadi Maarifl\u0259ndirm\u0259\u201d \u0130B-nin d\u0259st\u0259yi il\u0259 ke\u00e7irildiyini bildirib.<\/p>\n\n\n\n<p><br>O, N\u0259sir \u0130manquliyevin h\u0259l\u0259 sa\u011fl\u0131\u011f\u0131nda ustad kimi q\u0259bul edildiyini, pedaqoq, jurnalist kimi \u015f\u00f6hr\u0259t qazand\u0131\u011f\u0131n\u0131, \u015f\u00f6hr\u0259tinin respublika h\u00fcdudlar\u0131n\u0131 a\u015faraq qarda\u015f \u00f6lk\u0259l\u0259rd\u0259 d\u0259 tan\u0131nd\u0131\u011f\u0131n\u0131 vur\u011fulay\u0131b.<\/p>\n\n\n\n<p>Milli M\u0259clisin M\u0259d\u0259niyy\u0259t Komit\u0259sinin Q\u0259nir\u0259 Pa\u015fayeva ilk yaz\u0131lar\u0131 d\u00f6vri m\u0259tbuatda h\u0259l\u0259 t\u0259l\u0259b\u0259yk\u0259n \u00e7ap olunma\u011fa ba\u015flayan N\u0259sir \u0130manquliyevin \u015f\u0259r\u0259fli yarad\u0131c\u0131l\u0131q yolu ke\u00e7diyini, xalq\u0131n dilinin ke\u015fiyind\u0259 durdu\u011funu, g\u0259nc istedadlara diqq\u0259t-qay\u011f\u0131 il\u0259 yana\u015fd\u0131\u011f\u0131n\u0131 x\u00fcsusi vur\u011fulay\u0131b: \u201cN\u0259sir \u0130manquliyev o ill\u0259rd\u0259 \u201cKommunist\u201d, \u201cYeni yol\u201d, \u201cG\u0259nc i\u015f\u00e7i\u201d, \u201cV\u0259t\u0259nin s\u0259si\u201d q\u0259zetl\u0259rind\u0259 \u0259d\u0259bi i\u015f\u00e7i, \u015f\u00f6b\u0259 m\u00fcdirinin m\u00fcavini, \u015f\u00f6b\u0259 m\u00fcdiri, m\u0259sul katib, redaktor v\u0259zif\u0259sind\u0259 \u00e7al\u0131\u015f\u0131\u0131b. II D\u00fcnya m\u00fcharib\u0259si zaman\u0131, 1942-ci ild\u0259 N\u0259sir \u0130manquliyev Kr\u0131m c\u0259bh\u0259sin\u0259 g\u00f6nd\u0259rilib, orada \u201cVuru\u015fan Kr\u0131m\u201d q\u0259zetinin m\u0259sul katibi kimi f\u0259aliyy\u0259t g\u00f6st\u0259rib, eyni zamanda h\u0259rbi hiss\u0259d\u0259 t\u0259rc\u00fcm\u0259\u00e7i kimi \u00e7al\u0131\u015f\u0131b.<\/p>\n\n\n\n<p>Bir il sonra, 1943-c\u00fc ild\u0259 N\u0259sir \u0130manquliyev yenid\u0259n Bak\u0131ya t\u0259yinat al\u0131b, o d\u00f6vr\u00fcn \u0259n tirajl\u0131 q\u0259zetind\u0259 m\u0259sul katib i\u015fl\u0259yib, burada onun v\u0259t\u0259np\u0259rv\u0259rlik m\u00f6vzusuna h\u0259sr edilmi\u015f bir \u00e7ox m\u0259qal\u0259l\u0259ri i\u015f\u0131q \u00fcz\u00fc g\u00f6r\u00fcb. 1946-c\u0131 ild\u0259 Moskvada M\u0259rk\u0259zi Q\u0259zet kursunu bitir\u0259n N\u0259sir \u0130manquliyev 1948-1950-ci ill\u0259rd\u0259 Az\u0259rbaycan D\u00f6vl\u0259t Universitetinin (indiki BDU) Filologiya fak\u00fclt\u0259sind\u0259 t\u0259hsil al\u0131b. O, Az\u0259rbaycan D\u00f6vl\u0259t Universitetind\u0259 pedaqoji f\u0259aliyy\u0259t g\u00f6st\u0259rib, Jurnalistika fak\u00fclt\u0259sinin Jurnalistikan\u0131n n\u0259z\u0259riyy\u0259si v\u0259 t\u0259cr\u00fcb\u0259si kafedras\u0131n\u0131n m\u00fc\u0259llimi olub.<\/p>\n\n\n\n<p><br>N\u0259sir \u0130manquliyevin h\u0259yat\u0131nda v\u0259 b\u00fct\u00f6vl\u00fckd\u0259 \u00f6lk\u0259 medias\u0131n\u0131n h\u0259yat\u0131nda onun 1958-ci ild\u0259 yaratd\u0131\u011f\u0131 \u201cBak\u0131\u201d q\u0259zetinin \u00f6z\u0259l yeri olub. \u00c7\u00fcnki \u201cBak\u0131\u201d \u2013 \u201cBaku\u201d ax\u015fam q\u0259zeti ke\u00e7mi\u015f SSR\u0130-d\u0259, dem\u0259k olar, ilk t\u0259cr\u00fcb\u0259 idi. 10 yanvar 1958-ci il tarixind\u0259 q\u0259zetin ilk n\u00f6mr\u0259si i\u015f\u0131q \u00fcz\u00fc g\u00f6r\u00fcb v\u0259 m\u00f6vcud oldu\u011fu ill\u0259r i\u00e7ind\u0259 bir oca\u011fa \u00e7evrilib. Q\u0259zet v\u0259 onun qurucusu \u00f6rn\u0259k al\u0131n\u0131b\u201d.<\/p>\n\n\n\n<p>N\u0259sir \u0130manquliyev Balah\u0259s\u0259nli b\u0259yl\u0259rind\u0259n olan Yusif b\u0259y Sultanovun q\u0131z\u0131 G\u00f6vh\u0259r Sultanzad\u0259 il\u0259 ail\u0259 h\u0259yat\u0131 qurub v\u0259 bu evlilikd\u0259n onlar\u0131n yegan\u0259 q\u0131z \u00f6vlad\u0131, g\u00f6rk\u0259mli \u015f\u0259rq\u015f\u00fcnas alim Aida \u0130manquliyeva d\u00fcnyaya g\u0259lib. Aida xan\u0131m Az\u0259rbaycan Respublikas\u0131n\u0131n Birinci vitse-prezidenti Mehriban \u018fliyevan\u0131n, tan\u0131nm\u0131\u015f akademik, Lomonosov ad\u0131na MDU-nun Bak\u0131 filial\u0131n\u0131n rektoru N\u0259rgiz Pa\u015fayevan\u0131n anas\u0131d\u0131r.<\/p>\n\n\n\n<p>2006-c\u0131 ild\u0259 Az\u0259rbaycan Respublikas\u0131n\u0131n Prezidenti \u0130lham \u018fliyev \u201cN\u0259sir \u0130manquliyevin xatir\u0259sinin \u0259b\u0259dil\u0259\u015fdirilm\u0259si haqq\u0131nda\u201d S\u0259r\u0259ncam imzalay\u0131b. H\u0259min ild\u0259 \u00d6m\u0259r Eldarovun m\u00fc\u0259llifliyi il\u0259, g\u00f6rk\u0259mli ziyal\u0131n\u0131n ya\u015fad\u0131\u011f\u0131 binaya xatir\u0259 l\u00f6vh\u0259si vurulub. 2007-ci ild\u0259 is\u0259 do\u011fma BDU-da xatir\u0259 l\u00f6vh\u0259si a\u00e7\u0131l\u0131b. 2011-ci ilin dekabr\u0131nda Az\u0259rbaycan Respublikas\u0131n\u0131n Prezidentinin s\u0259r\u0259ncam\u0131na \u0259sas\u0259n N\u0259sir \u0130manquliyevin 100 illiyin\u0259 h\u0259sr olunmu\u015f silsil\u0259 yubiley t\u0259dbirl\u0259ri ke\u00e7irilib.<\/p>\n\n\n\n<p>N\u0259sir m\u00fc\u0259llim g\u00f6z\u0259l ail\u0259 ba\u015f\u00e7\u0131s\u0131, xeyirxah insan, g\u0259ncl\u0259rin yolunu a\u00e7an, onlara d\u0259st\u0259k duran \u015f\u0259xsiyy\u0259t kimi q\u0259lbl\u0259rd\u0259 ya\u015fay\u0131r.<\/p>\n\n\n\n<p><strong>Ruhu \u015fad olsun\u201d!<\/strong><\/p>\n\n\n\n<p>Mill\u0259t v\u0259kili Arzu Na\u011f\u0131yev, BDU-nun Jurnalistika fak\u00fclt\u0259sinin dekan\u0131 V\u00fcqar Zif\u0259ro\u011flu, N\u0259sir \u0130manquliyev haqq\u0131nda kitab yazm\u0131\u015f t\u0259dqiqat\u00e7\u0131-jurnalist \u015e\u0259r\u0259f C\u0259lilli, \u00f6zb\u0259kistanl\u0131 \u015fair-publisist, t\u0259rc\u00fcm\u0259\u00e7i, Da\u015fk\u0259ndd\u0259ki Heyd\u0259r \u018fliyev ad\u0131na Az\u0259rbaycan M\u0259d\u0259niyy\u0259t M\u0259rk\u0259zinin \u0259m\u0259kda\u015f\u0131 \u015e\u0259hla Qas\u0131mova, tan\u0131nm\u0131\u015f Qaqauz ziyal\u0131s\u0131 G\u00fcll\u00fc Q\u0259r\u0259nfil, AYB s\u0259drinin m\u00fcavini, \u201c525-ci q\u0259zet\u201din ba\u015f redaktoru R\u0259\u015fad M\u0259cid, \u201c\u015e\u0259rq\u201d q\u0259zetinin ba\u015f redaktoru Akif A\u015f\u0131rl\u0131, BAMF-\u0131n qurucu-ba\u015fqan\u0131 Umud R\u0259himo\u011flu, \u201cBaku.az\u201d portal\u0131n\u0131n \u015f\u00f6b\u0259 m\u00fcdiri, N\u0259sir \u0130manquliyev haqq\u0131nda film \u00e7\u0259kmi\u015f F\u0259xriyy\u0259 Lilpar, RH\u0130M \u0130B s\u0259dri Arzu Ba\u011f\u0131rova konfransda \u00e7\u0131x\u0131\u015f edib.<\/p>\n\n\n\n<p>M\u0259nb\u0259: Axar.az<\/p>\n","protected":false},"excerpt":{"rendered":"<p>M\u0259\u015fhur az\u0259rbaycanl\u0131 jurnalist, g\u00f6rk\u0259mli ictimai v\u0259 elm xadimi N\u0259sir \u0130manquliyevin 110 illik yubileyi il\u0259 ba\u011fl\u0131 konfrans ke\u00e7irilib. Konfrans\u0131n apar\u0131c\u0131s\u0131 Milli M\u0259clisin M\u0259d\u0259niyy\u0259t Komit\u0259sinin eksperti<\/p>\n","protected":false},"author":2,"featured_media":57206,"comment_status":"closed","ping_status":"closed","sticky":false,"template":"","format":"standard","meta":{"footnotes":""},"categories":[8],"tags":[],"class_list":["post-57205","post","type-post","status-publish","format-standard","has-post-thumbnail","hentry","category-thsil"],"aioseo_notices":[],"_links":{"self":[{"href":"https:\/\/fedai.az\/index.php?rest_route=\/wp\/v2\/posts\/57205","targetHints":{"allow":["GET"]}}],"collection":[{"href":"https:\/\/fedai.az\/index.php?rest_route=\/wp\/v2\/posts"}],"about":[{"href":"https:\/\/fedai.az\/index.php?rest_route=\/wp\/v2\/types\/post"}],"author":[{"embeddable":true,"href":"https:\/\/fedai.az\/index.php?rest_route=\/wp\/v2\/users\/2"}],"replies":[{"embeddable":true,"href":"https:\/\/fedai.az\/index.php?rest_route=%2Fwp%2Fv2%2Fcomments&post=57205"}],"version-history":[{"count":2,"href":"https:\/\/fedai.az\/index.php?rest_route=\/wp\/v2\/posts\/57205\/revisions"}],"predecessor-version":[{"id":57208,"href":"https:\/\/fedai.az\/index.php?rest_route=\/wp\/v2\/posts\/57205\/revisions\/57208"}],"wp:featuredmedia":[{"embeddable":true,"href":"https:\/\/fedai.az\/index.php?rest_route=\/wp\/v2\/media\/57206"}],"wp:attachment":[{"href":"https:\/\/fedai.az\/index.php?rest_route=%2Fwp%2Fv2%2Fmedia&parent=57205"}],"wp:term":[{"taxonomy":"category","embeddable":true,"href":"https:\/\/fedai.az\/index.php?rest_route=%2Fwp%2Fv2%2Fcategories&post=57205"},{"taxonomy":"post_tag","embeddable":true,"href":"https:\/\/fedai.az\/index.php?rest_route=%2Fwp%2Fv2%2Ftags&post=57205"}],"curies":[{"name":"wp","href":"https:\/\/api.w.org\/{rel}","templated":true}]}}