{"id":57225,"date":"2021-12-23T01:52:57","date_gmt":"2021-12-22T21:52:57","guid":{"rendered":"https:\/\/fedai.az\/?p=57225"},"modified":"2021-12-23T01:53:01","modified_gmt":"2021-12-22T21:53:01","slug":"rusiya-sisanini-oldurduyunu-iddia-edib","status":"publish","type":"post","link":"https:\/\/fedai.az\/?p=57225","title":{"rendered":"Rusiya \u015ei\u015fanini \u00f6ld\u00fcrd\u00fcy\u00fcn\u00fc iddia edib"},"content":{"rendered":"\n<p><strong>Suriyada Rusiyan\u0131n d\u00f6y\u00fc\u015f t\u0259yyar\u0259l\u0259ri \u00e7e\u00e7en d\u00f6y\u00fc\u015f\u00e7\u00fcl\u0259rin komandiri M\u00fcsl\u00fcm \u0259bu V\u0259lid \u0259l-\u015ei\u015fani kimi tan\u0131nan Murad Marqo\u015fvilini z\u0259r\u0259rsizl\u0259\u015fdirib.<\/strong><\/p>\n\n\n\n<p>Teleqraf.com\u00a0x\u0259b\u0259r verir ki, bu bar\u0259d\u0259 Rusiya prezidentin Suriya \u00fczr\u0259 x\u00fcsusi n\u00fcmay\u0259nd\u0259si Aleksandr Lavrentyev a\u00e7\u0131qlama verib.<\/p>\n\n\n\n<p>\u201cBu yax\u0131nlarda Rusiya Aerokosmik Q\u00fcvv\u0259l\u0259ri \u201cCunud \u0259\u015f-\u015eam\u201d qrupla\u015fmas\u0131n\u0131n liderl\u0259rind\u0259n biri \u018f\u015f-\u015ei\u015fani Marqo\u015fvilini m\u0259hv etm\u0259y\u0259 m\u00fcv\u0259ff\u0259q olub\u201d, &#8212; diplomat bildirib.<\/p>\n\n\n\n<p>M\u0259lumata g\u00f6r\u0259, Rusiya Aerokosmik Q\u00fcvv\u0259l\u0259ri dekabr\u0131n 11-d\u0259 \u0259l-\u015ei\u015faninin Cisr \u0259\u015f-\u015eu\u011fur yax\u0131nl\u0131\u011f\u0131ndak\u0131 evin\u0259 hava z\u0259rb\u0259si endirib.<ins><\/ins><\/p>\n\n\n\n<p>Oktyabr ay\u0131nda Marqo\u015fvili il\u0259 \u201cH\u0259yat T\u0259hrir \u018f\u015f-\u015eam\u201d qrupla\u015fmas\u0131n\u0131n yaraql\u0131lar\u0131 aras\u0131ndak\u0131 qar\u015f\u0131durman\u0131n k\u0259skin fazaya ke\u00e7diyi bildirilmi\u015fdi. \u00c7e\u00e7en silahl\u0131 liderinin m\u0259\u011flub edildiyi iddia edilir.<\/p>\n\n\n\n<p>Maqo\u015fvili 1990-c\u0131 ill\u0259rin sonunda Marqo\u015fvili \u00c7e\u00e7enistan v\u0259 Da\u011f\u0131standa Rusiya ordusuna qar\u015f\u0131 d\u00f6y\u00fc\u015f\u0259n X\u0259ttab\u0131n d\u0259st\u0259sin\u0259 qo\u015fulub. B\u0259zi m\u0259lumatlara g\u00f6r\u0259, o, \u0130nqu\u015flar\u0131n Qala\u015fki k\u0259ndi yax\u0131nl\u0131\u011f\u0131nda ged\u0259n d\u00f6y\u00fc\u015fd\u0259 i\u015ftirak edib, n\u0259tic\u0259d\u0259 12 rus zabiti v\u0259 \u0259sg\u0259rini \u00f6ld\u00fcr\u00fcb. 2008-ci ild\u0259n Suriyada m\u00fcharib\u0259 ba\u015flayana q\u0259d\u0259r Da\u011f\u0131standa olub. 2008-ci il\u0259 q\u0259d\u0259r bir ne\u00e7\u0259 il G\u00fcrc\u00fcstanda ya\u015fay\u0131b. Rusiyada iki illik h\u0259bsd\u0259n sonra ora getmi\u015fdi.<\/p>\n","protected":false},"excerpt":{"rendered":"<p>Suriyada Rusiyan\u0131n d\u00f6y\u00fc\u015f t\u0259yyar\u0259l\u0259ri \u00e7e\u00e7en d\u00f6y\u00fc\u015f\u00e7\u00fcl\u0259rin komandiri M\u00fcsl\u00fcm \u0259bu V\u0259lid \u0259l-\u015ei\u015fani kimi tan\u0131nan Murad Marqo\u015fvilini z\u0259r\u0259rsizl\u0259\u015fdirib. Teleqraf.com\u00a0x\u0259b\u0259r verir ki, bu bar\u0259d\u0259 Rusiya prezidentin Suriya<\/p>\n","protected":false},"author":2,"featured_media":57226,"comment_status":"closed","ping_status":"closed","sticky":false,"template":"","format":"standard","meta":{"footnotes":""},"categories":[13],"tags":[],"class_list":["post-57225","post","type-post","status-publish","format-standard","has-post-thumbnail","hentry","category-xarici"],"aioseo_notices":[],"_links":{"self":[{"href":"https:\/\/fedai.az\/index.php?rest_route=\/wp\/v2\/posts\/57225","targetHints":{"allow":["GET"]}}],"collection":[{"href":"https:\/\/fedai.az\/index.php?rest_route=\/wp\/v2\/posts"}],"about":[{"href":"https:\/\/fedai.az\/index.php?rest_route=\/wp\/v2\/types\/post"}],"author":[{"embeddable":true,"href":"https:\/\/fedai.az\/index.php?rest_route=\/wp\/v2\/users\/2"}],"replies":[{"embeddable":true,"href":"https:\/\/fedai.az\/index.php?rest_route=%2Fwp%2Fv2%2Fcomments&post=57225"}],"version-history":[{"count":1,"href":"https:\/\/fedai.az\/index.php?rest_route=\/wp\/v2\/posts\/57225\/revisions"}],"predecessor-version":[{"id":57227,"href":"https:\/\/fedai.az\/index.php?rest_route=\/wp\/v2\/posts\/57225\/revisions\/57227"}],"wp:featuredmedia":[{"embeddable":true,"href":"https:\/\/fedai.az\/index.php?rest_route=\/wp\/v2\/media\/57226"}],"wp:attachment":[{"href":"https:\/\/fedai.az\/index.php?rest_route=%2Fwp%2Fv2%2Fmedia&parent=57225"}],"wp:term":[{"taxonomy":"category","embeddable":true,"href":"https:\/\/fedai.az\/index.php?rest_route=%2Fwp%2Fv2%2Fcategories&post=57225"},{"taxonomy":"post_tag","embeddable":true,"href":"https:\/\/fedai.az\/index.php?rest_route=%2Fwp%2Fv2%2Ftags&post=57225"}],"curies":[{"name":"wp","href":"https:\/\/api.w.org\/{rel}","templated":true}]}}