{"id":57241,"date":"2021-12-23T10:41:25","date_gmt":"2021-12-23T06:41:25","guid":{"rendered":"https:\/\/fedai.az\/?p=57241"},"modified":"2021-12-23T10:52:55","modified_gmt":"2021-12-23T06:52:55","slug":"57241","status":"publish","type":"post","link":"https:\/\/fedai.az\/?p=57241","title":{"rendered":"T\u018fBR\u0130K: V\u018fL\u0130YEV M\u00dcBAR\u0130Z H\u018fM\u0130D O\u011eLU &#8212; 67"},"content":{"rendered":"\n<p><strong>&nbsp;&nbsp;&nbsp; \u0130nsan \u00fc\u00e7\u00fcn \u0259n yadda qalan g\u00fcnl\u0259rd\u0259n biri d\u0259 onun do\u011fum g\u00fcn\u00fcd\u00fcr. Ya\u015f\u0131n\u0131n \u00fcst\u0259 ya\u015f qaland\u0131qca insan daha da kamill\u0259\u015fir. Bel\u0259 insanlardan biri d\u0259 M\u00fcharib\u0259 Veteran\u0131 istefada olan kapitan V\u0259liyev M\u00fcbariz H\u0259mid o\u011fludur. 24 dekabrda onun 67 ya\u015f\u0131 tamam olur. Bel\u0259 bir \u0259lam\u0259tdar g\u00fcn m\u00fcnasib\u0259til\u0259 AVMV\u0130B R\u0259hb\u0259rliyi v\u0259 Az\u0259rbaycan V\u0259t\u0259n M\u00fcharib\u0259si Veteranlar\u0131 \u0130ctimai Birliyinin s\u0259dr m\u00fcavini polkovnik Salman Musayev M\u00fcharib\u0259 Veteran\u0131 istefada olan kapitan V\u0259liyev M\u00fcbariz H\u0259mid o\u011flunu s\u0259mimi q\u0259lbd\u0259n t\u0259brik edir, h\u0259yatda insan \u00fcc\u00fcn \u0259n \u015firin nem\u0259t olan m\u00f6hk\u0259m can sa\u011fl\u0131\u011f\u0131 v\u0259 h\u0259yat yollar\u0131nda bitib &#8212; t\u00fck\u0259nm\u0259y\u0259n naliy\u0259tl\u0259r arzulay\u0131r.<\/strong><\/p>\n\n\n\n<p><strong>Qoy ya\u015f\u0131n\u0131n \u00fcst\u0259 g\u0259l\u0259n bu ya\u015f ona sevinc dolu g\u00fcnl\u0259r b\u0259x\u015f etsin v\u0259 h\u0259r yeni g\u00fcn\u00fc is\u0259 \u00f6t\u0259n g\u00fcnl\u0259rd\u0259n daha g\u00f6z\u0259l ist\u0259kl\u0259rin\u0259 uy\u011fun onu xo\u015fb\u0259xt ed\u0259c\u0259k \u015f\u0259kild\u0259 ke\u00e7sin. Amin!<\/strong><\/p>\n\n\n\n<p>\u00a0\u00a0\u00a0\u00a0\u00a0\u00a0 M\u00fcharib\u0259 veteran\u0131 istefada olan kapitan V\u0259liyev M\u00fcbariz H\u0259mid o\u011flu\u00a0 24 dekabr 1954-c\u00fc ild\u0259 G\u00fcrc\u00fcstan Respublikas\u0131n\u0131n Marneuli rayonunun \u0130lm\u0259zli k\u0259ndind\u0259 anadan olub. O,\u00a0uzun m\u00fcdd\u0259t Daxili Qo\u015funlar\u0131n h\u0259rb\u0131 hiss\u0259l\u0259rind\u0259 h\u0259rbi hiss\u0259 komandirinin Maddi- texniki t\u0259minat xidm\u0259tl\u0259ri \u00fczr\u0259\u00a0 m\u00fcavinini v\u0259zif\u0259l\u0259rind\u0259\u00a0 xidm\u0259t etmi\u015f\u00a0 m\u00fcharib\u0259 veteran\u0131 ehtiyyatda olan polkovnik\u00a0 V\u0259liyev R\u0259sul H\u0259mid o\u011flunun do\u011fma qarda\u015f\u0131d\u0131r.<\/p>\n\n\n\n<figure class=\"wp-block-gallery columns-3 is-cropped wp-block-gallery-1 is-layout-flex wp-block-gallery-is-layout-flex\"><ul class=\"blocks-gallery-grid\"><li class=\"blocks-gallery-item\"><figure><img loading=\"lazy\" decoding=\"async\" width=\"213\" height=\"298\" src=\"https:\/\/fedai.az\/wp-content\/uploads\/2021\/12\/20211222_185951.jpg\" alt=\"\" data-id=\"57242\" data-link=\"https:\/\/fedai.az\/?attachment_id=57242\" class=\"wp-image-57242\" srcset=\"https:\/\/fedai.az\/wp-content\/uploads\/2021\/12\/20211222_185951.jpg 213w, https:\/\/fedai.az\/wp-content\/uploads\/2021\/12\/20211222_185951-107x150.jpg 107w\" sizes=\"auto, (max-width: 213px) 100vw, 213px\" \/><\/figure><\/li><li class=\"blocks-gallery-item\"><figure><img loading=\"lazy\" decoding=\"async\" width=\"422\" height=\"674\" src=\"https:\/\/fedai.az\/wp-content\/uploads\/2021\/12\/20211222_190111.jpg\" alt=\"\" data-id=\"57243\" data-link=\"https:\/\/fedai.az\/?attachment_id=57243\" class=\"wp-image-57243\" srcset=\"https:\/\/fedai.az\/wp-content\/uploads\/2021\/12\/20211222_190111.jpg 422w, https:\/\/fedai.az\/wp-content\/uploads\/2021\/12\/20211222_190111-188x300.jpg 188w, https:\/\/fedai.az\/wp-content\/uploads\/2021\/12\/20211222_190111-94x150.jpg 94w\" sizes=\"auto, (max-width: 422px) 100vw, 422px\" \/><\/figure><\/li><li class=\"blocks-gallery-item\"><figure><img loading=\"lazy\" decoding=\"async\" width=\"455\" height=\"526\" src=\"https:\/\/fedai.az\/wp-content\/uploads\/2021\/12\/20211222_185855.jpg\" alt=\"\" data-id=\"57244\" data-full-url=\"https:\/\/fedai.az\/wp-content\/uploads\/2021\/12\/20211222_185855.jpg\" data-link=\"https:\/\/fedai.az\/?attachment_id=57244\" class=\"wp-image-57244\" srcset=\"https:\/\/fedai.az\/wp-content\/uploads\/2021\/12\/20211222_185855.jpg 455w, https:\/\/fedai.az\/wp-content\/uploads\/2021\/12\/20211222_185855-260x300.jpg 260w, https:\/\/fedai.az\/wp-content\/uploads\/2021\/12\/20211222_185855-130x150.jpg 130w\" sizes=\"auto, (max-width: 455px) 100vw, 455px\" \/><\/figure><\/li><\/ul><\/figure>\n\n\n\n<p>\u00a0\u00a0\u00a0\u00a0\u00a0 O,G\u00fcrc\u00fcstan Respublikas\u0131n\u0131n \u0130lm\u0259zli tam orta m\u0259kt\u0259bi v\u0259 Tiflis \u015f\u0259h\u0259r D\u00f6vl\u0259t\u00a0 \u0130nistutunu bitrib. Daxili Qo\u015funlarda xidm\u0259t etdiyi ill\u0259r \u0259rzind\u0259 Daxili Qo\u015funlar\u0131n\u00a0Tiflis v\u0259 Krasnodar \u015f\u0259h\u0259rl\u0259rind\u0259 yerl\u0259\u015f\u0259n h\u0259rbi hiss\u0259l\u0259rind\u0259 kecirl\u0259n metodiki &#8212; t\u0259lim toplan\u0131\u015flarda, kurslarda, t\u0259liml\u0259rd\u0259, seminar v\u0259 konfranslarda f\u0259al i\u015ftirak etib.<\/p>\n\n\n\n<p>&nbsp;&nbsp;&nbsp;&nbsp; V\u0259liyev M\u00fcbariz H\u0259mid o\u011flu 1973- 1975 -ci ill\u0259rd\u0259 Sovet Ordusunun Ukrayna Respublikas\u0131n\u0131n Jitomir \u015f\u0259h\u0259rind\u0259 yerl\u0259\u015f\u0259n h\u0259rbi hiss\u0259d\u0259 m\u00fcddd\u0259tli&nbsp; h\u0259qiqi h\u0259rbi xidm\u0259t\u0259 olub.<\/p>\n\n\n\n<p>\u00a0\u00a0\u00a0\u00a0 M\u00fcharib\u0259 veteran\u0131 M\u00fcbariz H\u0259mid o\u011flu V\u0259liyev\u00a01976 -1997-ci ill\u0259rd\u0259 Daxili \u0130\u015fl\u0259r Nazirliyinin Daxili Qo\u015funlar\u0131n G\u00fcrc\u00fcstan Respublikas\u0131n\u0131n\u00a0Tiflis v\u0259 Rustavi, R\u00fcsiya Respublikas\u0131n\u0131n Krasnodar \u015f\u0259h\u0259rind\u0259, Az\u0259rbaycan Respublikas\u0131n\u0131n is\u0259 X\u0259tai, N\u0259rimanov, Bin\u0259q\u0259di, X\u0259z\u0259r,\u00a0 \u015eahbuz rayonlar\u0131nda yerl\u0259\u015f\u0259n h\u0259rbi hiss\u0259l\u0259rind\u0259\u00a0 qarovul r\u0259isi, taq\u0131m komandiri,\u00a0 axtari\u015f qurupun r\u0259isi,\u00a0 At\u0259\u015f-S\u0131naq m\u0259rk\u0259zinin r\u0259isi, Daxili Qo\u015funlar\u0131n Bas \u0130dar\u0259sinin D\u00f6y\u00fc\u015f Haz\u0131rl\u0131\u011f\u0131 \u0130dar\u0259sind\u0259\u00a0 is\u0259 Qo\u015funlar\u0131n t\u0259lim-t\u0259dris m\u0259rk\u0259z\u0131n\u0131n \u0131lk r\u0259isi v\u0259zif\u0259l\u0259rind\u0259 V\u0259t\u0259n\u0259, D\u00f6vl\u0259t\u0259 v\u0259 Xalqa s\u0259daq\u0259tl\u0259 xidm\u0259t etmi\u015fdir .<\/p>\n\n\n\n<figure class=\"wp-block-image size-large\"><img loading=\"lazy\" decoding=\"async\" width=\"1024\" height=\"768\" src=\"https:\/\/fedai.az\/wp-content\/uploads\/2021\/12\/IMG-20211222-WA0072-1024x768.jpg\" alt=\"\" class=\"wp-image-57245\" srcset=\"https:\/\/fedai.az\/wp-content\/uploads\/2021\/12\/IMG-20211222-WA0072-1024x768.jpg 1024w, https:\/\/fedai.az\/wp-content\/uploads\/2021\/12\/IMG-20211222-WA0072-300x225.jpg 300w, https:\/\/fedai.az\/wp-content\/uploads\/2021\/12\/IMG-20211222-WA0072-150x113.jpg 150w, https:\/\/fedai.az\/wp-content\/uploads\/2021\/12\/IMG-20211222-WA0072-768x576.jpg 768w, https:\/\/fedai.az\/wp-content\/uploads\/2021\/12\/IMG-20211222-WA0072-rotated.jpg 1156w\" sizes=\"auto, (max-width: 1024px) 100vw, 1024px\" \/><\/figure>\n\n\n\n<p>&nbsp;&nbsp;&nbsp;&nbsp;&nbsp; M\u00fcst\u0259qil Az\u0259rbaycan\u0131n Daxili \u0130\u015fl\u0259r Nazirliyinin&nbsp; Daxili Qo\u015funlar\u0131nda xidm\u0259t etdiyi ill\u0259r \u0259rzind\u0259,Az\u0259rbaycan Respublikas\u0131n\u0131n Konstitusiyas\u0131na v\u0259 qanunlar\u0131na \u0259m\u0259l etm\u0259kd\u0259, h\u0259rbi and\u0131n,&nbsp; h\u0259rbi nizam\u0259l\u0259rin v\u0259 dig\u0259r h\u00fcquqi- normativ aktlar\u0131n&nbsp; t\u0259l\u0259bl\u0259rin\u0259, el\u0259c\u0259d\u0259 v\u0259zif\u0259 borclar\u0131n\u0131n icrasna m\u0259suliyy\u0259tl\u0259 yana\u015fm\u0131\u015f, qar\u015f\u0131ya qoyulmu\u015f&nbsp; xidm\u0259ti&nbsp; tap\u015f\u0131r\u0131qlar\u0131 m\u00fcv\u0259ff\u0259qiyy\u0259tl\u0259 yerin\u0259 yetirilm\u0259si \u00fc\u00e7\u00fcn \u00f6z \u0259m\u0259yini \u0259sirg\u0259m\u0259mi\u015f, \u015f\u0259xsi n\u00fcmun\u0259si il\u0259&nbsp; bir cox&nbsp; h\u0259rbi qulluq\u00e7ular\u0131 f\u0259dakar h\u0259rbi xidm\u0259t\u0259 ruhland\u0131rm\u0131\u015fd\u0131r.<\/p>\n\n\n\n<p>\u00a0\u00a0\u00a0\u00a0 O, Daxili Qo\u015funlarda xidm\u0259t etdiyi ill\u0259r \u0259rzind\u0259 \u00f6zun\u00fc u\u015faq vaxtlar\u0131ndan, g\u00f6z\u0259l ail\u0259 v\u0259 m\u0259kt\u0259b t\u0259rbiy\u0259si il\u0259 b\u00f6y\u00fcm\u00fc\u015f, \u0259xlaq\u0131 t\u0259rbiy\u0259si yerind\u0259 olan, nizam v\u0259 intizaml\u0131 h\u0259rbi\u00e7i k\u0131m\u0131 g\u00f6st\u0259rmi\u015fdir. O i\u015fl\u0259diyi v\u0259 oxudu\u011fu t\u0259hsil m\u00fc\u0259ssis\u0259l\u0259rind\u0259, ya\u015fad\u0131\u011f\u0131 \u0259razid\u0259 kollektiv aras\u0131nda h\u0259mi\u015f\u0259 m\u00fcsb\u0259t m\u0259nada se\u00e7il\u0259r\u0259k, ba\u015fqalar\u0131 \u00fc\u00e7\u00fcn n\u00fcmun\u0259 olmu\u015fdur.<\/p>\n\n\n\n<p><strong>\u00a0\u00a0\u00a0\u00a0\u00a0 Kapitan V\u0259liyev M\u00fcbariz H\u0259mid o\u011flu\u00a0 pe\u015f\u0259karl\u0131\u011f\u0131 v\u0259 humanistliyi il\u0259, n\u0259z\u0259ri v\u0259 praktiki biliyi il\u0259, i\u015fg\u00fczarl\u0131\u011f\u0131 v\u0259 m\u0259n\u0259vi keyfiyy\u0259til\u0259, d\u0259qiqliyi v\u0259 t\u0259mkinliyi il\u0259, sad\u0259liyi v\u0259 s\u0259mimiyy\u0259ti il\u0259\u00a0 se\u00e7il\u0259n \u00f6mr\u00fcn\u00fcn \u0259n m\u0259hsuldar d\u00f6vr\u00fcn\u00fcn 23\u00a0ild\u0259n \u00e7ox \u015f\u0259r\u0259fli xidm\u0259t yolunu h\u0259rbi xidm\u0259td\u0259\u00a0 kecirib.<\/strong><\/p>\n\n\n\n<figure class=\"wp-block-image size-large is-resized\"><img loading=\"lazy\" decoding=\"async\" src=\"https:\/\/fedai.az\/wp-content\/uploads\/2021\/12\/20211222_222655.jpg\" alt=\"\" class=\"wp-image-57246\" width=\"917\" height=\"917\" srcset=\"https:\/\/fedai.az\/wp-content\/uploads\/2021\/12\/20211222_222655.jpg 807w, https:\/\/fedai.az\/wp-content\/uploads\/2021\/12\/20211222_222655-300x300.jpg 300w, https:\/\/fedai.az\/wp-content\/uploads\/2021\/12\/20211222_222655-150x150.jpg 150w, https:\/\/fedai.az\/wp-content\/uploads\/2021\/12\/20211222_222655-768x768.jpg 768w, https:\/\/fedai.az\/wp-content\/uploads\/2021\/12\/20211222_222655-215x215.jpg 215w\" sizes=\"auto, (max-width: 917px) 100vw, 917px\" \/><\/figure>\n\n\n\n<p>&nbsp;&nbsp;&nbsp;&nbsp;&nbsp; M\u00fcbariz V\u0259liyev 1976- 1997-ci ill\u0259rd\u0259 Daxili \u0130\u015fl\u0259r Nazirliyinin Daxili Qo\u015funlar\u0131nda xidm\u0259t etdiyi ill\u0259r \u0259rzind\u0259 Krasnodar \u015f\u0259h\u0259rind\u0259,&nbsp; G\u00fcrc\u00fcstan v\u0259 Az\u0259rbaycan&nbsp; Respublikalar\u0131nda ictimai qaydan\u0131n v\u0259 ictimai t\u0259hl\u00fck\u0259sizliyin qorunmasnda, \u015f\u0259h\u0259rd\u0259 v\u0259 ya\u015fay\u0131\u015f m\u0259nt\u0259q\u0259l\u0259rind\u0259, c\u0259za\u00e7\u0259km\u0259 m\u00fc\u0259ssis\u0259l\u0259rind\u0259 ba\u015f vermi\u015f k\u00fctl\u0259vi ixti\u015fa\u015flar\u0131n qar\u015fls\u0131n\u0131n al\u0131nmas\u0131nda ,m\u00fct\u0259\u015f\u0259kkil cinay\u0259tkarl\u0131\u011fa qar\u015f\u0131 m\u00fcbariz\u0259d\u0259, qanunsuz silahl\u0131 d\u0259st\u0259l\u0259rin z\u0259r\u0259rsizl\u0259\u015fdirilm\u0259sind\u0259, F\u00f6vqal\u0259d\u0259 v\u0259ziy\u0259t zaman\u0131 h\u00fcquqi rejimin t\u0259min edilm\u0259sind\u0259,d\u00f6vl\u0259tin \u0259razi b\u00fct\u00f6vl\u00fcy\u00fcn\u00fcn t\u0259min edilm\u0259sind\u0259&nbsp; \u00fcz\u0259rin\u0259 d\u00fcs\u0259n v\u0259zif\u0259 v\u0259 tap\u015f\u0131r\u0131qlar\u0131 m\u0259suliyy\u0259t v\u0259 \u015f\u0259r\u0259f hissi il\u0259 yer\u0131n\u0259 yetirmi\u015fdir.<\/p>\n\n\n\n<p>&nbsp;&nbsp;&nbsp;&nbsp;&nbsp;&nbsp; O,Daxili Qo\u015funlarda xidm\u0259t etdiyi ill\u0259r \u0259rzind\u0259 \u00f6z\u00fcn\u00fc qorxmaz, s\u0259xav\u0259tli, insap\u0259rv\u0259r, \u0259lia\u00e7\u0131q, z\u0259hm\u0259tke\u015f&nbsp; zabit kimi g\u00f6st\u0259rmi\u015fdir. O, ist\u0259r anadan oldu\u011fu v\u0259 ya\u015fad\u0131\u011f\u0131 \u0259razid\u0259, oxudu\u011fu orta v\u0259 ali t\u0259hsil m\u00fc\u0259s\u0259l\u0259rind\u0259, ist\u0259rs\u0259 d\u0259 xidm\u0259t etdiyi v\u0259 i\u015fl\u0259diyi kollektivl\u0259rd\u0259, dost-tan\u0131\u015f ,qohum-\u0259qr\u0259ba aras\u0131nda \u00f6z\u00fcn\u0259 layiq h\u00f6rm\u0259t qazanm\u0131\u015fd\u0131r.<\/p>\n\n\n\n<p>&nbsp;&nbsp; Kapitan V\u0259liyev M\u00fcbariz H\u0259mid o\u011flu Daxili Qo\u015funlar\u0131n&nbsp; G\u00fcrc\u00fcstan Respublikas\u0131n\u0131n R\u00fcstavi \u015f\u0259h\u0259rind\u0259&nbsp; yerl\u0259\u015f\u0259n&nbsp;&nbsp; kanvoy- m\u00fchafiz\u0259 b\u00f6l\u00fcy\u00fcnd\u0259 (taborunda) qarovul r\u0259isi v\u0259zif\u0259sind\u0259 xidm\u0259t etdiyi ill\u0259r \u0259rzind\u0259&nbsp; h\u0259rbi qulluq\u00e7ular\u0131n t\u0259c\u00fcrb\u0259l\u0259l\u0259rinin, dig\u0259r h\u0259rbi qulluq\u00e7ular aras\u0131nda yaymaq m\u0259qs\u0259dil\u0259 Xidm\u0259t etdiyi&nbsp; konvoy-M\u00fchafiz\u0259 alay\u0131nda b\u00fct\u00fcn&nbsp; qarovul r\u0259isl\u0259ri aras\u0131nda&nbsp;&nbsp; bir nec\u0259 d\u0259f\u0259 &#171;\u018fN YAX\u015eI QAROVUL R\u018f\u0130S\u0130 &#187;&nbsp; olmu\u015fdur.<\/p>\n\n\n\n<figure class=\"wp-block-image size-large\"><img loading=\"lazy\" decoding=\"async\" width=\"1024\" height=\"860\" src=\"https:\/\/fedai.az\/wp-content\/uploads\/2021\/12\/20211222_222513-1024x860.jpg\" alt=\"\" class=\"wp-image-57247\" srcset=\"https:\/\/fedai.az\/wp-content\/uploads\/2021\/12\/20211222_222513-1024x860.jpg 1024w, https:\/\/fedai.az\/wp-content\/uploads\/2021\/12\/20211222_222513-300x252.jpg 300w, https:\/\/fedai.az\/wp-content\/uploads\/2021\/12\/20211222_222513-150x126.jpg 150w, https:\/\/fedai.az\/wp-content\/uploads\/2021\/12\/20211222_222513-768x645.jpg 768w, https:\/\/fedai.az\/wp-content\/uploads\/2021\/12\/20211222_222513.jpg 1031w\" sizes=\"auto, (max-width: 1024px) 100vw, 1024px\" \/><\/figure>\n\n\n\n<p>\u00a0\u00a0\u00a0\u00a0\u00a0 H\u0259rbi xidm\u0259ti v\u0259zif\u0259l\u0259rinin icras\u0131 zaman\u0131 y\u00fcks\u0259k m\u0259n\u0259vi &#8212; d\u00f6y\u00fc\u015f keyfiyy\u0259tl\u0259ri g\u00f6st\u0259rdiyin\u0259 g\u00f6r\u0259, d\u00f6y\u00fc\u015f v\u0259 ictimai s\u0131yas\u0131 haz\u0131rl\u0131\u011f\u0131nda h\u0259rbi intizam\u0131n m\u00f6hk\u0259ml\u0259ndirilm\u0259sind\u0259 y\u00fcks\u0259k g\u00f6st\u0259ricil\u0259r\u0259 nail oldu\u011funa v\u0259 n\u00fcmun\u0259vi xidm\u0259tin\u0259 g\u00f6r\u0259 Daxili \u0130\u015fl\u0259r Nazirinin, Daxili Qo\u015funlar Komandan\u0131n v\u0259 onun m\u00fcavinl\u0259rinin, diviziya, h\u0259rbi hiss\u0259, tabor v\u0259\u00a0b\u00f6luk komandirinin m\u00fcvafiq \u0259mrl\u0259ri il\u0259 &#171;\u0259la xidm\u0259tl\u0259r\u0259 g\u00f6r\u0259\u00a0 1-ci v\u0259 2-ci d\u0259r\u0259c\u0259li d\u00f6\u015f, yubley\u00a0 v\u0259 m\u00fcvafiq idman d\u0259r\u0259c\u0259si ni\u015fan\u0131 il\u0259 t\u0259ltif olunub v\u0259 ona t\u0259\u015f\u0259kk\u00fcr elan edilib.<\/p>\n\n\n\n<p>\u00a0\u00a0\u00a0\u00a0 D\u00f6y\u00fc\u015f\u00a0 haz\u0131rl\u0131\u011f\u0131ndak\u0131 \u0259la g\u00f6st\u0259ricil\u0259r\u0259 g\u00f6r\u0259, t\u0259liml\u0259rd\u0259, x\u00fcsusi \u0259m\u0259liyyatlarda, axtar\u0131\u015fda olan \u015f\u0259xsl\u0259rin tutulmas\u0131nda, d\u00f6y\u00fc\u015f xidm\u0259tind\u0259\u00a0 v\u0259 d\u00f6y\u00fc\u015f n\u00f6vb\u0259sind\u0259 x\u00fcsusi f\u0259riql\u0259ndiyin\u0259 g\u00f6r\u0259 SSR\u0130 Ali Soveti ad\u0131ndan &#171;Q\u00fcsursuz xidm\u0259tl\u0259r\u0259 g\u00f6r\u0259 2-ci v\u0259 3-c\u00fc d\u0259r\u0259c\u0259li, &#171;Siahl\u0131 Q\u00fcvv\u0259l\u0259rin yaranmas\u0131n\u0131n&#187; is\u0259 70-iliyi yubiley medallar\u0131 il\u0259 t\u0259ltif edilib.<\/p>\n\n\n\n<p>&nbsp;&nbsp;&nbsp;&nbsp; <strong>G\u00dcN\u018f\u015e Q\u018fD\u018fR \u0130ST\u0130, QAR D\u018fN\u018fS\u0130 Q\u018fD\u018fR SAF V\u018f T\u018fM\u0130Z B\u0130R D\u0130L\u018fKL\u018f, AD G\u00dcN\u00dcN M\u00dcBAR\u018fK OLSUN&#8230;<\/strong><\/p>\n\n\n\n<p><strong>D\u0259rin h\u00f6rm\u0259tl\u0259,&nbsp; Az\u0259rbaycan V\u0259t\u0259n M\u00fcharib\u0259si Veteranlar\u0131 \u0130ctimai Birliyinin s\u0259dr m\u00fcavini polkovnik Salman Musayev<\/strong><\/p>\n\n\n\n<figure class=\"wp-block-gallery columns-2 is-cropped wp-block-gallery-2 is-layout-flex wp-block-gallery-is-layout-flex\"><ul class=\"blocks-gallery-grid\"><li class=\"blocks-gallery-item\"><figure><img loading=\"lazy\" decoding=\"async\" width=\"200\" height=\"297\" src=\"https:\/\/fedai.az\/wp-content\/uploads\/2021\/12\/20211222_222452.jpg\" alt=\"\" data-id=\"57248\" data-full-url=\"https:\/\/fedai.az\/wp-content\/uploads\/2021\/12\/20211222_222452.jpg\" data-link=\"https:\/\/fedai.az\/?attachment_id=57248\" class=\"wp-image-57248\" srcset=\"https:\/\/fedai.az\/wp-content\/uploads\/2021\/12\/20211222_222452.jpg 200w, https:\/\/fedai.az\/wp-content\/uploads\/2021\/12\/20211222_222452-101x150.jpg 101w\" sizes=\"auto, (max-width: 200px) 100vw, 200px\" \/><\/figure><\/li><li class=\"blocks-gallery-item\"><figure><img loading=\"lazy\" decoding=\"async\" width=\"600\" height=\"600\" src=\"https:\/\/fedai.az\/wp-content\/uploads\/2021\/12\/8265a327389da9fe4fdc2714b309120e-2-1.jpg\" alt=\"\" data-id=\"56902\" data-full-url=\"https:\/\/fedai.az\/wp-content\/uploads\/2021\/12\/8265a327389da9fe4fdc2714b309120e-2-1.jpg\" data-link=\"https:\/\/fedai.az\/?attachment_id=56902\" class=\"wp-image-56902\" srcset=\"https:\/\/fedai.az\/wp-content\/uploads\/2021\/12\/8265a327389da9fe4fdc2714b309120e-2-1.jpg 600w, https:\/\/fedai.az\/wp-content\/uploads\/2021\/12\/8265a327389da9fe4fdc2714b309120e-2-1-300x300.jpg 300w, https:\/\/fedai.az\/wp-content\/uploads\/2021\/12\/8265a327389da9fe4fdc2714b309120e-2-1-150x150.jpg 150w, https:\/\/fedai.az\/wp-content\/uploads\/2021\/12\/8265a327389da9fe4fdc2714b309120e-2-1-215x215.jpg 215w\" sizes=\"auto, (max-width: 600px) 100vw, 600px\" \/><\/figure><\/li><\/ul><\/figure>\n","protected":false},"excerpt":{"rendered":"<p>&nbsp;&nbsp;&nbsp; \u0130nsan \u00fc\u00e7\u00fcn \u0259n yadda qalan g\u00fcnl\u0259rd\u0259n biri d\u0259 onun do\u011fum g\u00fcn\u00fcd\u00fcr. Ya\u015f\u0131n\u0131n \u00fcst\u0259 ya\u015f qaland\u0131qca insan daha da kamill\u0259\u015fir. Bel\u0259 insanlardan biri d\u0259<\/p>\n","protected":false},"author":2,"featured_media":57249,"comment_status":"closed","ping_status":"closed","sticky":false,"template":"","format":"standard","meta":{"footnotes":""},"categories":[5],"tags":[],"class_list":["post-57241","post","type-post","status-publish","format-standard","has-post-thumbnail","hentry","category-veteran"],"aioseo_notices":[],"_links":{"self":[{"href":"https:\/\/fedai.az\/index.php?rest_route=\/wp\/v2\/posts\/57241","targetHints":{"allow":["GET"]}}],"collection":[{"href":"https:\/\/fedai.az\/index.php?rest_route=\/wp\/v2\/posts"}],"about":[{"href":"https:\/\/fedai.az\/index.php?rest_route=\/wp\/v2\/types\/post"}],"author":[{"embeddable":true,"href":"https:\/\/fedai.az\/index.php?rest_route=\/wp\/v2\/users\/2"}],"replies":[{"embeddable":true,"href":"https:\/\/fedai.az\/index.php?rest_route=%2Fwp%2Fv2%2Fcomments&post=57241"}],"version-history":[{"count":6,"href":"https:\/\/fedai.az\/index.php?rest_route=\/wp\/v2\/posts\/57241\/revisions"}],"predecessor-version":[{"id":57256,"href":"https:\/\/fedai.az\/index.php?rest_route=\/wp\/v2\/posts\/57241\/revisions\/57256"}],"wp:featuredmedia":[{"embeddable":true,"href":"https:\/\/fedai.az\/index.php?rest_route=\/wp\/v2\/media\/57249"}],"wp:attachment":[{"href":"https:\/\/fedai.az\/index.php?rest_route=%2Fwp%2Fv2%2Fmedia&parent=57241"}],"wp:term":[{"taxonomy":"category","embeddable":true,"href":"https:\/\/fedai.az\/index.php?rest_route=%2Fwp%2Fv2%2Fcategories&post=57241"},{"taxonomy":"post_tag","embeddable":true,"href":"https:\/\/fedai.az\/index.php?rest_route=%2Fwp%2Fv2%2Ftags&post=57241"}],"curies":[{"name":"wp","href":"https:\/\/api.w.org\/{rel}","templated":true}]}}