{"id":57257,"date":"2021-12-23T11:13:48","date_gmt":"2021-12-23T07:13:48","guid":{"rendered":"https:\/\/fedai.az\/?p=57257"},"modified":"2021-12-23T11:13:52","modified_gmt":"2021-12-23T07:13:52","slug":"beyl%c9%99qanda-s%c9%99hidin-ad-gunu-m%c9%99rasimi-kecirildi","status":"publish","type":"post","link":"https:\/\/fedai.az\/?p=57257","title":{"rendered":"Beyl\u0259qanda \u015f\u0259hidin Ad g\u00fcn\u00fc m\u0259rasimi ke\u00e7irildi"},"content":{"rendered":"\n<p><strong>Az\u0259rbaycan V\u0259t\u0259n M\u00fcharib\u0259si Veteranlar\u0131 \u0130ctimai Birliyi (AVMV\u0130B) Xocav\u0259nd v\u0259 Az\u0259rbaycan V\u0259t\u0259n M\u00fcharib\u0259si Veteranlar\u0131 \u0130ctimai Birliyi (AVMV\u0130B) Beyl\u0259qan rayon \u015f\u00f6b\u0259si veteranlar\u0131 \u015f\u0259hidl\u0259rimizl\u0259 ba\u011fl\u0131 silsil\u0259 t\u0259dbirl\u0259ri davam etdiribl\u0259r.<\/strong><\/p>\n\n\n\n<p>Az\u0259rbaycan V\u0259t\u0259n M\u00fcharib\u0259si Veteranlar\u0131 \u0130ctimai Birliyi (AVMV\u0130B) s\u0259drinin s\u0259lahiyy\u0259tli n\u00fcmay\u0259nd\u0259si, Xocav\u0259nd rayon \u015f\u00f6b\u0259sinin s\u0259dri Akif H\u0259s\u0259nov v\u0259 Az\u0259rbaycan V\u0259t\u0259n M\u00fcharib\u0259si Veteranlar\u0131 \u0130ctimai Birliyi (AVMV\u0130B) Beyl\u0259qan rayon \u015f\u00f6b\u0259sinin s\u0259dri \u018fl\u00f6vs\u0259t M\u0259mm\u0259dovun r\u0259hb\u0259rliyi il\u0259 m\u00fcharib\u0259 veteranlar\u0131m\u0131z Beyl\u0259qan rayonu Heyd\u0259r \u018fliyev M\u0259rk\u0259zind\u0259 \u015f\u0259hid Barat Nizami o\u011flu Quliyevin Ad g\u00fcn\u00fc m\u0259rasimind\u0259 i\u015ftirak edibl\u0259r.<\/p>\n\n\n\n<figure class=\"wp-block-gallery columns-1 is-cropped wp-block-gallery-1 is-layout-flex wp-block-gallery-is-layout-flex\"><ul class=\"blocks-gallery-grid\"><li class=\"blocks-gallery-item\"><figure><img loading=\"lazy\" decoding=\"async\" width=\"485\" height=\"1024\" src=\"https:\/\/fedai.az\/wp-content\/uploads\/2021\/12\/265369816_1257985141377325_3359314890006362145_n-485x1024.jpg\" alt=\"\" data-id=\"57258\" data-link=\"https:\/\/fedai.az\/?attachment_id=57258\" class=\"wp-image-57258\" srcset=\"https:\/\/fedai.az\/wp-content\/uploads\/2021\/12\/265369816_1257985141377325_3359314890006362145_n-485x1024.jpg 485w, https:\/\/fedai.az\/wp-content\/uploads\/2021\/12\/265369816_1257985141377325_3359314890006362145_n-142x300.jpg 142w, https:\/\/fedai.az\/wp-content\/uploads\/2021\/12\/265369816_1257985141377325_3359314890006362145_n-71x150.jpg 71w, https:\/\/fedai.az\/wp-content\/uploads\/2021\/12\/265369816_1257985141377325_3359314890006362145_n.jpg 489w\" sizes=\"auto, (max-width: 485px) 100vw, 485px\" \/><\/figure><\/li><\/ul><\/figure>\n\n\n\n<p>\u015e\u0259hid Barat Nizami o\u011flu Quliyevin d\u00f6y\u00fc\u015f yolundan s\u00f6z a\u00e7\u0131l\u0131b v\u0259 onun F\u00fczuli, Z\u0259ngilan, C\u0259bray\u0131l v\u0259 Qubadl\u0131 rayonlar\u0131 u\u011frunda ged\u0259n d\u00f6y\u00fc\u015fl\u0259rd\u0259 g\u00f6st\u0259rdiyi q\u0259hr\u0259manl\u0131qlardan s\u00f6z a\u00e7m\u0131\u015flar.<\/p>\n\n\n\n<p>T\u0259dbird\u0259 m\u00fcharib\u0259 veteranlar\u0131 il\u0259 yana\u015f\u0131, \u015f\u0259hid ail\u0259l\u0259ri v\u0259 inc\u0259s\u0259n\u0259t n\u00fcmay\u0259nd\u0259l\u0259ri d\u0259 i\u015ftirak edirdil\u0259r.<\/p>\n\n\n\n<figure class=\"wp-block-image size-large\"><img loading=\"lazy\" decoding=\"async\" width=\"1024\" height=\"485\" src=\"https:\/\/fedai.az\/wp-content\/uploads\/2021\/12\/269709938_449444283431301_1996510405789998477_n-1024x485.jpg\" alt=\"\" class=\"wp-image-57259\" srcset=\"https:\/\/fedai.az\/wp-content\/uploads\/2021\/12\/269709938_449444283431301_1996510405789998477_n-1024x485.jpg 1024w, https:\/\/fedai.az\/wp-content\/uploads\/2021\/12\/269709938_449444283431301_1996510405789998477_n-300x142.jpg 300w, https:\/\/fedai.az\/wp-content\/uploads\/2021\/12\/269709938_449444283431301_1996510405789998477_n-150x71.jpg 150w, https:\/\/fedai.az\/wp-content\/uploads\/2021\/12\/269709938_449444283431301_1996510405789998477_n-768x364.jpg 768w, https:\/\/fedai.az\/wp-content\/uploads\/2021\/12\/269709938_449444283431301_1996510405789998477_n.jpg 1032w\" sizes=\"auto, (max-width: 1024px) 100vw, 1024px\" \/><\/figure>\n\n\n\n<p>Az\u0259rbaycan V\u0259t\u0259n M\u00fcharib\u0259si Veteranlar\u0131 \u0130ctimai Birliyi (AVMV\u0130B) Beyl\u0259qan rayon \u015f\u00f6b\u0259sinin s\u0259dri \u018fl\u00f6vs\u0259t M\u0259mm\u0259dov \u00e7\u0131x\u0131\u015f ed\u0259r\u0259k daim \u015f\u0259hid ail\u0259l\u0259rinin yan\u0131nda olduqlar\u0131n\u0131 bildirdil\u0259r. Qeyd etdil\u0259r ki, \u015f\u0259hidl\u0259rin ail\u0259l\u0259ri o m\u00fcq\u0259dd\u0259sl\u0259rin bizl\u0259r\u0259 \u0259man\u0259tidir.<\/p>\n\n\n\n<p>Az\u0259rbaycan V\u0259t\u0259n M\u00fcharib\u0259si Veteranlar\u0131 \u0130ctimai Birliyi (AVMV\u0130B) s\u0259dri F\u00fczuli Rzaquliyevin imzalad\u0131\u011f\u0131 F\u0259xri f\u0259rman \u015f\u0259hid Barat Quliyevin valideynl\u0259rin\u0259 t\u0259qdim olundu.<\/p>\n\n\n\n<p><strong>Allah \u015f\u0259hidl\u0259rimiz\u0259 r\u0259hm\u0259t el\u0259sin!<\/strong><\/p>\n\n\n\n<p><strong>El\u00e7in Q\u0259dirov<br>Qaraba\u011f \u00fczr\u0259 m\u00fcxbir, Beyl\u0259qan<\/strong><\/p>\n\n\n\n<figure class=\"wp-block-image size-large\"><img loading=\"lazy\" decoding=\"async\" width=\"1024\" height=\"485\" src=\"https:\/\/fedai.az\/wp-content\/uploads\/2021\/12\/269459537_616296919635026_9214428365112624318_n-1024x485.jpg\" alt=\"\" class=\"wp-image-57260\" srcset=\"https:\/\/fedai.az\/wp-content\/uploads\/2021\/12\/269459537_616296919635026_9214428365112624318_n-1024x485.jpg 1024w, https:\/\/fedai.az\/wp-content\/uploads\/2021\/12\/269459537_616296919635026_9214428365112624318_n-300x142.jpg 300w, https:\/\/fedai.az\/wp-content\/uploads\/2021\/12\/269459537_616296919635026_9214428365112624318_n-150x71.jpg 150w, https:\/\/fedai.az\/wp-content\/uploads\/2021\/12\/269459537_616296919635026_9214428365112624318_n-768x364.jpg 768w, https:\/\/fedai.az\/wp-content\/uploads\/2021\/12\/269459537_616296919635026_9214428365112624318_n.jpg 1032w\" sizes=\"auto, (max-width: 1024px) 100vw, 1024px\" \/><\/figure>\n\n\n\n<figure class=\"wp-block-image size-large\"><img loading=\"lazy\" decoding=\"async\" width=\"1024\" height=\"485\" src=\"https:\/\/fedai.az\/wp-content\/uploads\/2021\/12\/265541140_4568995066530022_7350355143930686818_n-1024x485.jpg\" alt=\"\" class=\"wp-image-57261\" srcset=\"https:\/\/fedai.az\/wp-content\/uploads\/2021\/12\/265541140_4568995066530022_7350355143930686818_n-1024x485.jpg 1024w, https:\/\/fedai.az\/wp-content\/uploads\/2021\/12\/265541140_4568995066530022_7350355143930686818_n-300x142.jpg 300w, https:\/\/fedai.az\/wp-content\/uploads\/2021\/12\/265541140_4568995066530022_7350355143930686818_n-150x71.jpg 150w, https:\/\/fedai.az\/wp-content\/uploads\/2021\/12\/265541140_4568995066530022_7350355143930686818_n-768x364.jpg 768w, https:\/\/fedai.az\/wp-content\/uploads\/2021\/12\/265541140_4568995066530022_7350355143930686818_n.jpg 1032w\" sizes=\"auto, (max-width: 1024px) 100vw, 1024px\" \/><\/figure>\n\n\n\n<figure class=\"wp-block-image size-large\"><img loading=\"lazy\" decoding=\"async\" width=\"1024\" height=\"485\" src=\"https:\/\/fedai.az\/wp-content\/uploads\/2021\/12\/269631322_914009915926178_2009303362252147945_n-1024x485.jpg\" alt=\"\" class=\"wp-image-57263\" srcset=\"https:\/\/fedai.az\/wp-content\/uploads\/2021\/12\/269631322_914009915926178_2009303362252147945_n-1024x485.jpg 1024w, https:\/\/fedai.az\/wp-content\/uploads\/2021\/12\/269631322_914009915926178_2009303362252147945_n-300x142.jpg 300w, https:\/\/fedai.az\/wp-content\/uploads\/2021\/12\/269631322_914009915926178_2009303362252147945_n-150x71.jpg 150w, https:\/\/fedai.az\/wp-content\/uploads\/2021\/12\/269631322_914009915926178_2009303362252147945_n-768x364.jpg 768w, https:\/\/fedai.az\/wp-content\/uploads\/2021\/12\/269631322_914009915926178_2009303362252147945_n.jpg 1032w\" sizes=\"auto, (max-width: 1024px) 100vw, 1024px\" \/><\/figure>\n","protected":false},"excerpt":{"rendered":"<p>Az\u0259rbaycan V\u0259t\u0259n M\u00fcharib\u0259si Veteranlar\u0131 \u0130ctimai Birliyi (AVMV\u0130B) Xocav\u0259nd v\u0259 Az\u0259rbaycan V\u0259t\u0259n M\u00fcharib\u0259si Veteranlar\u0131 \u0130ctimai Birliyi (AVMV\u0130B) Beyl\u0259qan rayon \u015f\u00f6b\u0259si veteranlar\u0131 \u015f\u0259hidl\u0259rimizl\u0259 ba\u011fl\u0131 silsil\u0259 t\u0259dbirl\u0259ri<\/p>\n","protected":false},"author":2,"featured_media":57262,"comment_status":"closed","ping_status":"closed","sticky":false,"template":"","format":"standard","meta":{"footnotes":""},"categories":[5],"tags":[],"class_list":["post-57257","post","type-post","status-publish","format-standard","has-post-thumbnail","hentry","category-veteran"],"aioseo_notices":[],"_links":{"self":[{"href":"https:\/\/fedai.az\/index.php?rest_route=\/wp\/v2\/posts\/57257","targetHints":{"allow":["GET"]}}],"collection":[{"href":"https:\/\/fedai.az\/index.php?rest_route=\/wp\/v2\/posts"}],"about":[{"href":"https:\/\/fedai.az\/index.php?rest_route=\/wp\/v2\/types\/post"}],"author":[{"embeddable":true,"href":"https:\/\/fedai.az\/index.php?rest_route=\/wp\/v2\/users\/2"}],"replies":[{"embeddable":true,"href":"https:\/\/fedai.az\/index.php?rest_route=%2Fwp%2Fv2%2Fcomments&post=57257"}],"version-history":[{"count":1,"href":"https:\/\/fedai.az\/index.php?rest_route=\/wp\/v2\/posts\/57257\/revisions"}],"predecessor-version":[{"id":57264,"href":"https:\/\/fedai.az\/index.php?rest_route=\/wp\/v2\/posts\/57257\/revisions\/57264"}],"wp:featuredmedia":[{"embeddable":true,"href":"https:\/\/fedai.az\/index.php?rest_route=\/wp\/v2\/media\/57262"}],"wp:attachment":[{"href":"https:\/\/fedai.az\/index.php?rest_route=%2Fwp%2Fv2%2Fmedia&parent=57257"}],"wp:term":[{"taxonomy":"category","embeddable":true,"href":"https:\/\/fedai.az\/index.php?rest_route=%2Fwp%2Fv2%2Fcategories&post=57257"},{"taxonomy":"post_tag","embeddable":true,"href":"https:\/\/fedai.az\/index.php?rest_route=%2Fwp%2Fv2%2Ftags&post=57257"}],"curies":[{"name":"wp","href":"https:\/\/api.w.org\/{rel}","templated":true}]}}