{"id":57265,"date":"2021-12-23T11:18:28","date_gmt":"2021-12-23T07:18:28","guid":{"rendered":"https:\/\/fedai.az\/?p=57265"},"modified":"2021-12-23T11:18:31","modified_gmt":"2021-12-23T07:18:31","slug":"erm%c9%99ni-h%c9%99rbci-k%c9%99lb%c9%99c%c9%99ri-yandirdiq-dagitdiq-video","status":"publish","type":"post","link":"https:\/\/fedai.az\/?p=57265","title":{"rendered":"Erm\u0259ni h\u0259rb\u00e7i: K\u0259lb\u0259c\u0259ri yand\u0131rd\u0131q, da\u011f\u0131td\u0131q&#8230; &#8212; Video"},"content":{"rendered":"\n<p><strong>Birinci Qaraba\u011f m\u00fcharib\u0259sind\u0259 d\u00f6y\u00fc\u015f\u0259n erm\u0259ni h\u0259rb\u00e7inin i\u015f\u011fal olunmu\u015f Az\u0259rbaycan \u0259razil\u0259ri ba\u011fl\u0131 etiraflar\u0131n\u0131n yer ald\u0131\u011f\u0131 video sosial \u015f\u0259b\u0259k\u0259l\u0259rd\u0259 yay\u0131l\u0131b.<\/strong><\/p>\n\n\n\n<p>Axar.az\u00a0x\u0259b\u0259r verir ki, Erm\u0259nistan\u0131n \u201cLratvakan\u201d radionun efirind\u0259 \u00e7\u0131x\u0131\u015f ed\u0259n erm\u0259ni h\u0259rb\u00e7i La\u00e7\u0131n v\u0259 K\u0259lb\u0259c\u0259ri da\u011f\u0131td\u0131qlar\u0131n\u0131 etiraf edir:<\/p>\n\n\n\n<p>\u201cBiz La\u00e7\u0131n\u0131, K\u0259lb\u0259c\u0259ri \u201cazad etdik\u201d, amma h\u0259r \u015feyi yand\u0131rd\u0131q, da\u011f\u0131td\u0131q. Buna g\u00f6r\u0259 bizim indi iqtisadiyyat\u0131m\u0131z yoxdur. T\u0259s\u0259vv\u00fcr edin, \u0259g\u0259r b\u00fct\u00fcn \u201cazad olunmu\u015f\u201d \u0259razil\u0259rd\u0259 iqtisadiyyat olsayd\u0131, n\u0259l\u0259r olard\u0131. A\u011fdam 5 Xank\u0259ndi \u0259razisin\u0259 b\u0259rab\u0259rdir. A\u011fdam b\u00fct\u00fcn iqtisadiyyat\u0131 il\u0259 Erm\u0259nistana xidm\u0259t ed\u0259rdi.<\/p>\n\n\n\n<p>Fransa erm\u0259nisi Armenak Abramyanla m\u0259n K\u0259lb\u0259c\u0259rd\u0259 ev-ev g\u0259zirdik ki, \u0259razini yand\u0131rmas\u0131nlar. Onlara deyirdik ki, \u201cbu bizim evl\u0259rimizdir, \u00f6lk\u0259mizdir yand\u0131rmay\u0131n\u201d. Amma onlardan el\u0259l\u0259ri var idi ki, sanki yand\u0131rmaq, da\u011f\u0131tmaq \u00fc\u00e7\u00fcn t\u0259limat alm\u0131\u015fd\u0131lar. O zaman \u0130r\u0259vanda acl\u0131q idi, qaz da yox idi. K\u0259lb\u0259c\u0259rd\u0259 is\u0259 ki\u00e7ik v\u0259 b\u00f6y\u00fck qaz balonlar\u0131 var idi v\u0259 onlar\u0131 partlad\u0131rd\u0131lar. He\u00e7 olmasa fikirl\u0259\u015f\u0259rdil\u0259r laz\u0131mi \u015feyl\u0259ri \u00e7\u0131xarard\u0131lar\u201d.<\/p>\n\n\n\n<p><strong>P.S. D\u00fc\u015fm\u0259n h\u0259l\u0259 d\u0259 \u00f6z iyr\u0259nc x\u0259yallar\u0131ndan \u0259l \u00e7\u0259km\u0259diyi ortadad\u0131r. Erm\u0259nil\u0259r\u0259 h\u0259l\u0259 d\u0259 inananlar yax\u015f\u0131-yax\u015f\u0131 bu kadrlara bax\u0131n&#8230;<\/strong><\/p>\n\n\n\n<figure class=\"wp-block-embed is-type-video is-provider-youtube wp-block-embed-youtube wp-embed-aspect-16-9 wp-has-aspect-ratio\"><div class=\"wp-block-embed__wrapper\">\n<iframe loading=\"lazy\" title=\"\u0410\u0420\u041c\u042f\u041d\u0421\u041a\u0418\u0419 \u0412\u041e\u0415\u041d\u041d\u042b\u0419:\u041c\u042b \u0421\u041e\u0416\u0413\u041b\u0418 \u0418 \u0420\u0410\u0417\u0413\u0420\u0410\u0411\u0418\u041b\u0418 \u041a\u0415\u041b\u042c\u0411\u0410\u0414\u0416\u0410\u0420 ( 2 \u0427\u0410\u0421\u0422\u042c)\" width=\"715\" height=\"402\" src=\"https:\/\/www.youtube.com\/embed\/6hvRx18GqKo?feature=oembed\" frameborder=\"0\" allow=\"accelerometer; autoplay; clipboard-write; encrypted-media; gyroscope; picture-in-picture\" allowfullscreen><\/iframe>\n<\/div><\/figure>\n","protected":false},"excerpt":{"rendered":"<p>Birinci Qaraba\u011f m\u00fcharib\u0259sind\u0259 d\u00f6y\u00fc\u015f\u0259n erm\u0259ni h\u0259rb\u00e7inin i\u015f\u011fal olunmu\u015f Az\u0259rbaycan \u0259razil\u0259ri ba\u011fl\u0131 etiraflar\u0131n\u0131n yer ald\u0131\u011f\u0131 video sosial \u015f\u0259b\u0259k\u0259l\u0259rd\u0259 yay\u0131l\u0131b. Axar.az\u00a0x\u0259b\u0259r verir ki, Erm\u0259nistan\u0131n \u201cLratvakan\u201d radionun<\/p>\n","protected":false},"author":2,"featured_media":57266,"comment_status":"closed","ping_status":"closed","sticky":false,"template":"","format":"standard","meta":{"footnotes":""},"categories":[4],"tags":[],"class_list":["post-57265","post","type-post","status-publish","format-standard","has-post-thumbnail","hentry","category-qarabag"],"aioseo_notices":[],"_links":{"self":[{"href":"https:\/\/fedai.az\/index.php?rest_route=\/wp\/v2\/posts\/57265","targetHints":{"allow":["GET"]}}],"collection":[{"href":"https:\/\/fedai.az\/index.php?rest_route=\/wp\/v2\/posts"}],"about":[{"href":"https:\/\/fedai.az\/index.php?rest_route=\/wp\/v2\/types\/post"}],"author":[{"embeddable":true,"href":"https:\/\/fedai.az\/index.php?rest_route=\/wp\/v2\/users\/2"}],"replies":[{"embeddable":true,"href":"https:\/\/fedai.az\/index.php?rest_route=%2Fwp%2Fv2%2Fcomments&post=57265"}],"version-history":[{"count":1,"href":"https:\/\/fedai.az\/index.php?rest_route=\/wp\/v2\/posts\/57265\/revisions"}],"predecessor-version":[{"id":57267,"href":"https:\/\/fedai.az\/index.php?rest_route=\/wp\/v2\/posts\/57265\/revisions\/57267"}],"wp:featuredmedia":[{"embeddable":true,"href":"https:\/\/fedai.az\/index.php?rest_route=\/wp\/v2\/media\/57266"}],"wp:attachment":[{"href":"https:\/\/fedai.az\/index.php?rest_route=%2Fwp%2Fv2%2Fmedia&parent=57265"}],"wp:term":[{"taxonomy":"category","embeddable":true,"href":"https:\/\/fedai.az\/index.php?rest_route=%2Fwp%2Fv2%2Fcategories&post=57265"},{"taxonomy":"post_tag","embeddable":true,"href":"https:\/\/fedai.az\/index.php?rest_route=%2Fwp%2Fv2%2Ftags&post=57265"}],"curies":[{"name":"wp","href":"https:\/\/api.w.org\/{rel}","templated":true}]}}