{"id":57272,"date":"2021-12-23T11:55:16","date_gmt":"2021-12-23T07:55:16","guid":{"rendered":"https:\/\/fedai.az\/?p=57272"},"modified":"2021-12-23T11:55:19","modified_gmt":"2021-12-23T07:55:19","slug":"qaz-saygaclarini-sifirlamaq-ist%c9%99y%c9%99nl%c9%99rin-n%c9%99z%c9%99rin%c9%99-bu-nomr%c9%99y%c9%99-sms-gond%c9%99rin","status":"publish","type":"post","link":"https:\/\/fedai.az\/?p=57272","title":{"rendered":"Qaz say\u011faclar\u0131n\u0131 s\u0131f\u0131rlamaq ist\u0259y\u0259nl\u0259rin N\u018fZ\u018fR\u0130N\u018f! &#8212; Bu n\u00f6mr\u0259y\u0259 SMS g\u00f6nd\u0259rin"},"content":{"rendered":"\n<p><strong>Say\u011faclar\u0131n s\u0131f\u0131rlanmas\u0131n\u0131n yanvar ay\u0131n\u0131n 10-d\u0259k davam etm\u0259si abonentl\u0259rd\u0259 suallar yarad\u0131b.<\/strong><\/p>\n\n\n\n<p>H\u0259r il mexaniki say\u011fac istifad\u0259\u00e7isi olan abonentl\u0259rin qaz say\u011faclar\u0131n\u0131n son g\u00f6st\u0259ricil\u0259ri &#171;Az\u0259riqaz&#187; \u0130stehsalat Birliyinin i\u015f\u00e7il\u0259ri t\u0259r\u0259find\u0259n n\u00f6vb\u0259ti ilin yanvar ay\u0131n\u0131n 10-d\u0259k s\u0131f\u0131rlan\u0131r.<\/p>\n\n\n\n<p>Bu is\u0259 el\u0259 bir m\u0259nz\u0259r\u0259 yarad\u0131r ki, yanvar ay\u0131n\u0131n 10-d\u0259k olan m\u00fcdd\u0259td\u0259 s\u0259rf olunan qaz \u00f6nc\u0259ki ilin dekabr ay\u0131n\u0131n s\u0259rfiyyat\u0131na \u0259lav\u0259 olunur v\u0259 illik limiti ke\u00e7\u0259rs\u0259, onda v\u0259t\u0259nda\u015f \u00f6d\u0259ni\u015fi daha baha olan qaz tarifi il\u0259 \u00f6d\u0259m\u0259lidir.<\/p>\n\n\n\n<p>M\u0259s\u0259l\u0259 il\u0259 ba\u011fl\u0131 &#171;Az\u0259riqaz&#187;\u0131n m\u0259tbuat xidm\u0259tinin r\u0259hb\u0259ri Eld\u0259niz V\u0259liyev &#171;X\u0259z\u0259r X\u0259b\u0259r&#187;\u0259 a\u00e7\u0131qlamas\u0131nda bildirib ki, say\u011faclar\u0131n s\u0131f\u0131rlanmas\u0131n\u0131n yanvar ay\u0131n\u0131n 10-d\u0259k davam etm\u0259si i\u015f\u00e7i hey\u0259tinin bu prosesi fiziki olaraq \u00e7atd\u0131rmamas\u0131 il\u0259 ba\u011fl\u0131d\u0131r.<\/p>\n\n\n\n<p>Eld\u0259niz V\u0259liyev say\u011faclar\u0131n s\u0131f\u0131rlanmas\u0131n\u0131n \u0259lav\u0259 he\u00e7 bir \u00f6d\u0259ni\u015f\u0259 s\u0259b\u0259b olmad\u0131\u011f\u0131n\u0131 bildirib. Onun s\u00f6zl\u0259rin\u0259 g\u00f6r\u0259, say\u011faclar\u0131n illik qaz limiti s\u0131f\u0131rland\u0131\u011f\u0131 g\u00fcnd\u0259n hesablan\u0131r. Y\u0259ni h\u0259r bir abonent bu ilin yanvar\u0131n 10-dan n\u00f6vb\u0259ti ilin yanvar ay\u0131n\u0131n 10-d\u0259k ke\u00e7\u0259n bir il m\u00fcdd\u0259tind\u0259 qoyulmu\u015f limitd\u0259n istifad\u0259 edir.<\/p>\n\n\n\n<p>&#171;Az\u0259riqaz&#187; r\u0259smisi limitl\u0259rin yeni ilin ilk g\u00fcn\u00fc avtomatik silinm\u0259si \u00fc\u00e7\u00fcn i\u015fl\u0259r apar\u0131ld\u0131\u011f\u0131n\u0131 da vur\u011fulay\u0131b. Bunun \u00fc\u00e7\u00fcn say\u011faclara m\u00fcasir avadanl\u0131qlar qura\u015fd\u0131r\u0131lacaq.<\/p>\n\n\n\n<p>S\u0131f\u0131rlanma prosesind\u0259 problem ya\u015fayan abonentl\u0259r&nbsp;<strong>077-310-41-04<\/strong>&nbsp;&#171;whatsapp&#187; n\u00f6mr\u0259sin\u0259 say\u011fac\u0131n \u00fcz qab\u0131\u011f\u0131n\u0131 \u00e7\u0259kib ata bil\u0259rl\u0259r.<\/p>\n\n\n\n<p>Qeyd ed\u0259k ki, 16 oktyabr 2021-ci il tarixd\u0259 Tarif \u015euras\u0131n\u0131n verdiyi q\u0259rara \u0259sas\u0259n, \u0259halinin illik istehlak\u0131n\u0131n 1200 m3-d\u0259k olan hiss\u0259si \u00fc\u00e7\u00fcn tarifl\u0259r 12 q\u0259pik t\u0259\u015fkil edir. 1200-2500 m3-d\u0259k 20 q\u0259pik v\u0259 2500 m3-d\u0259n \u00e7ox qaz s\u0259rf ed\u0259nl\u0259r \u00fc\u00e7\u00fcn is\u0259 tarif 25 q\u0259pikdir.<\/p>\n\n\n\n<figure class=\"wp-block-embed is-type-video is-provider-youtube wp-block-embed-youtube wp-embed-aspect-16-9 wp-has-aspect-ratio\"><div class=\"wp-block-embed__wrapper\">\n<iframe loading=\"lazy\" title=\"Say\u011faclar\u0131n s\u0131f\u0131rlanmas\u0131n\u0131n yanvar\u0131n 10-d\u0259k apar\u0131lmas\u0131 suallar yarad\u0131b - &quot;Az\u0259riqaz&quot;dan CAVAB\" width=\"715\" height=\"402\" src=\"https:\/\/www.youtube.com\/embed\/USyTKv63Gy8?feature=oembed\" frameborder=\"0\" allow=\"accelerometer; autoplay; clipboard-write; encrypted-media; gyroscope; picture-in-picture\" allowfullscreen><\/iframe>\n<\/div><\/figure>\n","protected":false},"excerpt":{"rendered":"<p>Say\u011faclar\u0131n s\u0131f\u0131rlanmas\u0131n\u0131n yanvar ay\u0131n\u0131n 10-d\u0259k davam etm\u0259si abonentl\u0259rd\u0259 suallar yarad\u0131b. H\u0259r il mexaniki say\u011fac istifad\u0259\u00e7isi olan abonentl\u0259rin qaz say\u011faclar\u0131n\u0131n son g\u00f6st\u0259ricil\u0259ri &#171;Az\u0259riqaz&#187; \u0130stehsalat Birliyinin<\/p>\n","protected":false},"author":2,"featured_media":57273,"comment_status":"closed","ping_status":"closed","sticky":false,"template":"","format":"standard","meta":{"footnotes":""},"categories":[12],"tags":[],"class_list":["post-57272","post","type-post","status-publish","format-standard","has-post-thumbnail","hentry","category-sosial"],"aioseo_notices":[],"_links":{"self":[{"href":"https:\/\/fedai.az\/index.php?rest_route=\/wp\/v2\/posts\/57272","targetHints":{"allow":["GET"]}}],"collection":[{"href":"https:\/\/fedai.az\/index.php?rest_route=\/wp\/v2\/posts"}],"about":[{"href":"https:\/\/fedai.az\/index.php?rest_route=\/wp\/v2\/types\/post"}],"author":[{"embeddable":true,"href":"https:\/\/fedai.az\/index.php?rest_route=\/wp\/v2\/users\/2"}],"replies":[{"embeddable":true,"href":"https:\/\/fedai.az\/index.php?rest_route=%2Fwp%2Fv2%2Fcomments&post=57272"}],"version-history":[{"count":1,"href":"https:\/\/fedai.az\/index.php?rest_route=\/wp\/v2\/posts\/57272\/revisions"}],"predecessor-version":[{"id":57274,"href":"https:\/\/fedai.az\/index.php?rest_route=\/wp\/v2\/posts\/57272\/revisions\/57274"}],"wp:featuredmedia":[{"embeddable":true,"href":"https:\/\/fedai.az\/index.php?rest_route=\/wp\/v2\/media\/57273"}],"wp:attachment":[{"href":"https:\/\/fedai.az\/index.php?rest_route=%2Fwp%2Fv2%2Fmedia&parent=57272"}],"wp:term":[{"taxonomy":"category","embeddable":true,"href":"https:\/\/fedai.az\/index.php?rest_route=%2Fwp%2Fv2%2Fcategories&post=57272"},{"taxonomy":"post_tag","embeddable":true,"href":"https:\/\/fedai.az\/index.php?rest_route=%2Fwp%2Fv2%2Ftags&post=57272"}],"curies":[{"name":"wp","href":"https:\/\/api.w.org\/{rel}","templated":true}]}}